{"id":1794,"date":"2007-04-02T14:49:00","date_gmt":"2007-04-02T17:49:00","guid":{"rendered":"https:\/\/abrelivros.org.br\/site\/2007\/04\/02\/colecao-de-cadernos-fortalece-a-educacao-de-jovens-e-adultos\/"},"modified":"2007-04-02T14:49:00","modified_gmt":"2007-04-02T17:49:00","slug":"colecao-de-cadernos-fortalece-a-educacao-de-jovens-e-adultos","status":"publish","type":"post","link":"https:\/\/abrelivros.org.br\/site\/colecao-de-cadernos-fortalece-a-educacao-de-jovens-e-adultos\/","title":{"rendered":"Cole\u00e7\u00e3o de cadernos fortalece a educa\u00e7\u00e3o de jovens e adultos"},"content":{"rendered":"<p>O mundo do trabalho \u00e9 o tema central da cole\u00e7\u00e3o Cadernos de EJA (educa\u00e7\u00e3o de jovens e adultos) que o Minist\u00e9rio da Educa\u00e7\u00e3o est\u00e1 enviando \u00e0s escolas e agentes p\u00fablicos que trabalham na \u00e1rea. A cole\u00e7\u00e3o tem 14 volumes para uso do professor do ensino fundamental que leciona em classes da educa\u00e7\u00e3o de jovens e adultos e 13 cadernos para atividades dos alunos na sala de aula.\u00a0<br \/> \u00a0<br \/> Para a coordenadora de educa\u00e7\u00e3o de jovens e adultos da Secretaria de Educa\u00e7\u00e3o Continuada, Alfabetiza\u00e7\u00e3o e Diversidade (Secad\/MEC), Cl\u00e1udia Veloso, ao abordar o trabalho sob 13 diferentes \u00e2ngulos \u2013 mulher e trabalho, seguran\u00e7a e sa\u00fade no trabalho, economia solid\u00e1ria e trabalho, trabalho no campo \u2013 a cole\u00e7\u00e3o est\u00e1 atenta ao mundo de jovens e adultos que v\u00eam do trabalho para a escola e pela linguagem que eles dominam. Composta de textos atuais de g\u00eaneros diferentes, tais como not\u00edcia, novela, conto, Cadernos de EJA t\u00eam o objetivo despertar nos adultos o interesse pela leitura.\u00a0<br \/> \u00a0<br \/> Com tiragem de 50 mil kits de 27 volumes impressos e seis mil CDs (com o mesmo conte\u00fado), a cole\u00e7\u00e3o permite ao professor estruturar seu trabalho de acordo com a realidade local ou regional. Se o professor, por exemplo, tem uma classe onde predominam trabalhadores rurais, ele poder\u00e1 come\u00e7ar a atividade com o caderno Trabalho no Campo. Este caderno, explica Cl\u00e1udia Veloso, traz, entre outros, textos sobre agricultura familiar, biodiesel, o mundo dos canaviais, crimes do latif\u00fandio, demarca\u00e7\u00e3o de terras ind\u00edgenas. Cada publica\u00e7\u00e3o \u00e9 enriquecida com textos liter\u00e1rios e ilustra\u00e7\u00f5es. No caderno Trabalho no Campo, os alunos poder\u00e3o ler o poema Falando S\u00e9rio, de Luis Fernando Ver\u00edssimo, e o conto ind\u00edgena Um Homem que Trabalhou o ano Todo, de Yanahim Mahala Waura.\u00a0<br \/> \u00a0<br \/> A coordenadora de EJA explica que o material oferecido pelo MEC \u00e0s redes p\u00fablicas de ensino, n\u00e3o \u00e9 de uso obrigat\u00f3rio, mas uma alternativa para o professor nas tarefas de planejamento e organiza\u00e7\u00e3o da atividade de forma\u00e7\u00e3o do aluno. Os 13 cadernos do professor sugerem atividades para todas as disciplinas do ensino fundamental e correspondem aos temas dos cadernos do aluno. O professor recebe tamb\u00e9m um caderno metodol\u00f3gico que mostra as possibilidades de uso da cole\u00e7\u00e3o da 1\u00aa a 8\u00aa s\u00e9rie do ensino fundamental. Cl\u00e1udia Veloso informa que 80% da cole\u00e7\u00e3o impressa e em CD j\u00e1 foram para as escolas e redes p\u00fablicas.\u00a0<br \/> \u00a0<br \/> Quem recebe \u2014 A cole\u00e7\u00e3o impressa segue para 42.733 escolas que ofereceram ensino fundamental para jovens e adultos em 2006 e para as 26 secretarias estaduais de educa\u00e7\u00e3o e do Distrito Federal. Recebem uma cole\u00e7\u00e3o impressa e um conjunto de CDs: coordena\u00e7\u00f5es estaduais de EJA, 3.733 secretarias municipais de educa\u00e7\u00e3o que tinham classes de jovens e adultos em 2006, n\u00facleos de pesquisas sobre EJA das institui\u00e7\u00f5es de ensino superior e os f\u00f3runs estaduais e regionais de educa\u00e7\u00e3o de jovens e adultos. As 1.830 secretarias municipais de educa\u00e7\u00e3o que n\u00e3o tinham classes de EJA em 2006 recebem um conjunto de CDs.\u00a0<br \/> \u00a0<br \/> Saiba mais sobre os <a href=\"http:\/\/portal.mec.gov.br\/arquivos\/pdf\/cad_eja.pdf\" target=\"_blank\" rel=\"noopener noreferrer\">Cadernos de Educa\u00e7\u00e3o de Jovens e Adultos<\/a><\/p>\n<p><\/p>\n","protected":false},"excerpt":{"rendered":"<p>O mundo do trabalho \u00e9 o tema central da cole\u00e7\u00e3o Cadernos de EJA (educa\u00e7\u00e3o de jovens e adultos) que o Minist\u00e9rio da Educa\u00e7\u00e3o est\u00e1 enviando \u00e0s escolas e agentes p\u00fablicos que trabalham na \u00e1rea. A cole\u00e7\u00e3o tem 14 volumes para uso do professor do ensino fundamental que leciona em classes da educa\u00e7\u00e3o de jovens e [&hellip;]<\/p>\n","protected":false},"author":1,"featured_media":0,"comment_status":"closed","ping_status":"closed","sticky":false,"template":"","format":"standard","meta":{"footnotes":"","_links_to":"","_links_to_target":""},"categories":[9],"tags":[],"class_list":["post-1794","post","type-post","status-publish","format-standard","hentry","category-noticias-da-imprensa"],"yoast_head":"<!-- This site is optimized with the Yoast SEO plugin v15.1 - https:\/\/yoast.com\/wordpress\/plugins\/seo\/ -->\n<title>Cole\u00e7\u00e3o de cadernos fortalece a educa\u00e7\u00e3o de jovens e adultos &raquo; Abrelivros<\/title>\n<meta name=\"robots\" content=\"index, follow, max-snippet:-1, max-image-preview:large, max-video-preview:-1\" \/>\n<link rel=\"canonical\" href=\"https:\/\/abrelivros.org.br\/site\/colecao-de-cadernos-fortalece-a-educacao-de-jovens-e-adultos\/\" \/>\n<meta property=\"og:locale\" content=\"pt_BR\" \/>\n<meta property=\"og:type\" content=\"article\" \/>\n<meta property=\"og:title\" content=\"Cole\u00e7\u00e3o de cadernos fortalece a educa\u00e7\u00e3o de jovens e adultos &raquo; Abrelivros\" \/>\n<meta property=\"og:description\" content=\"O mundo do trabalho \u00e9 o tema central da cole\u00e7\u00e3o Cadernos de EJA (educa\u00e7\u00e3o de jovens e adultos) que o Minist\u00e9rio da Educa\u00e7\u00e3o est\u00e1 enviando \u00e0s escolas e agentes p\u00fablicos que trabalham na \u00e1rea. A cole\u00e7\u00e3o tem 14 volumes para uso do professor do ensino fundamental que leciona em classes da educa\u00e7\u00e3o de jovens e [&hellip;]\" \/>\n<meta property=\"og:url\" content=\"https:\/\/abrelivros.org.br\/site\/colecao-de-cadernos-fortalece-a-educacao-de-jovens-e-adultos\/\" \/>\n<meta property=\"og:site_name\" content=\"Abrelivros\" \/>\n<meta property=\"article:published_time\" content=\"2007-04-02T17:49:00+00:00\" \/>\n<meta name=\"twitter:card\" content=\"summary_large_image\" \/>\n<script type=\"application\/ld+json\" class=\"yoast-schema-graph\">{\"@context\":\"https:\/\/schema.org\",\"@graph\":[{\"@type\":\"WebSite\",\"@id\":\"https:\/\/abrelivros.org.br\/site\/#website\",\"url\":\"https:\/\/abrelivros.org.br\/site\/\",\"name\":\"Abrelivros\",\"description\":\"\",\"potentialAction\":[{\"@type\":\"SearchAction\",\"target\":\"https:\/\/abrelivros.org.br\/site\/?s={search_term_string}\",\"query-input\":\"required name=search_term_string\"}],\"inLanguage\":\"pt-BR\"},{\"@type\":\"WebPage\",\"@id\":\"https:\/\/abrelivros.org.br\/site\/colecao-de-cadernos-fortalece-a-educacao-de-jovens-e-adultos\/#webpage\",\"url\":\"https:\/\/abrelivros.org.br\/site\/colecao-de-cadernos-fortalece-a-educacao-de-jovens-e-adultos\/\",\"name\":\"Cole\\u00e7\\u00e3o de cadernos fortalece a educa\\u00e7\\u00e3o de jovens e adultos &raquo; Abrelivros\",\"isPartOf\":{\"@id\":\"https:\/\/abrelivros.org.br\/site\/#website\"},\"datePublished\":\"2007-04-02T17:49:00+00:00\",\"dateModified\":\"2007-04-02T17:49:00+00:00\",\"author\":{\"@id\":\"https:\/\/abrelivros.org.br\/site\/#\/schema\/person\/2b867f13a717bb230f1a3555505f5593\"},\"breadcrumb\":{\"@id\":\"https:\/\/abrelivros.org.br\/site\/colecao-de-cadernos-fortalece-a-educacao-de-jovens-e-adultos\/#breadcrumb\"},\"inLanguage\":\"pt-BR\",\"potentialAction\":[{\"@type\":\"ReadAction\",\"target\":[\"https:\/\/abrelivros.org.br\/site\/colecao-de-cadernos-fortalece-a-educacao-de-jovens-e-adultos\/\"]}]},{\"@type\":\"BreadcrumbList\",\"@id\":\"https:\/\/abrelivros.org.br\/site\/colecao-de-cadernos-fortalece-a-educacao-de-jovens-e-adultos\/#breadcrumb\",\"itemListElement\":[{\"@type\":\"ListItem\",\"position\":1,\"item\":{\"@type\":\"WebPage\",\"@id\":\"https:\/\/abrelivros.org.br\/site\/\",\"url\":\"https:\/\/abrelivros.org.br\/site\/\",\"name\":\"In\\u00edcio\"}},{\"@type\":\"ListItem\",\"position\":2,\"item\":{\"@type\":\"WebPage\",\"@id\":\"https:\/\/abrelivros.org.br\/site\/category\/noticias\/\",\"url\":\"https:\/\/abrelivros.org.br\/site\/category\/noticias\/\",\"name\":\"Not\\u00edcias\"}},{\"@type\":\"ListItem\",\"position\":3,\"item\":{\"@type\":\"WebPage\",\"@id\":\"https:\/\/abrelivros.org.br\/site\/category\/noticias\/noticias-da-imprensa\/\",\"url\":\"https:\/\/abrelivros.org.br\/site\/category\/noticias\/noticias-da-imprensa\/\",\"name\":\"Not\\u00edcias da imprensa\"}},{\"@type\":\"ListItem\",\"position\":4,\"item\":{\"@type\":\"WebPage\",\"@id\":\"https:\/\/abrelivros.org.br\/site\/colecao-de-cadernos-fortalece-a-educacao-de-jovens-e-adultos\/\",\"url\":\"https:\/\/abrelivros.org.br\/site\/colecao-de-cadernos-fortalece-a-educacao-de-jovens-e-adultos\/\",\"name\":\"Cole\\u00e7\\u00e3o de cadernos fortalece a educa\\u00e7\\u00e3o de jovens e adultos\"}}]},{\"@type\":\"Person\",\"@id\":\"https:\/\/abrelivros.org.br\/site\/#\/schema\/person\/2b867f13a717bb230f1a3555505f5593\",\"name\":\"\\u00a0\",\"image\":{\"@type\":\"ImageObject\",\"@id\":\"https:\/\/abrelivros.org.br\/site\/#personlogo\",\"inLanguage\":\"pt-BR\",\"url\":\"https:\/\/secure.gravatar.com\/avatar\/e80b7f5231be2fff5040a8023da424898002831c5439420df182ae62676d2a6f?s=96&d=mm&r=g\",\"caption\":\"\\u00a0\"}}]}<\/script>\n<!-- \/ Yoast SEO plugin. -->","_links":{"self":[{"href":"https:\/\/abrelivros.org.br\/site\/wp-json\/wp\/v2\/posts\/1794","targetHints":{"allow":["GET"]}}],"collection":[{"href":"https:\/\/abrelivros.org.br\/site\/wp-json\/wp\/v2\/posts"}],"about":[{"href":"https:\/\/abrelivros.org.br\/site\/wp-json\/wp\/v2\/types\/post"}],"author":[{"embeddable":true,"href":"https:\/\/abrelivros.org.br\/site\/wp-json\/wp\/v2\/users\/1"}],"replies":[{"embeddable":true,"href":"https:\/\/abrelivros.org.br\/site\/wp-json\/wp\/v2\/comments?post=1794"}],"version-history":[{"count":0,"href":"https:\/\/abrelivros.org.br\/site\/wp-json\/wp\/v2\/posts\/1794\/revisions"}],"wp:attachment":[{"href":"https:\/\/abrelivros.org.br\/site\/wp-json\/wp\/v2\/media?parent=1794"}],"wp:term":[{"taxonomy":"category","embeddable":true,"href":"https:\/\/abrelivros.org.br\/site\/wp-json\/wp\/v2\/categories?post=1794"},{"taxonomy":"post_tag","embeddable":true,"href":"https:\/\/abrelivros.org.br\/site\/wp-json\/wp\/v2\/tags?post=1794"}],"curies":[{"name":"wp","href":"https:\/\/api.w.org\/{rel}","templated":true}]}}