{"id":1791,"date":"2007-04-03T16:03:00","date_gmt":"2007-04-03T19:03:00","guid":{"rendered":"https:\/\/abrelivros.org.br\/site\/2007\/04\/03\/mec-lanca-programa-para-distribuir-novos-acervos-literarios-as-escolas-publicas\/"},"modified":"2007-04-03T16:03:00","modified_gmt":"2007-04-03T19:03:00","slug":"mec-lanca-programa-para-distribuir-novos-acervos-literarios-as-escolas-publicas","status":"publish","type":"post","link":"https:\/\/abrelivros.org.br\/site\/mec-lanca-programa-para-distribuir-novos-acervos-literarios-as-escolas-publicas\/","title":{"rendered":"MEC lan\u00e7a programa para distribuir novos acervos liter\u00e1rios \u00e0s escolas p\u00fablicas"},"content":{"rendered":"<p>Cerca de 30 milh\u00f5es de alunos dos ensinos infantil, fundamental e m\u00e9dio ser\u00e3o beneficiados com os novos acervos liter\u00e1rios que o Minist\u00e9rio da Educa\u00e7\u00e3o vai distribuir em todas as escolas p\u00fablicas em 2008. O ministro Fernando Haddad lan\u00e7ou nesta ter\u00e7a-feira, dia 3, em Bras\u00edlia, o Programa Nacional Biblioteca da Escola para o Ensino M\u00e9dio (Pnbem) e assinou resolu\u00e7\u00f5es que disciplinam o Programa Nacional Biblioteca da Escola (PNBE) e o Programa Nacional do Livro Did\u00e1tico do Ensino M\u00e9dio (Pnlem).\u00a0<br \/> \u00a0<br \/> Segundo Daniel Balaban, presidente do Fundo Nacional de Desenvolvimento da Educa\u00e7\u00e3o (FNDE\/MEC), \u00f3rg\u00e3o gestor dos programas do livro, o novo programa ter\u00e1 um formato de escolha diferente e uma metodologia in\u00e9dita. \u201cN\u00e3o ser\u00e1 necess\u00e1ria, por exemplo, a inscri\u00e7\u00e3o de obras, como \u00e9 praxe nos programas do livro did\u00e1tico\u201d, disse. A Secretaria de Educa\u00e7\u00e3o B\u00e1sica (SEB\/MEC) firmar\u00e1 parceria com a Sociedade Brasileira para o Progresso da Ci\u00eancia (SBPC) para definir os livros mais importantes e direcionados aos alunos de 15 a 18 anos de idade matriculados no ensino m\u00e9dio.\u00a0<br \/> \u00a0<br \/> Das obras constantes do cat\u00e1logo das editoras entre 1990 e 2006, a SBPC vai listar 160. A listagem estar\u00e1 acess\u00edvel na internet para que as escolas escolham as 35 obras de sua prefer\u00eancia. Terminada a escolha, o FNDE vai verificar quais as 80 mais votadas em cada um dos 26 estados e no Distrito Federal e formar 27 acervos com 80 t\u00edtulos.\u00a0<br \/> \u00a0<br \/> Os acervos para as bibliotecas do ensino m\u00e9dio ser\u00e3o compostos por obras de refer\u00eancia, liter\u00e1rias e de pesquisa nas \u00e1reas de ci\u00eancias humanas e suas tecnologias (hist\u00f3ria, geografia, filosofia e sociologia); ci\u00eancias da natureza, matem\u00e1tica e suas tecnologias (qu\u00edmica, f\u00edsica e biologia); e linguagens, c\u00f3digos e suas tecnologias (literatura brasileira, artes, educa\u00e7\u00e3o f\u00edsica e gram\u00e1tica da l\u00edngua portuguesa).\u00a0<br \/> \u00a0<br \/> Dessa forma, cada acervo ser\u00e1 composto por 49 t\u00edtulos de ci\u00eancias humanas e da natureza; 19 t\u00edtulos de literatura brasileira; cinco de artes; cinco de educa\u00e7\u00e3o f\u00edsica e duas gram\u00e1ticas.\u00a0<br \/> \u00a0<br \/> Ser\u00e3o atendidos pelo Pnbem 7.788.593 alunos de 17.049 escolas do ensino m\u00e9dio. O investimento no programa ser\u00e1 de R$ 17.515.347,45.\u00a0<br \/> \u00a0<br \/> O PNBE, voltado para o ensino fundamental, continuar\u00e1 seguindo os moldes tradicionais de execu\u00e7\u00e3o adotados pelo FNDE. Ser\u00e3o abertas as inscri\u00e7\u00f5es para o processo de sele\u00e7\u00e3o das obras de literatura dirigidas \u00e0s escolas de educa\u00e7\u00e3o infantil e as que oferecem as s\u00e9ries iniciais do ensino fundamental (primeira \u00e0 quarta s\u00e9rie ou segundo ao quinto ano) das redes p\u00fablicas municipais, estaduais, federal e do Distrito Federal.\u00a0<br \/> \u00a0<br \/> \u201cDe agora em diante, vamos manter um ciclo de regularidade de distribui\u00e7\u00e3o de acervos liter\u00e1rios dos mais importantes cl\u00e1ssicos contempor\u00e2neos e obras de refer\u00eancia, permitindo, assim, que cada escola receba um acervo novo a cada dois anos e que as escolas de ensino fundamental completo o recebam anualmente\u201d, disse Rafael Torino, diretor de a\u00e7\u00f5es educacionais do FNDE. Segundo ele, a \u00faltima grande compra de obras de literatura ocorreu em 2003.\u00a0<br \/> \u00a0<br \/> Na educa\u00e7\u00e3o infantil ser\u00e3o investidos R$ 11.140.563,20 para atender 5.065.686 alunos de 85.179 escolas. As institui\u00e7\u00f5es com 150 alunos, consideradas de pequeno porte, receber\u00e3o um acervo com 20 t\u00edtulos. Col\u00e9gios com 151 e 300 alunos receber\u00e3o dois acervos. Aqueles com mais de 301 matriculados, tr\u00eas acervos.\u00a0<br \/> \u00a0<br \/> No ensino fundamental, ser\u00e3o investidos R$ 25.622.011,90 para atender 127.661 escolas com 16,43 milh\u00f5es de alunos matriculados. As escolas com at\u00e9 250 alunos v\u00e3o receber um acervo com 20 t\u00edtulos; com 251 a 500, dois acervos; com 501 a 750, tr\u00eas, e com 751 a mil, quatro. Institui\u00e7\u00f5es com mais 1.001 alunos ganhar\u00e3o cinco acervos.\u00a0<br \/> \u00a0<br \/> Os acervos necessariamente contemplar\u00e3o textos em verso (poemas, quadras, parlendas, cantigas, traval\u00ednguas, adivinhas), em prosa (pequenas hist\u00f3rias, novelas, contos, cr\u00f4nicas, textos de dramaturgia, mem\u00f3rias, biografias), livros de imagens e de hist\u00f3rias em quadrinhos, entre os quais se incluem obras cl\u00e1ssicas da literatura universal adaptadas ao p\u00fablico da educa\u00e7\u00e3o infantil e s\u00e9ries e anos iniciais do ensino fundamental.\u00a0<br \/> \u00a0<br \/> O ministro tamb\u00e9m assinou resolu\u00e7\u00e3o que altera o <a href=\"http:\/\/portal.mec.gov.br\/arquivos\/pdf\/fnde_030407.pdf\" target=\"_blank\" rel=\"noopener noreferrer\">cronograma<\/a> de distribui\u00e7\u00e3o dos livros do Pnlem, garantindo a distribui\u00e7\u00e3o de livros de hist\u00f3ria e de qu\u00edmica para 7,7 milh\u00f5es de alunos das tr\u00eas s\u00e9ries do ensino m\u00e9dio p\u00fablico de 15.273 escolas do Pa\u00eds. A previs\u00e3o de compra e reposi\u00e7\u00e3o dos livros did\u00e1ticos de todas as disciplinas vai at\u00e9 2012. Em 2007, ser\u00e3o investidos no programa R$ 246 milh\u00f5es.\u00a0<\/p>\n","protected":false},"excerpt":{"rendered":"<p>Cerca de 30 milh\u00f5es de alunos dos ensinos infantil, fundamental e m\u00e9dio ser\u00e3o beneficiados com os novos acervos liter\u00e1rios que o Minist\u00e9rio da Educa\u00e7\u00e3o vai distribuir em todas as escolas p\u00fablicas em 2008. O ministro Fernando Haddad lan\u00e7ou nesta ter\u00e7a-feira, dia 3, em Bras\u00edlia, o Programa Nacional Biblioteca da Escola para o Ensino M\u00e9dio (Pnbem) [&hellip;]<\/p>\n","protected":false},"author":1,"featured_media":0,"comment_status":"closed","ping_status":"closed","sticky":false,"template":"","format":"standard","meta":{"footnotes":"","_links_to":"","_links_to_target":""},"categories":[9],"tags":[],"class_list":["post-1791","post","type-post","status-publish","format-standard","hentry","category-noticias-da-imprensa"],"yoast_head":"<!-- This site is optimized with the Yoast SEO plugin v15.1 - https:\/\/yoast.com\/wordpress\/plugins\/seo\/ -->\n<title>MEC lan\u00e7a programa para distribuir novos acervos liter\u00e1rios \u00e0s escolas p\u00fablicas &raquo; Abrelivros<\/title>\n<meta name=\"robots\" content=\"index, follow, max-snippet:-1, max-image-preview:large, max-video-preview:-1\" \/>\n<link rel=\"canonical\" href=\"https:\/\/abrelivros.org.br\/site\/mec-lanca-programa-para-distribuir-novos-acervos-literarios-as-escolas-publicas\/\" \/>\n<meta property=\"og:locale\" content=\"pt_BR\" \/>\n<meta property=\"og:type\" content=\"article\" \/>\n<meta property=\"og:title\" content=\"MEC lan\u00e7a programa para distribuir novos acervos liter\u00e1rios \u00e0s escolas p\u00fablicas &raquo; Abrelivros\" \/>\n<meta property=\"og:description\" content=\"Cerca de 30 milh\u00f5es de alunos dos ensinos infantil, fundamental e m\u00e9dio ser\u00e3o beneficiados com os novos acervos liter\u00e1rios que o Minist\u00e9rio da Educa\u00e7\u00e3o vai distribuir em todas as escolas p\u00fablicas em 2008. O ministro Fernando Haddad lan\u00e7ou nesta ter\u00e7a-feira, dia 3, em Bras\u00edlia, o Programa Nacional Biblioteca da Escola para o Ensino M\u00e9dio (Pnbem) [&hellip;]\" \/>\n<meta property=\"og:url\" content=\"https:\/\/abrelivros.org.br\/site\/mec-lanca-programa-para-distribuir-novos-acervos-literarios-as-escolas-publicas\/\" \/>\n<meta property=\"og:site_name\" content=\"Abrelivros\" \/>\n<meta property=\"article:published_time\" content=\"2007-04-03T19:03:00+00:00\" \/>\n<meta name=\"twitter:card\" content=\"summary_large_image\" \/>\n<script type=\"application\/ld+json\" class=\"yoast-schema-graph\">{\"@context\":\"https:\/\/schema.org\",\"@graph\":[{\"@type\":\"WebSite\",\"@id\":\"https:\/\/abrelivros.org.br\/site\/#website\",\"url\":\"https:\/\/abrelivros.org.br\/site\/\",\"name\":\"Abrelivros\",\"description\":\"\",\"potentialAction\":[{\"@type\":\"SearchAction\",\"target\":\"https:\/\/abrelivros.org.br\/site\/?s={search_term_string}\",\"query-input\":\"required name=search_term_string\"}],\"inLanguage\":\"pt-BR\"},{\"@type\":\"WebPage\",\"@id\":\"https:\/\/abrelivros.org.br\/site\/mec-lanca-programa-para-distribuir-novos-acervos-literarios-as-escolas-publicas\/#webpage\",\"url\":\"https:\/\/abrelivros.org.br\/site\/mec-lanca-programa-para-distribuir-novos-acervos-literarios-as-escolas-publicas\/\",\"name\":\"MEC lan\\u00e7a programa para distribuir novos acervos liter\\u00e1rios \\u00e0s escolas p\\u00fablicas &raquo; Abrelivros\",\"isPartOf\":{\"@id\":\"https:\/\/abrelivros.org.br\/site\/#website\"},\"datePublished\":\"2007-04-03T19:03:00+00:00\",\"dateModified\":\"2007-04-03T19:03:00+00:00\",\"author\":{\"@id\":\"https:\/\/abrelivros.org.br\/site\/#\/schema\/person\/2b867f13a717bb230f1a3555505f5593\"},\"breadcrumb\":{\"@id\":\"https:\/\/abrelivros.org.br\/site\/mec-lanca-programa-para-distribuir-novos-acervos-literarios-as-escolas-publicas\/#breadcrumb\"},\"inLanguage\":\"pt-BR\",\"potentialAction\":[{\"@type\":\"ReadAction\",\"target\":[\"https:\/\/abrelivros.org.br\/site\/mec-lanca-programa-para-distribuir-novos-acervos-literarios-as-escolas-publicas\/\"]}]},{\"@type\":\"BreadcrumbList\",\"@id\":\"https:\/\/abrelivros.org.br\/site\/mec-lanca-programa-para-distribuir-novos-acervos-literarios-as-escolas-publicas\/#breadcrumb\",\"itemListElement\":[{\"@type\":\"ListItem\",\"position\":1,\"item\":{\"@type\":\"WebPage\",\"@id\":\"https:\/\/abrelivros.org.br\/site\/\",\"url\":\"https:\/\/abrelivros.org.br\/site\/\",\"name\":\"In\\u00edcio\"}},{\"@type\":\"ListItem\",\"position\":2,\"item\":{\"@type\":\"WebPage\",\"@id\":\"https:\/\/abrelivros.org.br\/site\/category\/noticias\/\",\"url\":\"https:\/\/abrelivros.org.br\/site\/category\/noticias\/\",\"name\":\"Not\\u00edcias\"}},{\"@type\":\"ListItem\",\"position\":3,\"item\":{\"@type\":\"WebPage\",\"@id\":\"https:\/\/abrelivros.org.br\/site\/category\/noticias\/noticias-da-imprensa\/\",\"url\":\"https:\/\/abrelivros.org.br\/site\/category\/noticias\/noticias-da-imprensa\/\",\"name\":\"Not\\u00edcias da imprensa\"}},{\"@type\":\"ListItem\",\"position\":4,\"item\":{\"@type\":\"WebPage\",\"@id\":\"https:\/\/abrelivros.org.br\/site\/mec-lanca-programa-para-distribuir-novos-acervos-literarios-as-escolas-publicas\/\",\"url\":\"https:\/\/abrelivros.org.br\/site\/mec-lanca-programa-para-distribuir-novos-acervos-literarios-as-escolas-publicas\/\",\"name\":\"MEC lan\\u00e7a programa para distribuir novos acervos liter\\u00e1rios \\u00e0s escolas p\\u00fablicas\"}}]},{\"@type\":\"Person\",\"@id\":\"https:\/\/abrelivros.org.br\/site\/#\/schema\/person\/2b867f13a717bb230f1a3555505f5593\",\"name\":\"\\u00a0\",\"image\":{\"@type\":\"ImageObject\",\"@id\":\"https:\/\/abrelivros.org.br\/site\/#personlogo\",\"inLanguage\":\"pt-BR\",\"url\":\"https:\/\/secure.gravatar.com\/avatar\/e80b7f5231be2fff5040a8023da424898002831c5439420df182ae62676d2a6f?s=96&d=mm&r=g\",\"caption\":\"\\u00a0\"}}]}<\/script>\n<!-- \/ Yoast SEO plugin. -->","_links":{"self":[{"href":"https:\/\/abrelivros.org.br\/site\/wp-json\/wp\/v2\/posts\/1791","targetHints":{"allow":["GET"]}}],"collection":[{"href":"https:\/\/abrelivros.org.br\/site\/wp-json\/wp\/v2\/posts"}],"about":[{"href":"https:\/\/abrelivros.org.br\/site\/wp-json\/wp\/v2\/types\/post"}],"author":[{"embeddable":true,"href":"https:\/\/abrelivros.org.br\/site\/wp-json\/wp\/v2\/users\/1"}],"replies":[{"embeddable":true,"href":"https:\/\/abrelivros.org.br\/site\/wp-json\/wp\/v2\/comments?post=1791"}],"version-history":[{"count":0,"href":"https:\/\/abrelivros.org.br\/site\/wp-json\/wp\/v2\/posts\/1791\/revisions"}],"wp:attachment":[{"href":"https:\/\/abrelivros.org.br\/site\/wp-json\/wp\/v2\/media?parent=1791"}],"wp:term":[{"taxonomy":"category","embeddable":true,"href":"https:\/\/abrelivros.org.br\/site\/wp-json\/wp\/v2\/categories?post=1791"},{"taxonomy":"post_tag","embeddable":true,"href":"https:\/\/abrelivros.org.br\/site\/wp-json\/wp\/v2\/tags?post=1791"}],"curies":[{"name":"wp","href":"https:\/\/api.w.org\/{rel}","templated":true}]}}