{"id":1790,"date":"2007-04-04T10:21:00","date_gmt":"2007-04-04T13:21:00","guid":{"rendered":"https:\/\/abrelivros.org.br\/site\/2007\/04\/04\/fornecer-livros-para-a-educacao-basica-e-politica-de-estado-diz-ministro\/"},"modified":"2007-04-04T10:21:00","modified_gmt":"2007-04-04T13:21:00","slug":"fornecer-livros-para-a-educacao-basica-e-politica-de-estado-diz-ministro","status":"publish","type":"post","link":"https:\/\/abrelivros.org.br\/site\/fornecer-livros-para-a-educacao-basica-e-politica-de-estado-diz-ministro\/","title":{"rendered":"Fornecer livros para a educa\u00e7\u00e3o b\u00e1sica \u00e9 pol\u00edtica de Estado, diz ministro"},"content":{"rendered":"<p>A distribui\u00e7\u00e3o de livros did\u00e1ticos para os estudantes da educa\u00e7\u00e3o b\u00e1sica \u2014 educa\u00e7\u00e3o infantil e ensinos fundamental e m\u00e9dio \u2014 e de acervos de literatura para as escolas das redes p\u00fablicas municipais e estaduais agora \u00e9 pol\u00edtica do governo federal com metas e cronograma. A decis\u00e3o foi anunciada nesta ter\u00e7a-feira, 3, pelo ministro da Educa\u00e7\u00e3o, Fernando Haddad, durante o lan\u00e7amento do Programa Nacional Biblioteca na Escola do Ensino M\u00e9dio (Pnbem), que vai distribuir acervos de literatura para mais de 17 mil escolas p\u00fablicas onde estudam 7,7 milh\u00f5es de alunos. \u00a0<br \/> \u00a0<br \/> O ministro Haddad disse que os programas do livro did\u00e1tico e de amplia\u00e7\u00e3o dos acervos das bibliotecas escolares da educa\u00e7\u00e3o b\u00e1sica \u201cs\u00e3o est\u00e1veis, est\u00e3o consolidados e n\u00e3o haver\u00e1 retrocesso\u201d. A escola, disse, \u00e9 o local apropriado para o letramento, da\u00ed a defini\u00e7\u00e3o de um cronograma anual de distribui\u00e7\u00e3o de acervos. Na sua din\u00e2mica, o programa de qualifica\u00e7\u00e3o liter\u00e1ria das bibliotecas escolares prev\u00ea o envio de cole\u00e7\u00f5es novas em anos alternados: em um ano, obras para a educa\u00e7\u00e3o infantil e ensino fundamental e no outro para o ensino m\u00e9dio. \u00a0<br \/> \u00a0<br \/> Al\u00e9m de lan\u00e7ar o Pnbem, o ministro da Educa\u00e7\u00e3o e o presidente do Fundo Nacional do Desenvolvimento da Educa\u00e7\u00e3o (FNDE\/MEC), Daniel Balaban, assinaram duas resolu\u00e7\u00f5es que disciplinam a distribui\u00e7\u00e3o do livro did\u00e1tico do ensino m\u00e9dio e de cole\u00e7\u00f5es liter\u00e1rias para as escolas p\u00fablicas com educa\u00e7\u00e3o infantil e ensino fundamental. No caso do ensino m\u00e9dio, o Minist\u00e9rio da Educa\u00e7\u00e3o vai incluir as disciplinas de hist\u00f3ria e qu\u00edmica no ano letivo de 2008. Com isso, todos os estudantes do ensino m\u00e9dio passam a receber livros de portugu\u00eas, matem\u00e1tica, biologia (inclu\u00eddo em 2007), qu\u00edmica e hist\u00f3ria. Em 2009, f\u00edsica e geografia entram no programa, completando as sete disciplinas. Daniel Balaban explicou que o FNDE tem planejamento da distribui\u00e7\u00e3o de livros did\u00e1ticos e de acervos at\u00e9 2012. \u00a0<\/p>\n<p><\/p>\n","protected":false},"excerpt":{"rendered":"<p>A distribui\u00e7\u00e3o de livros did\u00e1ticos para os estudantes da educa\u00e7\u00e3o b\u00e1sica \u2014 educa\u00e7\u00e3o infantil e ensinos fundamental e m\u00e9dio \u2014 e de acervos de literatura para as escolas das redes p\u00fablicas municipais e estaduais agora \u00e9 pol\u00edtica do governo federal com metas e cronograma. A decis\u00e3o foi anunciada nesta ter\u00e7a-feira, 3, pelo ministro da Educa\u00e7\u00e3o, [&hellip;]<\/p>\n","protected":false},"author":1,"featured_media":0,"comment_status":"closed","ping_status":"closed","sticky":false,"template":"","format":"standard","meta":{"footnotes":"","_links_to":"","_links_to_target":""},"categories":[9],"tags":[],"class_list":["post-1790","post","type-post","status-publish","format-standard","hentry","category-noticias-da-imprensa"],"yoast_head":"<!-- This site is optimized with the Yoast SEO plugin v15.1 - https:\/\/yoast.com\/wordpress\/plugins\/seo\/ -->\n<title>Fornecer livros para a educa\u00e7\u00e3o b\u00e1sica \u00e9 pol\u00edtica de Estado, diz ministro &raquo; Abrelivros<\/title>\n<meta name=\"robots\" content=\"index, follow, max-snippet:-1, max-image-preview:large, max-video-preview:-1\" \/>\n<link rel=\"canonical\" href=\"https:\/\/abrelivros.org.br\/site\/fornecer-livros-para-a-educacao-basica-e-politica-de-estado-diz-ministro\/\" \/>\n<meta property=\"og:locale\" content=\"pt_BR\" \/>\n<meta property=\"og:type\" content=\"article\" \/>\n<meta property=\"og:title\" content=\"Fornecer livros para a educa\u00e7\u00e3o b\u00e1sica \u00e9 pol\u00edtica de Estado, diz ministro &raquo; Abrelivros\" \/>\n<meta property=\"og:description\" content=\"A distribui\u00e7\u00e3o de livros did\u00e1ticos para os estudantes da educa\u00e7\u00e3o b\u00e1sica \u2014 educa\u00e7\u00e3o infantil e ensinos fundamental e m\u00e9dio \u2014 e de acervos de literatura para as escolas das redes p\u00fablicas municipais e estaduais agora \u00e9 pol\u00edtica do governo federal com metas e cronograma. A decis\u00e3o foi anunciada nesta ter\u00e7a-feira, 3, pelo ministro da Educa\u00e7\u00e3o, [&hellip;]\" \/>\n<meta property=\"og:url\" content=\"https:\/\/abrelivros.org.br\/site\/fornecer-livros-para-a-educacao-basica-e-politica-de-estado-diz-ministro\/\" \/>\n<meta property=\"og:site_name\" content=\"Abrelivros\" \/>\n<meta property=\"article:published_time\" content=\"2007-04-04T13:21:00+00:00\" \/>\n<meta name=\"twitter:card\" content=\"summary_large_image\" \/>\n<script type=\"application\/ld+json\" class=\"yoast-schema-graph\">{\"@context\":\"https:\/\/schema.org\",\"@graph\":[{\"@type\":\"WebSite\",\"@id\":\"https:\/\/abrelivros.org.br\/site\/#website\",\"url\":\"https:\/\/abrelivros.org.br\/site\/\",\"name\":\"Abrelivros\",\"description\":\"\",\"potentialAction\":[{\"@type\":\"SearchAction\",\"target\":\"https:\/\/abrelivros.org.br\/site\/?s={search_term_string}\",\"query-input\":\"required name=search_term_string\"}],\"inLanguage\":\"pt-BR\"},{\"@type\":\"WebPage\",\"@id\":\"https:\/\/abrelivros.org.br\/site\/fornecer-livros-para-a-educacao-basica-e-politica-de-estado-diz-ministro\/#webpage\",\"url\":\"https:\/\/abrelivros.org.br\/site\/fornecer-livros-para-a-educacao-basica-e-politica-de-estado-diz-ministro\/\",\"name\":\"Fornecer livros para a educa\\u00e7\\u00e3o b\\u00e1sica \\u00e9 pol\\u00edtica de Estado, diz ministro &raquo; Abrelivros\",\"isPartOf\":{\"@id\":\"https:\/\/abrelivros.org.br\/site\/#website\"},\"datePublished\":\"2007-04-04T13:21:00+00:00\",\"dateModified\":\"2007-04-04T13:21:00+00:00\",\"author\":{\"@id\":\"https:\/\/abrelivros.org.br\/site\/#\/schema\/person\/2b867f13a717bb230f1a3555505f5593\"},\"breadcrumb\":{\"@id\":\"https:\/\/abrelivros.org.br\/site\/fornecer-livros-para-a-educacao-basica-e-politica-de-estado-diz-ministro\/#breadcrumb\"},\"inLanguage\":\"pt-BR\",\"potentialAction\":[{\"@type\":\"ReadAction\",\"target\":[\"https:\/\/abrelivros.org.br\/site\/fornecer-livros-para-a-educacao-basica-e-politica-de-estado-diz-ministro\/\"]}]},{\"@type\":\"BreadcrumbList\",\"@id\":\"https:\/\/abrelivros.org.br\/site\/fornecer-livros-para-a-educacao-basica-e-politica-de-estado-diz-ministro\/#breadcrumb\",\"itemListElement\":[{\"@type\":\"ListItem\",\"position\":1,\"item\":{\"@type\":\"WebPage\",\"@id\":\"https:\/\/abrelivros.org.br\/site\/\",\"url\":\"https:\/\/abrelivros.org.br\/site\/\",\"name\":\"In\\u00edcio\"}},{\"@type\":\"ListItem\",\"position\":2,\"item\":{\"@type\":\"WebPage\",\"@id\":\"https:\/\/abrelivros.org.br\/site\/category\/noticias\/\",\"url\":\"https:\/\/abrelivros.org.br\/site\/category\/noticias\/\",\"name\":\"Not\\u00edcias\"}},{\"@type\":\"ListItem\",\"position\":3,\"item\":{\"@type\":\"WebPage\",\"@id\":\"https:\/\/abrelivros.org.br\/site\/category\/noticias\/noticias-da-imprensa\/\",\"url\":\"https:\/\/abrelivros.org.br\/site\/category\/noticias\/noticias-da-imprensa\/\",\"name\":\"Not\\u00edcias da imprensa\"}},{\"@type\":\"ListItem\",\"position\":4,\"item\":{\"@type\":\"WebPage\",\"@id\":\"https:\/\/abrelivros.org.br\/site\/fornecer-livros-para-a-educacao-basica-e-politica-de-estado-diz-ministro\/\",\"url\":\"https:\/\/abrelivros.org.br\/site\/fornecer-livros-para-a-educacao-basica-e-politica-de-estado-diz-ministro\/\",\"name\":\"Fornecer livros para a educa\\u00e7\\u00e3o b\\u00e1sica \\u00e9 pol\\u00edtica de Estado, diz ministro\"}}]},{\"@type\":\"Person\",\"@id\":\"https:\/\/abrelivros.org.br\/site\/#\/schema\/person\/2b867f13a717bb230f1a3555505f5593\",\"name\":\"\\u00a0\",\"image\":{\"@type\":\"ImageObject\",\"@id\":\"https:\/\/abrelivros.org.br\/site\/#personlogo\",\"inLanguage\":\"pt-BR\",\"url\":\"https:\/\/secure.gravatar.com\/avatar\/e80b7f5231be2fff5040a8023da424898002831c5439420df182ae62676d2a6f?s=96&d=mm&r=g\",\"caption\":\"\\u00a0\"}}]}<\/script>\n<!-- \/ Yoast SEO plugin. -->","_links":{"self":[{"href":"https:\/\/abrelivros.org.br\/site\/wp-json\/wp\/v2\/posts\/1790","targetHints":{"allow":["GET"]}}],"collection":[{"href":"https:\/\/abrelivros.org.br\/site\/wp-json\/wp\/v2\/posts"}],"about":[{"href":"https:\/\/abrelivros.org.br\/site\/wp-json\/wp\/v2\/types\/post"}],"author":[{"embeddable":true,"href":"https:\/\/abrelivros.org.br\/site\/wp-json\/wp\/v2\/users\/1"}],"replies":[{"embeddable":true,"href":"https:\/\/abrelivros.org.br\/site\/wp-json\/wp\/v2\/comments?post=1790"}],"version-history":[{"count":0,"href":"https:\/\/abrelivros.org.br\/site\/wp-json\/wp\/v2\/posts\/1790\/revisions"}],"wp:attachment":[{"href":"https:\/\/abrelivros.org.br\/site\/wp-json\/wp\/v2\/media?parent=1790"}],"wp:term":[{"taxonomy":"category","embeddable":true,"href":"https:\/\/abrelivros.org.br\/site\/wp-json\/wp\/v2\/categories?post=1790"},{"taxonomy":"post_tag","embeddable":true,"href":"https:\/\/abrelivros.org.br\/site\/wp-json\/wp\/v2\/tags?post=1790"}],"curies":[{"name":"wp","href":"https:\/\/api.w.org\/{rel}","templated":true}]}}