{"id":1789,"date":"2007-04-04T14:48:00","date_gmt":"2007-04-04T17:48:00","guid":{"rendered":"https:\/\/abrelivros.org.br\/site\/2007\/04\/04\/programa-amplia-distribuicao-de-livro-didatico-no-pais\/"},"modified":"2007-04-04T14:48:00","modified_gmt":"2007-04-04T17:48:00","slug":"programa-amplia-distribuicao-de-livro-didatico-no-pais","status":"publish","type":"post","link":"https:\/\/abrelivros.org.br\/site\/programa-amplia-distribuicao-de-livro-didatico-no-pais\/","title":{"rendered":"Programa amplia distribui\u00e7\u00e3o de livro did\u00e1tico no Pa\u00eds"},"content":{"rendered":"<p>O Minist\u00e9rio da Educa\u00e7\u00e3o decidiu ampliar o Programa Nacional Biblioteca na Escola para incluir acervos para o ensino m\u00e9dio e tamb\u00e9m para educa\u00e7\u00e3o infantil e de 1\u00aa a 4\u00aa s\u00e9rie. Al\u00e9m disso, o Programa Nacional do Livro Did\u00e1tico para o Ensino M\u00e9dio passar\u00e1 a incluir, esse ano, livros de hist\u00f3ria e qu\u00edmica e chegar a sete disciplinas no ano que vem. A amplia\u00e7\u00e3o do programa de livros faz parte do Plano de Desenvolvimento da Educa\u00e7\u00e3o (PDE), apresentado numa vers\u00e3o inicial h\u00e1 duas semanas, no Pal\u00e1cio do Planalto. &nbsp;<br \/> &nbsp;<br \/> A vers\u00e3o final do plano estava programada para ser apresentada na \u00edntegra no final deste m\u00eas, mas a op\u00e7\u00e3o agora dever\u00e1 ser por divulgar medidas aos poucos. Os acervos para bibliotecas de escolas de ensino m\u00e9dio v\u00e3o incluir literatura e obras de refer\u00eancia e pesquisa nas \u00e1reas de ci\u00eancias humanas, ci\u00eancias da natureza, matem\u00e1tica e linguagens. Ser\u00e3o 49 obras ao todo, que as secretarias estaduais de educa\u00e7\u00e3o poder\u00e3o escolher de uma lista de 160 t\u00edtulos pr\u00e9-aprovados pela Sociedade Brasileira para o   Progresso da Ci\u00eancia (SBPC). No total, o programa ir\u00e1 custar R$ 17,5 milh\u00f5es. &nbsp;<br \/> &nbsp;<br \/> J\u00e1 o programa para educa\u00e7\u00e3o infantil e s\u00e9ries iniciais (1\u00aa. a 4\u00aa.) ter\u00e1 20 t\u00edtulos de literatura, que poder\u00e3o ser escolhidos pelas escolas depois de uma pr\u00e9-sele\u00e7\u00e3o feita pelo minist\u00e9rio a partir da inscri\u00e7\u00e3o das pr\u00f3prias editoras. O acervo dever\u00e1 incluir prosa, poemas, contos, cr\u00f4nicas e at\u00e9 hist\u00f3rias em quadrinhos, tendo ainda livros de imagens para as crian\u00e7as que ainda n\u00e3o aprenderam a ler. Ao todo, ser\u00e3o investidos R$ 11, 1 milh\u00f5es no programa. &nbsp;<\/p>\n","protected":false},"excerpt":{"rendered":"<p>O Minist\u00e9rio da Educa\u00e7\u00e3o decidiu ampliar o Programa Nacional Biblioteca na Escola para incluir acervos para o ensino m\u00e9dio e tamb\u00e9m para educa\u00e7\u00e3o infantil e de 1\u00aa a 4\u00aa s\u00e9rie. Al\u00e9m disso, o Programa Nacional do Livro Did\u00e1tico para o Ensino M\u00e9dio passar\u00e1 a incluir, esse ano, livros de hist\u00f3ria e qu\u00edmica e chegar a [&hellip;]<\/p>\n","protected":false},"author":1,"featured_media":0,"comment_status":"closed","ping_status":"closed","sticky":false,"template":"","format":"standard","meta":{"footnotes":"","_links_to":"","_links_to_target":""},"categories":[9],"tags":[],"class_list":["post-1789","post","type-post","status-publish","format-standard","hentry","category-noticias-da-imprensa"],"yoast_head":"<!-- This site is optimized with the Yoast SEO plugin v15.1 - https:\/\/yoast.com\/wordpress\/plugins\/seo\/ -->\n<title>Programa amplia distribui\u00e7\u00e3o de livro did\u00e1tico no Pa\u00eds &raquo; Abrelivros<\/title>\n<meta name=\"robots\" content=\"index, follow, max-snippet:-1, max-image-preview:large, max-video-preview:-1\" \/>\n<link rel=\"canonical\" href=\"https:\/\/abrelivros.org.br\/site\/programa-amplia-distribuicao-de-livro-didatico-no-pais\/\" \/>\n<meta property=\"og:locale\" content=\"pt_BR\" \/>\n<meta property=\"og:type\" content=\"article\" \/>\n<meta property=\"og:title\" content=\"Programa amplia distribui\u00e7\u00e3o de livro did\u00e1tico no Pa\u00eds &raquo; Abrelivros\" \/>\n<meta property=\"og:description\" content=\"O Minist\u00e9rio da Educa\u00e7\u00e3o decidiu ampliar o Programa Nacional Biblioteca na Escola para incluir acervos para o ensino m\u00e9dio e tamb\u00e9m para educa\u00e7\u00e3o infantil e de 1\u00aa a 4\u00aa s\u00e9rie. Al\u00e9m disso, o Programa Nacional do Livro Did\u00e1tico para o Ensino M\u00e9dio passar\u00e1 a incluir, esse ano, livros de hist\u00f3ria e qu\u00edmica e chegar a [&hellip;]\" \/>\n<meta property=\"og:url\" content=\"https:\/\/abrelivros.org.br\/site\/programa-amplia-distribuicao-de-livro-didatico-no-pais\/\" \/>\n<meta property=\"og:site_name\" content=\"Abrelivros\" \/>\n<meta property=\"article:published_time\" content=\"2007-04-04T17:48:00+00:00\" \/>\n<meta name=\"twitter:card\" content=\"summary_large_image\" \/>\n<script type=\"application\/ld+json\" class=\"yoast-schema-graph\">{\"@context\":\"https:\/\/schema.org\",\"@graph\":[{\"@type\":\"WebSite\",\"@id\":\"https:\/\/abrelivros.org.br\/site\/#website\",\"url\":\"https:\/\/abrelivros.org.br\/site\/\",\"name\":\"Abrelivros\",\"description\":\"\",\"potentialAction\":[{\"@type\":\"SearchAction\",\"target\":\"https:\/\/abrelivros.org.br\/site\/?s={search_term_string}\",\"query-input\":\"required name=search_term_string\"}],\"inLanguage\":\"pt-BR\"},{\"@type\":\"WebPage\",\"@id\":\"https:\/\/abrelivros.org.br\/site\/programa-amplia-distribuicao-de-livro-didatico-no-pais\/#webpage\",\"url\":\"https:\/\/abrelivros.org.br\/site\/programa-amplia-distribuicao-de-livro-didatico-no-pais\/\",\"name\":\"Programa amplia distribui\\u00e7\\u00e3o de livro did\\u00e1tico no Pa\\u00eds &raquo; Abrelivros\",\"isPartOf\":{\"@id\":\"https:\/\/abrelivros.org.br\/site\/#website\"},\"datePublished\":\"2007-04-04T17:48:00+00:00\",\"dateModified\":\"2007-04-04T17:48:00+00:00\",\"author\":{\"@id\":\"https:\/\/abrelivros.org.br\/site\/#\/schema\/person\/2b867f13a717bb230f1a3555505f5593\"},\"breadcrumb\":{\"@id\":\"https:\/\/abrelivros.org.br\/site\/programa-amplia-distribuicao-de-livro-didatico-no-pais\/#breadcrumb\"},\"inLanguage\":\"pt-BR\",\"potentialAction\":[{\"@type\":\"ReadAction\",\"target\":[\"https:\/\/abrelivros.org.br\/site\/programa-amplia-distribuicao-de-livro-didatico-no-pais\/\"]}]},{\"@type\":\"BreadcrumbList\",\"@id\":\"https:\/\/abrelivros.org.br\/site\/programa-amplia-distribuicao-de-livro-didatico-no-pais\/#breadcrumb\",\"itemListElement\":[{\"@type\":\"ListItem\",\"position\":1,\"item\":{\"@type\":\"WebPage\",\"@id\":\"https:\/\/abrelivros.org.br\/site\/\",\"url\":\"https:\/\/abrelivros.org.br\/site\/\",\"name\":\"In\\u00edcio\"}},{\"@type\":\"ListItem\",\"position\":2,\"item\":{\"@type\":\"WebPage\",\"@id\":\"https:\/\/abrelivros.org.br\/site\/category\/noticias\/\",\"url\":\"https:\/\/abrelivros.org.br\/site\/category\/noticias\/\",\"name\":\"Not\\u00edcias\"}},{\"@type\":\"ListItem\",\"position\":3,\"item\":{\"@type\":\"WebPage\",\"@id\":\"https:\/\/abrelivros.org.br\/site\/category\/noticias\/noticias-da-imprensa\/\",\"url\":\"https:\/\/abrelivros.org.br\/site\/category\/noticias\/noticias-da-imprensa\/\",\"name\":\"Not\\u00edcias da imprensa\"}},{\"@type\":\"ListItem\",\"position\":4,\"item\":{\"@type\":\"WebPage\",\"@id\":\"https:\/\/abrelivros.org.br\/site\/programa-amplia-distribuicao-de-livro-didatico-no-pais\/\",\"url\":\"https:\/\/abrelivros.org.br\/site\/programa-amplia-distribuicao-de-livro-didatico-no-pais\/\",\"name\":\"Programa amplia distribui\\u00e7\\u00e3o de livro did\\u00e1tico no Pa\\u00eds\"}}]},{\"@type\":\"Person\",\"@id\":\"https:\/\/abrelivros.org.br\/site\/#\/schema\/person\/2b867f13a717bb230f1a3555505f5593\",\"name\":\"\\u00a0\",\"image\":{\"@type\":\"ImageObject\",\"@id\":\"https:\/\/abrelivros.org.br\/site\/#personlogo\",\"inLanguage\":\"pt-BR\",\"url\":\"https:\/\/secure.gravatar.com\/avatar\/e80b7f5231be2fff5040a8023da424898002831c5439420df182ae62676d2a6f?s=96&d=mm&r=g\",\"caption\":\"\\u00a0\"}}]}<\/script>\n<!-- \/ Yoast SEO plugin. -->","_links":{"self":[{"href":"https:\/\/abrelivros.org.br\/site\/wp-json\/wp\/v2\/posts\/1789","targetHints":{"allow":["GET"]}}],"collection":[{"href":"https:\/\/abrelivros.org.br\/site\/wp-json\/wp\/v2\/posts"}],"about":[{"href":"https:\/\/abrelivros.org.br\/site\/wp-json\/wp\/v2\/types\/post"}],"author":[{"embeddable":true,"href":"https:\/\/abrelivros.org.br\/site\/wp-json\/wp\/v2\/users\/1"}],"replies":[{"embeddable":true,"href":"https:\/\/abrelivros.org.br\/site\/wp-json\/wp\/v2\/comments?post=1789"}],"version-history":[{"count":0,"href":"https:\/\/abrelivros.org.br\/site\/wp-json\/wp\/v2\/posts\/1789\/revisions"}],"wp:attachment":[{"href":"https:\/\/abrelivros.org.br\/site\/wp-json\/wp\/v2\/media?parent=1789"}],"wp:term":[{"taxonomy":"category","embeddable":true,"href":"https:\/\/abrelivros.org.br\/site\/wp-json\/wp\/v2\/categories?post=1789"},{"taxonomy":"post_tag","embeddable":true,"href":"https:\/\/abrelivros.org.br\/site\/wp-json\/wp\/v2\/tags?post=1789"}],"curies":[{"name":"wp","href":"https:\/\/api.w.org\/{rel}","templated":true}]}}