{"id":1788,"date":"2007-04-04T14:50:00","date_gmt":"2007-04-04T17:50:00","guid":{"rendered":"https:\/\/abrelivros.org.br\/site\/2007\/04\/04\/difusao-da-lingua-espanhola-no-brasil-e-tema-de-debates-na-colombia\/"},"modified":"2007-04-04T14:50:00","modified_gmt":"2007-04-04T17:50:00","slug":"difusao-da-lingua-espanhola-no-brasil-e-tema-de-debates-na-colombia","status":"publish","type":"post","link":"https:\/\/abrelivros.org.br\/site\/difusao-da-lingua-espanhola-no-brasil-e-tema-de-debates-na-colombia\/","title":{"rendered":"Difus\u00e3o da l\u00edngua espanhola no Brasil \u00e9 tema de debates na Col\u00f4mbia"},"content":{"rendered":"<p>At\u00e9 2010, os quase dez milh\u00f5es de alunos do ensino m\u00e9dio estudar\u00e3o espanhol. Conhecer na l\u00edngua original cl\u00e1ssicos como Dom Quixote ou se encantar com o mundo contempor\u00e2neo de Mafalda, a instigante personagem de quadrinhos da Argentina, \u00e9 s\u00f3 uma das vantagens de aprender o idioma que reina em todo o universo latino-americano. A l\u00edngua espanhola \u00e9 falada na Espanha, e em quase toda a Am\u00e9rica, da regi\u00e3o meridional da Am\u00e9rica do Norte at\u00e9 o cabo Hornos, no extremo sul da Am\u00e9rica do Sul, passando pela Am\u00e9rica Central e pelo Caribe. \u00a0<br \/> \u00a0<br \/> O ensino do espanhol no Brasil \u2014 idioma que deve ser obrigatoriamente oferecido nas escolas p\u00fablicas e particulares em fun\u00e7\u00e3o da Lei n\u00b0 11.161\/05 \u2014 foi tema de destaque durante o 4\u00ba Congresso Internacional da L\u00edngua Espanhola, ocorrido em Cartagena, na Col\u00f4mbia, entre os dias 26 a 29 de mar\u00e7o.\u00a0<br \/> \u00a0<br \/> Tradicionalmente aberto pelos reis da Espanha e pelo presidente do pa\u00eds anfitri\u00e3o, o congresso \u2014 realizado a cada tr\u00eas anos \u2014 \u00e9 o evento cultural mais importante do mundo hisp\u00e2nico, na avalia\u00e7\u00e3o do chefe da Assessoria Internacional do MEC, Alessandro Candeas, que representou o minist\u00e9rio no encontro. Artistas, escritores, intelectuais, acad\u00eamicos, pol\u00edticos e demais interessados re\u00fanem-se, a cada edi\u00e7\u00e3o, para discutir a cultura espanhola e sua dissemina\u00e7\u00e3o pelo mundo.\u00a0<br \/> \u00a0<br \/> Para Candeas, estimular o ensino do espanhol nas escolas permite, a um s\u00f3 tempo, estreitar la\u00e7os culturais e promover um reencontro com as ra\u00edzes ib\u00e9ricas do Brasil. Respons\u00e1vel por apresentar um painel sobre o ensino da l\u00edngua espanhola no pa\u00eds, Candeas recorreu \u00e0 Lei n\u00ba 11.161\/05, que demonstra o comprometimento das pol\u00edticas de educa\u00e7\u00e3o em rela\u00e7\u00e3o ao tema.  \u00a0<br \/> \u00a0<br \/> Pela lei, as escolas t\u00eam at\u00e9 2010 para adaptar seus curr\u00edculos \u00e0 inclus\u00e3o da l\u00edngua espanhola. A lei obriga o oferecimento do idioma pelas institui\u00e7\u00f5es de ensino como disciplina optativa para jovens do ensino m\u00e9dio de escolas p\u00fablicas e privadas. \u00c9 facultativa a inclus\u00e3o da mat\u00e9ria nos curr\u00edculos dos quatro \u00faltimos anos do ensino fundamental, a partir da 5\u00aa s\u00e9rie. \u00a0<br \/> \u00a0<br \/> Hoje, h\u00e1 cerca de 14 mil professores nas redes p\u00fablica e privada, sendo a maioria, 12.800, da rede p\u00fablica. Para atender \u00e0s cobran\u00e7as da lei e garantir o ensino da l\u00edngua espanhola at\u00e9 2010, ser\u00e1 necess\u00e1rio agregar mais de 29 mil profissionais \u00e0 rede de ensino privada e aproximadamente 26 mil professores \u00e0 rede p\u00fablica.\u00a0<br \/> \u00a0<br \/> \u201cO governo brasileiro tem investido na forma\u00e7\u00e3o de professores, com a abertura de mais vagas nas licenciaturas e de concursos p\u00fablicos para docentes, entre outras medidas, al\u00e9m da capacita\u00e7\u00e3o daqueles que j\u00e1 d\u00e3o aula\u201d, disse Candeas. Ele adiantou que os representantes dos pa\u00edses latino-americanos e da Espanha, presentes no encontro, se comprometeram  a ajudar o Brasil na implementa\u00e7\u00e3o da lei do espanhol, como foi apelidada a Lei n\u00ba 11.161\/05, especialmente no tocante ao interc\u00e2mbio de alunos e professores e \u00e0 concess\u00e3o de bolsas, al\u00e9m de programas conjuntos de forma\u00e7\u00e3o de professores de espanhol.\u00a0<br \/> \u00a0<br \/> Entre os participantes do congresso estavam o rei Juan Carlos e a rainha Sofia, da Espanha, o presidente Alvaro Uribe (Col\u00f4mbia), os ex-presidentes Bill Clinton (Estados Unidos ), Belisario Betancur (Col\u00f4mbia) e Julio Sanguinetti (Uruguai), os escritores Gabriel Garc\u00eda Marquez e Carlos Fuentes, e a ministra da Educa\u00e7\u00e3o da Col\u00f4mbia, Cecilia Velez. \u00a0<\/p>\n","protected":false},"excerpt":{"rendered":"<p>At\u00e9 2010, os quase dez milh\u00f5es de alunos do ensino m\u00e9dio estudar\u00e3o espanhol. Conhecer na l\u00edngua original cl\u00e1ssicos como Dom Quixote ou se encantar com o mundo contempor\u00e2neo de Mafalda, a instigante personagem de quadrinhos da Argentina, \u00e9 s\u00f3 uma das vantagens de aprender o idioma que reina em todo o universo latino-americano. A l\u00edngua [&hellip;]<\/p>\n","protected":false},"author":1,"featured_media":0,"comment_status":"closed","ping_status":"closed","sticky":false,"template":"","format":"standard","meta":{"footnotes":"","_links_to":"","_links_to_target":""},"categories":[9],"tags":[],"class_list":["post-1788","post","type-post","status-publish","format-standard","hentry","category-noticias-da-imprensa"],"yoast_head":"<!-- This site is optimized with the Yoast SEO plugin v15.1 - https:\/\/yoast.com\/wordpress\/plugins\/seo\/ -->\n<title>Difus\u00e3o da l\u00edngua espanhola no Brasil \u00e9 tema de debates na Col\u00f4mbia &raquo; Abrelivros<\/title>\n<meta name=\"robots\" content=\"index, follow, max-snippet:-1, max-image-preview:large, max-video-preview:-1\" \/>\n<link rel=\"canonical\" href=\"https:\/\/abrelivros.org.br\/site\/difusao-da-lingua-espanhola-no-brasil-e-tema-de-debates-na-colombia\/\" \/>\n<meta property=\"og:locale\" content=\"pt_BR\" \/>\n<meta property=\"og:type\" content=\"article\" \/>\n<meta property=\"og:title\" content=\"Difus\u00e3o da l\u00edngua espanhola no Brasil \u00e9 tema de debates na Col\u00f4mbia &raquo; Abrelivros\" \/>\n<meta property=\"og:description\" content=\"At\u00e9 2010, os quase dez milh\u00f5es de alunos do ensino m\u00e9dio estudar\u00e3o espanhol. Conhecer na l\u00edngua original cl\u00e1ssicos como Dom Quixote ou se encantar com o mundo contempor\u00e2neo de Mafalda, a instigante personagem de quadrinhos da Argentina, \u00e9 s\u00f3 uma das vantagens de aprender o idioma que reina em todo o universo latino-americano. A l\u00edngua [&hellip;]\" \/>\n<meta property=\"og:url\" content=\"https:\/\/abrelivros.org.br\/site\/difusao-da-lingua-espanhola-no-brasil-e-tema-de-debates-na-colombia\/\" \/>\n<meta property=\"og:site_name\" content=\"Abrelivros\" \/>\n<meta property=\"article:published_time\" content=\"2007-04-04T17:50:00+00:00\" \/>\n<meta name=\"twitter:card\" content=\"summary_large_image\" \/>\n<script type=\"application\/ld+json\" class=\"yoast-schema-graph\">{\"@context\":\"https:\/\/schema.org\",\"@graph\":[{\"@type\":\"WebSite\",\"@id\":\"https:\/\/abrelivros.org.br\/site\/#website\",\"url\":\"https:\/\/abrelivros.org.br\/site\/\",\"name\":\"Abrelivros\",\"description\":\"\",\"potentialAction\":[{\"@type\":\"SearchAction\",\"target\":\"https:\/\/abrelivros.org.br\/site\/?s={search_term_string}\",\"query-input\":\"required name=search_term_string\"}],\"inLanguage\":\"pt-BR\"},{\"@type\":\"WebPage\",\"@id\":\"https:\/\/abrelivros.org.br\/site\/difusao-da-lingua-espanhola-no-brasil-e-tema-de-debates-na-colombia\/#webpage\",\"url\":\"https:\/\/abrelivros.org.br\/site\/difusao-da-lingua-espanhola-no-brasil-e-tema-de-debates-na-colombia\/\",\"name\":\"Difus\\u00e3o da l\\u00edngua espanhola no Brasil \\u00e9 tema de debates na Col\\u00f4mbia &raquo; Abrelivros\",\"isPartOf\":{\"@id\":\"https:\/\/abrelivros.org.br\/site\/#website\"},\"datePublished\":\"2007-04-04T17:50:00+00:00\",\"dateModified\":\"2007-04-04T17:50:00+00:00\",\"author\":{\"@id\":\"https:\/\/abrelivros.org.br\/site\/#\/schema\/person\/2b867f13a717bb230f1a3555505f5593\"},\"breadcrumb\":{\"@id\":\"https:\/\/abrelivros.org.br\/site\/difusao-da-lingua-espanhola-no-brasil-e-tema-de-debates-na-colombia\/#breadcrumb\"},\"inLanguage\":\"pt-BR\",\"potentialAction\":[{\"@type\":\"ReadAction\",\"target\":[\"https:\/\/abrelivros.org.br\/site\/difusao-da-lingua-espanhola-no-brasil-e-tema-de-debates-na-colombia\/\"]}]},{\"@type\":\"BreadcrumbList\",\"@id\":\"https:\/\/abrelivros.org.br\/site\/difusao-da-lingua-espanhola-no-brasil-e-tema-de-debates-na-colombia\/#breadcrumb\",\"itemListElement\":[{\"@type\":\"ListItem\",\"position\":1,\"item\":{\"@type\":\"WebPage\",\"@id\":\"https:\/\/abrelivros.org.br\/site\/\",\"url\":\"https:\/\/abrelivros.org.br\/site\/\",\"name\":\"In\\u00edcio\"}},{\"@type\":\"ListItem\",\"position\":2,\"item\":{\"@type\":\"WebPage\",\"@id\":\"https:\/\/abrelivros.org.br\/site\/category\/noticias\/\",\"url\":\"https:\/\/abrelivros.org.br\/site\/category\/noticias\/\",\"name\":\"Not\\u00edcias\"}},{\"@type\":\"ListItem\",\"position\":3,\"item\":{\"@type\":\"WebPage\",\"@id\":\"https:\/\/abrelivros.org.br\/site\/category\/noticias\/noticias-da-imprensa\/\",\"url\":\"https:\/\/abrelivros.org.br\/site\/category\/noticias\/noticias-da-imprensa\/\",\"name\":\"Not\\u00edcias da imprensa\"}},{\"@type\":\"ListItem\",\"position\":4,\"item\":{\"@type\":\"WebPage\",\"@id\":\"https:\/\/abrelivros.org.br\/site\/difusao-da-lingua-espanhola-no-brasil-e-tema-de-debates-na-colombia\/\",\"url\":\"https:\/\/abrelivros.org.br\/site\/difusao-da-lingua-espanhola-no-brasil-e-tema-de-debates-na-colombia\/\",\"name\":\"Difus\\u00e3o da l\\u00edngua espanhola no Brasil \\u00e9 tema de debates na Col\\u00f4mbia\"}}]},{\"@type\":\"Person\",\"@id\":\"https:\/\/abrelivros.org.br\/site\/#\/schema\/person\/2b867f13a717bb230f1a3555505f5593\",\"name\":\"\\u00a0\",\"image\":{\"@type\":\"ImageObject\",\"@id\":\"https:\/\/abrelivros.org.br\/site\/#personlogo\",\"inLanguage\":\"pt-BR\",\"url\":\"https:\/\/secure.gravatar.com\/avatar\/e80b7f5231be2fff5040a8023da424898002831c5439420df182ae62676d2a6f?s=96&d=mm&r=g\",\"caption\":\"\\u00a0\"}}]}<\/script>\n<!-- \/ Yoast SEO plugin. -->","_links":{"self":[{"href":"https:\/\/abrelivros.org.br\/site\/wp-json\/wp\/v2\/posts\/1788","targetHints":{"allow":["GET"]}}],"collection":[{"href":"https:\/\/abrelivros.org.br\/site\/wp-json\/wp\/v2\/posts"}],"about":[{"href":"https:\/\/abrelivros.org.br\/site\/wp-json\/wp\/v2\/types\/post"}],"author":[{"embeddable":true,"href":"https:\/\/abrelivros.org.br\/site\/wp-json\/wp\/v2\/users\/1"}],"replies":[{"embeddable":true,"href":"https:\/\/abrelivros.org.br\/site\/wp-json\/wp\/v2\/comments?post=1788"}],"version-history":[{"count":0,"href":"https:\/\/abrelivros.org.br\/site\/wp-json\/wp\/v2\/posts\/1788\/revisions"}],"wp:attachment":[{"href":"https:\/\/abrelivros.org.br\/site\/wp-json\/wp\/v2\/media?parent=1788"}],"wp:term":[{"taxonomy":"category","embeddable":true,"href":"https:\/\/abrelivros.org.br\/site\/wp-json\/wp\/v2\/categories?post=1788"},{"taxonomy":"post_tag","embeddable":true,"href":"https:\/\/abrelivros.org.br\/site\/wp-json\/wp\/v2\/tags?post=1788"}],"curies":[{"name":"wp","href":"https:\/\/api.w.org\/{rel}","templated":true}]}}