{"id":1787,"date":"2007-04-04T14:57:00","date_gmt":"2007-04-04T17:57:00","guid":{"rendered":"https:\/\/abrelivros.org.br\/site\/2007\/04\/04\/pesquisa-traca-mapa-sobre-a-educacao-e-seus-efeitos-na-vida-do-brasileiro\/"},"modified":"2007-04-04T14:57:00","modified_gmt":"2007-04-04T17:57:00","slug":"pesquisa-traca-mapa-sobre-a-educacao-e-seus-efeitos-na-vida-do-brasileiro","status":"publish","type":"post","link":"https:\/\/abrelivros.org.br\/site\/pesquisa-traca-mapa-sobre-a-educacao-e-seus-efeitos-na-vida-do-brasileiro\/","title":{"rendered":"Pesquisa tra\u00e7a mapa sobre a educa\u00e7\u00e3o e seus efeitos na vida do brasileiro"},"content":{"rendered":"<p>O Distrito Federal \u00e9, entre as 27 unidades da federa\u00e7\u00e3o, a que apresenta a melhor m\u00e9dia de freq\u00fc\u00eancia escolar do pa\u00eds, seguido de S\u00e3o Paulo. Em Bras\u00edlia, onde se verificam as melhores notas do Exame Nacional do Ensino M\u00e9dio(Enem), 79% dos jovens entre 15 a 17 anos de idade acusam mais de quatro horas di\u00e1rias de freq\u00fc\u00eancia escolar; logo em seguida vem S\u00e3o Paulo, com 59% acima desta faixa. O Rio ocupa a quinta coloca\u00e7\u00e3o, com 51%. \u00c9 o Rio de Janeiro, no entanto, que lidera o ranking de freq\u00fc\u00eancia com 88% dos jovens na faixa de 15 aos 18 anos matriculados em escolas p\u00fablicas ou privadas.\u00a0<br \/> \u00a0<br \/> Os dados fazem parte da pesquisa \u201cEquidade e Efici\u00eancia na Educa\u00e7\u00e3o: Motiva\u00e7\u00f5es e Metas\u201c, que o Centro de Pol\u00edticas Sociais do Instituto Brasileiro de Economia (Ibre\/FGV) apresenta nesta ter\u00e7a-feira (3), no Rio.\u00a0<br \/> \u00a0<br \/> A pesquisa, feita a partir de analises de microdados do Instituto Brasileiro de Geografia e Estat\u00edstica (IBGE), tem como objetivo subsidiar a iniciativa do \u201cPAC Educacional\u201c de dar prioridade \u00e0 educa\u00e7\u00e3o b\u00e1sica em detrimento do ensino superior.<br \/> \u00a0<br \/> Em entrevista \u00e0 Ag\u00eancia Brasil, o professor Marcelo N\u00e9ri, chefe do Centro de Pol\u00edticas Sociais da FGV, adiantou alguns pontos da pesquisa e admitiu que o \u201cPAC Educacional\u201c est\u00e1 na dire\u00e7\u00e3o certa.\u00a0<br \/> \u00a0<br \/> \u201cA pesquisa mostra, de forma clara, que embora n\u00e3o seja a \u00fanica, a melhor pol\u00edtica de emprego ainda \u00e9 a educa\u00e7\u00e3o. Neste ponto constatamos com base nos microdados do IBGE, que o PAC Educacional est\u00e1 na dire\u00e7\u00e3o certa, ao enfatizar mais o ensino b\u00e1sico e menos o ensino superior p\u00fablico. \u00c9 uma pol\u00edtica que se revela adequada do ponto de vista de combate \u00e0 pobreza\u201c, disse o professor.\u00a0<br \/> \u00a0<br \/> O estudo, in\u00e9dito no pa\u00eds, de acordo com N\u00e9ri, procura mostrar de que forma a educa\u00e7\u00e3o transforma a vida das pessoas, sejam elas pobres, de classe m\u00e9dia ou da elite. \u201cEsta transforma\u00e7\u00e3o \u00e9 evidente, seja ela do ponto de vista da empregabilidade, do valor do sal\u00e1rio e mesmo sobre os efeitos da sa\u00fade do cidad\u00e3o\u201c, afirmou.\u00a0<br \/> \u00a0<br \/> A pesquisa tamb\u00e9m procura olhar a quest\u00e3o da educa\u00e7\u00e3o do ponto de vista dos seus principais protagonistas: os jovens estudantes e seus pais.\u00a0<br \/> \u00a0<br \/> \u201cQuando se procura olhar em detalhe as raz\u00f5es da evas\u00e3o escolar pode-se constatar, por exemplo, que 8% dos jovens de 15 a 17 anos est\u00e3o fora da escola por vontade pr\u00f3pria &#8211; isto exatamente em uma faixa et\u00e1ria mais problem\u00e1tica do ponto de vista da viol\u00eancia e do desemprego, pois est\u00e3o a\u00ed todos os dias nos jornais verdadeiras trag\u00e9dias brasileiras envolvendo jovens que deveriam estar na escola; outros 4,1% o est\u00e3o por terem que trabalhar e ajudar no sustento da fam\u00edlia; e apenas 2% alegaram raz\u00f5es de oferta de vagas ou dificuldades de aceso \u00e0s salas de aula\u201c, constata N\u00e9ri.\u00a0<\/p>\n","protected":false},"excerpt":{"rendered":"<p>O Distrito Federal \u00e9, entre as 27 unidades da federa\u00e7\u00e3o, a que apresenta a melhor m\u00e9dia de freq\u00fc\u00eancia escolar do pa\u00eds, seguido de S\u00e3o Paulo. Em Bras\u00edlia, onde se verificam as melhores notas do Exame Nacional do Ensino M\u00e9dio(Enem), 79% dos jovens entre 15 a 17 anos de idade acusam mais de quatro horas di\u00e1rias [&hellip;]<\/p>\n","protected":false},"author":1,"featured_media":0,"comment_status":"closed","ping_status":"closed","sticky":false,"template":"","format":"standard","meta":{"footnotes":"","_links_to":"","_links_to_target":""},"categories":[9],"tags":[],"class_list":["post-1787","post","type-post","status-publish","format-standard","hentry","category-noticias-da-imprensa"],"yoast_head":"<!-- This site is optimized with the Yoast SEO plugin v15.1 - https:\/\/yoast.com\/wordpress\/plugins\/seo\/ -->\n<title>Pesquisa tra\u00e7a mapa sobre a educa\u00e7\u00e3o e seus efeitos na vida do brasileiro &raquo; Abrelivros<\/title>\n<meta name=\"robots\" content=\"index, follow, max-snippet:-1, max-image-preview:large, max-video-preview:-1\" \/>\n<link rel=\"canonical\" href=\"https:\/\/abrelivros.org.br\/site\/pesquisa-traca-mapa-sobre-a-educacao-e-seus-efeitos-na-vida-do-brasileiro\/\" \/>\n<meta property=\"og:locale\" content=\"pt_BR\" \/>\n<meta property=\"og:type\" content=\"article\" \/>\n<meta property=\"og:title\" content=\"Pesquisa tra\u00e7a mapa sobre a educa\u00e7\u00e3o e seus efeitos na vida do brasileiro &raquo; Abrelivros\" \/>\n<meta property=\"og:description\" content=\"O Distrito Federal \u00e9, entre as 27 unidades da federa\u00e7\u00e3o, a que apresenta a melhor m\u00e9dia de freq\u00fc\u00eancia escolar do pa\u00eds, seguido de S\u00e3o Paulo. Em Bras\u00edlia, onde se verificam as melhores notas do Exame Nacional do Ensino M\u00e9dio(Enem), 79% dos jovens entre 15 a 17 anos de idade acusam mais de quatro horas di\u00e1rias [&hellip;]\" \/>\n<meta property=\"og:url\" content=\"https:\/\/abrelivros.org.br\/site\/pesquisa-traca-mapa-sobre-a-educacao-e-seus-efeitos-na-vida-do-brasileiro\/\" \/>\n<meta property=\"og:site_name\" content=\"Abrelivros\" \/>\n<meta property=\"article:published_time\" content=\"2007-04-04T17:57:00+00:00\" \/>\n<meta name=\"twitter:card\" content=\"summary_large_image\" \/>\n<script type=\"application\/ld+json\" class=\"yoast-schema-graph\">{\"@context\":\"https:\/\/schema.org\",\"@graph\":[{\"@type\":\"WebSite\",\"@id\":\"https:\/\/abrelivros.org.br\/site\/#website\",\"url\":\"https:\/\/abrelivros.org.br\/site\/\",\"name\":\"Abrelivros\",\"description\":\"\",\"potentialAction\":[{\"@type\":\"SearchAction\",\"target\":\"https:\/\/abrelivros.org.br\/site\/?s={search_term_string}\",\"query-input\":\"required name=search_term_string\"}],\"inLanguage\":\"pt-BR\"},{\"@type\":\"WebPage\",\"@id\":\"https:\/\/abrelivros.org.br\/site\/pesquisa-traca-mapa-sobre-a-educacao-e-seus-efeitos-na-vida-do-brasileiro\/#webpage\",\"url\":\"https:\/\/abrelivros.org.br\/site\/pesquisa-traca-mapa-sobre-a-educacao-e-seus-efeitos-na-vida-do-brasileiro\/\",\"name\":\"Pesquisa tra\\u00e7a mapa sobre a educa\\u00e7\\u00e3o e seus efeitos na vida do brasileiro &raquo; Abrelivros\",\"isPartOf\":{\"@id\":\"https:\/\/abrelivros.org.br\/site\/#website\"},\"datePublished\":\"2007-04-04T17:57:00+00:00\",\"dateModified\":\"2007-04-04T17:57:00+00:00\",\"author\":{\"@id\":\"https:\/\/abrelivros.org.br\/site\/#\/schema\/person\/2b867f13a717bb230f1a3555505f5593\"},\"breadcrumb\":{\"@id\":\"https:\/\/abrelivros.org.br\/site\/pesquisa-traca-mapa-sobre-a-educacao-e-seus-efeitos-na-vida-do-brasileiro\/#breadcrumb\"},\"inLanguage\":\"pt-BR\",\"potentialAction\":[{\"@type\":\"ReadAction\",\"target\":[\"https:\/\/abrelivros.org.br\/site\/pesquisa-traca-mapa-sobre-a-educacao-e-seus-efeitos-na-vida-do-brasileiro\/\"]}]},{\"@type\":\"BreadcrumbList\",\"@id\":\"https:\/\/abrelivros.org.br\/site\/pesquisa-traca-mapa-sobre-a-educacao-e-seus-efeitos-na-vida-do-brasileiro\/#breadcrumb\",\"itemListElement\":[{\"@type\":\"ListItem\",\"position\":1,\"item\":{\"@type\":\"WebPage\",\"@id\":\"https:\/\/abrelivros.org.br\/site\/\",\"url\":\"https:\/\/abrelivros.org.br\/site\/\",\"name\":\"In\\u00edcio\"}},{\"@type\":\"ListItem\",\"position\":2,\"item\":{\"@type\":\"WebPage\",\"@id\":\"https:\/\/abrelivros.org.br\/site\/category\/noticias\/\",\"url\":\"https:\/\/abrelivros.org.br\/site\/category\/noticias\/\",\"name\":\"Not\\u00edcias\"}},{\"@type\":\"ListItem\",\"position\":3,\"item\":{\"@type\":\"WebPage\",\"@id\":\"https:\/\/abrelivros.org.br\/site\/category\/noticias\/noticias-da-imprensa\/\",\"url\":\"https:\/\/abrelivros.org.br\/site\/category\/noticias\/noticias-da-imprensa\/\",\"name\":\"Not\\u00edcias da imprensa\"}},{\"@type\":\"ListItem\",\"position\":4,\"item\":{\"@type\":\"WebPage\",\"@id\":\"https:\/\/abrelivros.org.br\/site\/pesquisa-traca-mapa-sobre-a-educacao-e-seus-efeitos-na-vida-do-brasileiro\/\",\"url\":\"https:\/\/abrelivros.org.br\/site\/pesquisa-traca-mapa-sobre-a-educacao-e-seus-efeitos-na-vida-do-brasileiro\/\",\"name\":\"Pesquisa tra\\u00e7a mapa sobre a educa\\u00e7\\u00e3o e seus efeitos na vida do brasileiro\"}}]},{\"@type\":\"Person\",\"@id\":\"https:\/\/abrelivros.org.br\/site\/#\/schema\/person\/2b867f13a717bb230f1a3555505f5593\",\"name\":\"\\u00a0\",\"image\":{\"@type\":\"ImageObject\",\"@id\":\"https:\/\/abrelivros.org.br\/site\/#personlogo\",\"inLanguage\":\"pt-BR\",\"url\":\"https:\/\/secure.gravatar.com\/avatar\/e80b7f5231be2fff5040a8023da424898002831c5439420df182ae62676d2a6f?s=96&d=mm&r=g\",\"caption\":\"\\u00a0\"}}]}<\/script>\n<!-- \/ Yoast SEO plugin. -->","_links":{"self":[{"href":"https:\/\/abrelivros.org.br\/site\/wp-json\/wp\/v2\/posts\/1787","targetHints":{"allow":["GET"]}}],"collection":[{"href":"https:\/\/abrelivros.org.br\/site\/wp-json\/wp\/v2\/posts"}],"about":[{"href":"https:\/\/abrelivros.org.br\/site\/wp-json\/wp\/v2\/types\/post"}],"author":[{"embeddable":true,"href":"https:\/\/abrelivros.org.br\/site\/wp-json\/wp\/v2\/users\/1"}],"replies":[{"embeddable":true,"href":"https:\/\/abrelivros.org.br\/site\/wp-json\/wp\/v2\/comments?post=1787"}],"version-history":[{"count":0,"href":"https:\/\/abrelivros.org.br\/site\/wp-json\/wp\/v2\/posts\/1787\/revisions"}],"wp:attachment":[{"href":"https:\/\/abrelivros.org.br\/site\/wp-json\/wp\/v2\/media?parent=1787"}],"wp:term":[{"taxonomy":"category","embeddable":true,"href":"https:\/\/abrelivros.org.br\/site\/wp-json\/wp\/v2\/categories?post=1787"},{"taxonomy":"post_tag","embeddable":true,"href":"https:\/\/abrelivros.org.br\/site\/wp-json\/wp\/v2\/tags?post=1787"}],"curies":[{"name":"wp","href":"https:\/\/api.w.org\/{rel}","templated":true}]}}