{"id":1786,"date":"2007-04-05T15:52:00","date_gmt":"2007-04-05T18:52:00","guid":{"rendered":"https:\/\/abrelivros.org.br\/site\/2007\/04\/05\/didaticos-e-religiosos-puxam-mercado-editorial\/"},"modified":"2007-04-05T15:52:00","modified_gmt":"2007-04-05T18:52:00","slug":"didaticos-e-religiosos-puxam-mercado-editorial","status":"publish","type":"post","link":"https:\/\/abrelivros.org.br\/site\/didaticos-e-religiosos-puxam-mercado-editorial\/","title":{"rendered":"Did\u00e1ticos e religiosos puxam mercado editorial"},"content":{"rendered":"<p>Os novos canais de distribui\u00e7\u00e3o de livros, como as bancas de jornais e os supermercados, e o aumento de vendas dos livros religiosos e did\u00e1ticos est\u00e3o ajudando a puxar o crescimento do mercado editorial brasileiro. \u00a0<br \/> \u00a0<br \/> A Editora Nova Fronteira, que fechou o ano de 2006 com preju\u00edzo de R$ 1,7 milh\u00e3o, prev\u00ea que fechar\u00e1 o ano de 2007 no azul. Isso porque a editora cresceu 80% em de 2005 para 2006, segundo Mauro Palermo, diretor superintendente da Nova Fronteira.\u00a0<br \/> \u00a0<br \/> \u201cNossos planos de crescimento certamente passam, n\u00e3o apenas pelo refor\u00e7o das nossas a\u00e7\u00f5es nos canais j\u00e1 tradicionais de venda de livros como livrarias e Internet, mas tamb\u00e9m na amplia\u00e7\u00e3o das nossas opera\u00e7\u00f5es nos chamados novos canais, tais como supermercados, vendas por cat\u00e1logo, lojas de conveni\u00eancia, bancas de jornal etc.\u201d \u00a0<br \/> \u00a0<br \/> N\u00e3o \u00e9 \u00e0 toa que a editora est\u00e1 investindo nesses novos canais. De acordo com levantamento feito pela C\u00e2mara Brasileira do Livro (CBL), enquanto o crescimento total do mercado editorial foi de quase 19% entre 2004 e 2005, as vendas em supermercados cresceram, no per\u00edodo, mais de 60%.\u00a0<br \/> \u00a0<br \/> Em bancas de jornal, o aumento foi de 48,19%, enquanto nas escolas os \u00edndices subiram em quase 35%.\u00a0<br \/> Apesar de as avalia\u00e7\u00f5es do setor editorial serem mais lentas (os dados sobre 2006 s\u00f3 ser\u00e3o conhecidos pela CBL no final de 2007), o diretor da entidade, Armando Antongini, estima que, no ano passado, tenha havido um crescimento menor, pr\u00f3ximo dos 5%.\u00a0<br \/> \u00a0<br \/> \u201c\u00c9 apenas uma pista que obtive de conversas com empres\u00e1rios, mas os maiores respons\u00e1veis por esse crescimento s\u00e3o os livros infantis, que h\u00e1 muitos anos s\u00e3o os que mais engrossam os \u00edndices, seguidos pelos romances, pelas publica\u00e7\u00f5es religiosas e por livros de auto-ajuda\u201d, relata.\u00a0<br \/> \u00a0<br \/> Mesmo assim, o otimismo \u00e9 grande no setor, j\u00e1 que a m\u00e9dia de livros consumidos por habitante ao ano \u00e9 de menos de dois exemplares. Isso levou editoras espanholas, como a Planeta e a Santilhana, e portuguesas, como a Almedina, a investirem no mercado brasileiro. Segundo Antongini, essas empresas contam com o p\u00fablico potencial, que deve crescer em algum momento.\u00a0<br \/> \u00a0<br \/><B> Pre\u00e7o acess\u00edvel\u00a0<br \/> \u00a0<br \/><\/B> \u00a0<br \/> Outro fator que elevou a tiragem nos chamados novos canais \u00e9 o investimento das editoras em publica\u00e7\u00f5es de pre\u00e7o acess\u00edvel.\u00a0<br \/> \u00a0<br \/> O diretor superintendente da Nova Fronteira informa que \u201co p\u00fablico consumidor de livros nos novos canais, de maneira geral, tem menor poder aquisitivo que o p\u00fablico tradicional consumidor de livros vendidos em livrarias\u201d e que, portanto, houve adapta\u00e7\u00e3o das obras a esses novos canais para poder oferecer o mesmo conte\u00fado dos livros tradicionais a pre\u00e7os reduzidos.\u00a0<br \/> \u00a0<br \/><B> Religiosos\u00a0<br \/> \u00a0<br \/><\/B> O segundo setor que mais cresceu no per\u00edodo foi o de livros religiosos. Ficou atr\u00e1s apenas dos t\u00edtulos did\u00e1ticos, relacionados \u00e0 educa\u00e7\u00e3o b\u00e1sica e ao Ensino M\u00e9dio, cujas vendas foram alavancadas por programas de distribui\u00e7\u00e3o gratuita promovidos pelo Minist\u00e9rio da Educa\u00e7\u00e3o, respons\u00e1veis por tiragens de acima de 150 milh\u00f5es de exemplares.\u00a0<br \/> \u00a0<br \/> O setor religioso, segundo a CBL, produziu mais de 31 milh\u00f5es de c\u00f3pias.\u00a0<br \/> \u00a0<br \/> Whaner Endo, diretor executivo da Associa\u00e7\u00e3o Brasileira de Editores Crist\u00e3os (ABEC) tem dados relacionados apenas \u00e0s publica\u00e7\u00f5es evang\u00e9licas produzidas e comercializadas no ano 2004.\u00a0<br \/> \u00a0<br \/> Ele ressalta que nem todos seus afiliados responderam \u00e0 pesquisa da CBL e exibe dados de uma sondagem encomendada pela ABEC, que revela um crescimento de 22,5% do setor e um faturamento de R$ 239 milh\u00f5es, tamb\u00e9m relativo a 2004.\u00a0<br \/> \u00a0<br \/> O crescimento no setor desperta o interesse de outras editoras.\u00a0<br \/> \u00a0<br \/> \u201cExiste um movimento de editoras n\u00e3o religiosas tentando entrar no nosso segmento. Um exemplo foi a joint venture entre a Ediouro e a Thomas Nelson (a maior editora evang\u00e9lica americana). O que indicar\u00e1 o sucesso desses empreendimentos ser\u00e1 a capacidade de entendimento dessas empresas do segmento editorial evang\u00e9lico brasileiro. Nossa preocupa\u00e7\u00e3o \u00e9 a entrada de empresas que s\u00f3 estejam enxergando o segmento como uma boa oportunidade.\u201c\u00a0<br \/> \u00a0<\/p>\n","protected":false},"excerpt":{"rendered":"<p>Os novos canais de distribui\u00e7\u00e3o de livros, como as bancas de jornais e os supermercados, e o aumento de vendas dos livros religiosos e did\u00e1ticos est\u00e3o ajudando a puxar o crescimento do mercado editorial brasileiro. \u00a0 \u00a0 A Editora Nova Fronteira, que fechou o ano de 2006 com preju\u00edzo de R$ 1,7 milh\u00e3o, prev\u00ea que [&hellip;]<\/p>\n","protected":false},"author":1,"featured_media":0,"comment_status":"closed","ping_status":"closed","sticky":false,"template":"","format":"standard","meta":{"footnotes":"","_links_to":"","_links_to_target":""},"categories":[9],"tags":[],"class_list":["post-1786","post","type-post","status-publish","format-standard","hentry","category-noticias-da-imprensa"],"yoast_head":"<!-- This site is optimized with the Yoast SEO plugin v15.1 - https:\/\/yoast.com\/wordpress\/plugins\/seo\/ -->\n<title>Did\u00e1ticos e religiosos puxam mercado editorial &raquo; Abrelivros<\/title>\n<meta name=\"robots\" content=\"index, follow, max-snippet:-1, max-image-preview:large, max-video-preview:-1\" \/>\n<link rel=\"canonical\" href=\"https:\/\/abrelivros.org.br\/site\/didaticos-e-religiosos-puxam-mercado-editorial\/\" \/>\n<meta property=\"og:locale\" content=\"pt_BR\" \/>\n<meta property=\"og:type\" content=\"article\" \/>\n<meta property=\"og:title\" content=\"Did\u00e1ticos e religiosos puxam mercado editorial &raquo; Abrelivros\" \/>\n<meta property=\"og:description\" content=\"Os novos canais de distribui\u00e7\u00e3o de livros, como as bancas de jornais e os supermercados, e o aumento de vendas dos livros religiosos e did\u00e1ticos est\u00e3o ajudando a puxar o crescimento do mercado editorial brasileiro. \u00a0 \u00a0 A Editora Nova Fronteira, que fechou o ano de 2006 com preju\u00edzo de R$ 1,7 milh\u00e3o, prev\u00ea que [&hellip;]\" \/>\n<meta property=\"og:url\" content=\"https:\/\/abrelivros.org.br\/site\/didaticos-e-religiosos-puxam-mercado-editorial\/\" \/>\n<meta property=\"og:site_name\" content=\"Abrelivros\" \/>\n<meta property=\"article:published_time\" content=\"2007-04-05T18:52:00+00:00\" \/>\n<meta name=\"twitter:card\" content=\"summary_large_image\" \/>\n<script type=\"application\/ld+json\" class=\"yoast-schema-graph\">{\"@context\":\"https:\/\/schema.org\",\"@graph\":[{\"@type\":\"WebSite\",\"@id\":\"https:\/\/abrelivros.org.br\/site\/#website\",\"url\":\"https:\/\/abrelivros.org.br\/site\/\",\"name\":\"Abrelivros\",\"description\":\"\",\"potentialAction\":[{\"@type\":\"SearchAction\",\"target\":\"https:\/\/abrelivros.org.br\/site\/?s={search_term_string}\",\"query-input\":\"required name=search_term_string\"}],\"inLanguage\":\"pt-BR\"},{\"@type\":\"WebPage\",\"@id\":\"https:\/\/abrelivros.org.br\/site\/didaticos-e-religiosos-puxam-mercado-editorial\/#webpage\",\"url\":\"https:\/\/abrelivros.org.br\/site\/didaticos-e-religiosos-puxam-mercado-editorial\/\",\"name\":\"Did\\u00e1ticos e religiosos puxam mercado editorial &raquo; Abrelivros\",\"isPartOf\":{\"@id\":\"https:\/\/abrelivros.org.br\/site\/#website\"},\"datePublished\":\"2007-04-05T18:52:00+00:00\",\"dateModified\":\"2007-04-05T18:52:00+00:00\",\"author\":{\"@id\":\"https:\/\/abrelivros.org.br\/site\/#\/schema\/person\/2b867f13a717bb230f1a3555505f5593\"},\"breadcrumb\":{\"@id\":\"https:\/\/abrelivros.org.br\/site\/didaticos-e-religiosos-puxam-mercado-editorial\/#breadcrumb\"},\"inLanguage\":\"pt-BR\",\"potentialAction\":[{\"@type\":\"ReadAction\",\"target\":[\"https:\/\/abrelivros.org.br\/site\/didaticos-e-religiosos-puxam-mercado-editorial\/\"]}]},{\"@type\":\"BreadcrumbList\",\"@id\":\"https:\/\/abrelivros.org.br\/site\/didaticos-e-religiosos-puxam-mercado-editorial\/#breadcrumb\",\"itemListElement\":[{\"@type\":\"ListItem\",\"position\":1,\"item\":{\"@type\":\"WebPage\",\"@id\":\"https:\/\/abrelivros.org.br\/site\/\",\"url\":\"https:\/\/abrelivros.org.br\/site\/\",\"name\":\"In\\u00edcio\"}},{\"@type\":\"ListItem\",\"position\":2,\"item\":{\"@type\":\"WebPage\",\"@id\":\"https:\/\/abrelivros.org.br\/site\/category\/noticias\/\",\"url\":\"https:\/\/abrelivros.org.br\/site\/category\/noticias\/\",\"name\":\"Not\\u00edcias\"}},{\"@type\":\"ListItem\",\"position\":3,\"item\":{\"@type\":\"WebPage\",\"@id\":\"https:\/\/abrelivros.org.br\/site\/category\/noticias\/noticias-da-imprensa\/\",\"url\":\"https:\/\/abrelivros.org.br\/site\/category\/noticias\/noticias-da-imprensa\/\",\"name\":\"Not\\u00edcias da imprensa\"}},{\"@type\":\"ListItem\",\"position\":4,\"item\":{\"@type\":\"WebPage\",\"@id\":\"https:\/\/abrelivros.org.br\/site\/didaticos-e-religiosos-puxam-mercado-editorial\/\",\"url\":\"https:\/\/abrelivros.org.br\/site\/didaticos-e-religiosos-puxam-mercado-editorial\/\",\"name\":\"Did\\u00e1ticos e religiosos puxam mercado editorial\"}}]},{\"@type\":\"Person\",\"@id\":\"https:\/\/abrelivros.org.br\/site\/#\/schema\/person\/2b867f13a717bb230f1a3555505f5593\",\"name\":\"\\u00a0\",\"image\":{\"@type\":\"ImageObject\",\"@id\":\"https:\/\/abrelivros.org.br\/site\/#personlogo\",\"inLanguage\":\"pt-BR\",\"url\":\"https:\/\/secure.gravatar.com\/avatar\/e80b7f5231be2fff5040a8023da424898002831c5439420df182ae62676d2a6f?s=96&d=mm&r=g\",\"caption\":\"\\u00a0\"}}]}<\/script>\n<!-- \/ Yoast SEO plugin. -->","_links":{"self":[{"href":"https:\/\/abrelivros.org.br\/site\/wp-json\/wp\/v2\/posts\/1786","targetHints":{"allow":["GET"]}}],"collection":[{"href":"https:\/\/abrelivros.org.br\/site\/wp-json\/wp\/v2\/posts"}],"about":[{"href":"https:\/\/abrelivros.org.br\/site\/wp-json\/wp\/v2\/types\/post"}],"author":[{"embeddable":true,"href":"https:\/\/abrelivros.org.br\/site\/wp-json\/wp\/v2\/users\/1"}],"replies":[{"embeddable":true,"href":"https:\/\/abrelivros.org.br\/site\/wp-json\/wp\/v2\/comments?post=1786"}],"version-history":[{"count":0,"href":"https:\/\/abrelivros.org.br\/site\/wp-json\/wp\/v2\/posts\/1786\/revisions"}],"wp:attachment":[{"href":"https:\/\/abrelivros.org.br\/site\/wp-json\/wp\/v2\/media?parent=1786"}],"wp:term":[{"taxonomy":"category","embeddable":true,"href":"https:\/\/abrelivros.org.br\/site\/wp-json\/wp\/v2\/categories?post=1786"},{"taxonomy":"post_tag","embeddable":true,"href":"https:\/\/abrelivros.org.br\/site\/wp-json\/wp\/v2\/tags?post=1786"}],"curies":[{"name":"wp","href":"https:\/\/api.w.org\/{rel}","templated":true}]}}