{"id":1784,"date":"2007-04-11T15:31:00","date_gmt":"2007-04-11T18:31:00","guid":{"rendered":"https:\/\/abrelivros.org.br\/site\/2007\/04\/11\/o-conteudo-do-livro-faz-a-diferenca\/"},"modified":"2007-04-11T15:31:00","modified_gmt":"2007-04-11T18:31:00","slug":"o-conteudo-do-livro-faz-a-diferenca","status":"publish","type":"post","link":"https:\/\/abrelivros.org.br\/site\/o-conteudo-do-livro-faz-a-diferenca\/","title":{"rendered":"O conte\u00fado do livro faz a diferen\u00e7a?"},"content":{"rendered":"<p>O Minist\u00e9rio da Educa\u00e7\u00e3o (MEC) realiza uma pesquisa sobre o uso dos livros das disciplinas de portugu\u00eas e matem\u00e1tica nas escolas de ensino m\u00e9dio da rede p\u00fablica de todo o Pa\u00eds. At\u00e9 agora, 7.055 professores e gestores responderam a pesquisa, sendo 3.965 educadores do Estado de S\u00e3o Paulo. O estudo \u00e9 uma parceria do MEC com o Grupo de Pesquisa Inform\u00e1tica Aplicada \u00e0 Gest\u00e3o Educacional (Iage), da Unesp, e s\u00f3 pode ser respondido por meio de ferramenta online. \u00a0<br \/> \u00a0<br \/> \u201cA meta \u00e9 identificar mudan\u00e7as ocorridas nas salas de aula com foco na melhoria do ensino e da aprendizagem. Para aperfei\u00e7oar sempre \u00e9 preciso identificar o que est\u00e1 sendo bem sucedido e o que precisa melhorar\u201d, diz Raquel Volpato Serbino, organizadora da pesquisa do Iage.\u00a0<br \/> \u00a0<br \/> Para a professora de portugu\u00eas Regina Sena, que h\u00e1 21 anos leciona na rede estadual de S\u00e3o Paulo, a pesquisa s\u00f3 ter\u00e1 um bom resultado se levar em conta que o livro did\u00e1tico \u00e9 apenas uma das ferramentas . \u201cCada escola escolhe o livro que ir\u00e1 usar no in\u00edcio do ano com as op\u00e7\u00f5es apresentadas tanto pelo MEC como pela Secretaria Estadual de Educa\u00e7\u00e3o. Se a pesquisa servir para aprimorar ser\u00e1 um avan\u00e7o, porque isso nunca foi feito na rede p\u00fablica anteriormente e \u00e9 algo necess\u00e1rio.\u201d\u00a0<br \/> \u00a0<br \/> Ariovaldo de Carmargo, professor de matem\u00e1tica h\u00e1 18 anos, acha que o MEC deveria oferecer outras ferramentas ao professor al\u00e9m do livro did\u00e1tico e que a pesquisa deveria abordar quais seriam esses instrumentos. \u201cO professor precisa opinar e, al\u00e9m de diagnosticar a pesquisa, precisa solucionar alguns problemas, como a falta de recurso para atividades al\u00e9m da aplica\u00e7\u00e3o das li\u00e7\u00f5es do livro did\u00e1tico.\u201d\u00a0<br \/> \u00a0<br \/> Para participar: basta preencher o formul\u00e1rio eletr\u00f4nico dispon\u00edvel no <a href=\"http:\/\/iage.fclar.unesp.br\/pnlem\/\" target=\"_blank\" rel=\"noopener noreferrer\">site<\/a>.\u00a0<\/p>\n<p><\/p>\n","protected":false},"excerpt":{"rendered":"<p>O Minist\u00e9rio da Educa\u00e7\u00e3o (MEC) realiza uma pesquisa sobre o uso dos livros das disciplinas de portugu\u00eas e matem\u00e1tica nas escolas de ensino m\u00e9dio da rede p\u00fablica de todo o Pa\u00eds. At\u00e9 agora, 7.055 professores e gestores responderam a pesquisa, sendo 3.965 educadores do Estado de S\u00e3o Paulo. O estudo \u00e9 uma parceria do MEC [&hellip;]<\/p>\n","protected":false},"author":1,"featured_media":0,"comment_status":"closed","ping_status":"closed","sticky":false,"template":"","format":"standard","meta":{"footnotes":"","_links_to":"","_links_to_target":""},"categories":[9],"tags":[],"class_list":["post-1784","post","type-post","status-publish","format-standard","hentry","category-noticias-da-imprensa"],"yoast_head":"<!-- This site is optimized with the Yoast SEO plugin v15.1 - https:\/\/yoast.com\/wordpress\/plugins\/seo\/ -->\n<title>O conte\u00fado do livro faz a diferen\u00e7a? &raquo; Abrelivros<\/title>\n<meta name=\"robots\" content=\"index, follow, max-snippet:-1, max-image-preview:large, max-video-preview:-1\" \/>\n<link rel=\"canonical\" href=\"https:\/\/abrelivros.org.br\/site\/o-conteudo-do-livro-faz-a-diferenca\/\" \/>\n<meta property=\"og:locale\" content=\"pt_BR\" \/>\n<meta property=\"og:type\" content=\"article\" \/>\n<meta property=\"og:title\" content=\"O conte\u00fado do livro faz a diferen\u00e7a? &raquo; Abrelivros\" \/>\n<meta property=\"og:description\" content=\"O Minist\u00e9rio da Educa\u00e7\u00e3o (MEC) realiza uma pesquisa sobre o uso dos livros das disciplinas de portugu\u00eas e matem\u00e1tica nas escolas de ensino m\u00e9dio da rede p\u00fablica de todo o Pa\u00eds. At\u00e9 agora, 7.055 professores e gestores responderam a pesquisa, sendo 3.965 educadores do Estado de S\u00e3o Paulo. O estudo \u00e9 uma parceria do MEC [&hellip;]\" \/>\n<meta property=\"og:url\" content=\"https:\/\/abrelivros.org.br\/site\/o-conteudo-do-livro-faz-a-diferenca\/\" \/>\n<meta property=\"og:site_name\" content=\"Abrelivros\" \/>\n<meta property=\"article:published_time\" content=\"2007-04-11T18:31:00+00:00\" \/>\n<meta name=\"twitter:card\" content=\"summary_large_image\" \/>\n<script type=\"application\/ld+json\" class=\"yoast-schema-graph\">{\"@context\":\"https:\/\/schema.org\",\"@graph\":[{\"@type\":\"WebSite\",\"@id\":\"https:\/\/abrelivros.org.br\/site\/#website\",\"url\":\"https:\/\/abrelivros.org.br\/site\/\",\"name\":\"Abrelivros\",\"description\":\"\",\"potentialAction\":[{\"@type\":\"SearchAction\",\"target\":\"https:\/\/abrelivros.org.br\/site\/?s={search_term_string}\",\"query-input\":\"required name=search_term_string\"}],\"inLanguage\":\"pt-BR\"},{\"@type\":\"WebPage\",\"@id\":\"https:\/\/abrelivros.org.br\/site\/o-conteudo-do-livro-faz-a-diferenca\/#webpage\",\"url\":\"https:\/\/abrelivros.org.br\/site\/o-conteudo-do-livro-faz-a-diferenca\/\",\"name\":\"O conte\\u00fado do livro faz a diferen\\u00e7a? &raquo; Abrelivros\",\"isPartOf\":{\"@id\":\"https:\/\/abrelivros.org.br\/site\/#website\"},\"datePublished\":\"2007-04-11T18:31:00+00:00\",\"dateModified\":\"2007-04-11T18:31:00+00:00\",\"author\":{\"@id\":\"https:\/\/abrelivros.org.br\/site\/#\/schema\/person\/2b867f13a717bb230f1a3555505f5593\"},\"breadcrumb\":{\"@id\":\"https:\/\/abrelivros.org.br\/site\/o-conteudo-do-livro-faz-a-diferenca\/#breadcrumb\"},\"inLanguage\":\"pt-BR\",\"potentialAction\":[{\"@type\":\"ReadAction\",\"target\":[\"https:\/\/abrelivros.org.br\/site\/o-conteudo-do-livro-faz-a-diferenca\/\"]}]},{\"@type\":\"BreadcrumbList\",\"@id\":\"https:\/\/abrelivros.org.br\/site\/o-conteudo-do-livro-faz-a-diferenca\/#breadcrumb\",\"itemListElement\":[{\"@type\":\"ListItem\",\"position\":1,\"item\":{\"@type\":\"WebPage\",\"@id\":\"https:\/\/abrelivros.org.br\/site\/\",\"url\":\"https:\/\/abrelivros.org.br\/site\/\",\"name\":\"In\\u00edcio\"}},{\"@type\":\"ListItem\",\"position\":2,\"item\":{\"@type\":\"WebPage\",\"@id\":\"https:\/\/abrelivros.org.br\/site\/category\/noticias\/\",\"url\":\"https:\/\/abrelivros.org.br\/site\/category\/noticias\/\",\"name\":\"Not\\u00edcias\"}},{\"@type\":\"ListItem\",\"position\":3,\"item\":{\"@type\":\"WebPage\",\"@id\":\"https:\/\/abrelivros.org.br\/site\/category\/noticias\/noticias-da-imprensa\/\",\"url\":\"https:\/\/abrelivros.org.br\/site\/category\/noticias\/noticias-da-imprensa\/\",\"name\":\"Not\\u00edcias da imprensa\"}},{\"@type\":\"ListItem\",\"position\":4,\"item\":{\"@type\":\"WebPage\",\"@id\":\"https:\/\/abrelivros.org.br\/site\/o-conteudo-do-livro-faz-a-diferenca\/\",\"url\":\"https:\/\/abrelivros.org.br\/site\/o-conteudo-do-livro-faz-a-diferenca\/\",\"name\":\"O conte\\u00fado do livro faz a diferen\\u00e7a?\"}}]},{\"@type\":\"Person\",\"@id\":\"https:\/\/abrelivros.org.br\/site\/#\/schema\/person\/2b867f13a717bb230f1a3555505f5593\",\"name\":\"\\u00a0\",\"image\":{\"@type\":\"ImageObject\",\"@id\":\"https:\/\/abrelivros.org.br\/site\/#personlogo\",\"inLanguage\":\"pt-BR\",\"url\":\"https:\/\/secure.gravatar.com\/avatar\/e80b7f5231be2fff5040a8023da424898002831c5439420df182ae62676d2a6f?s=96&d=mm&r=g\",\"caption\":\"\\u00a0\"}}]}<\/script>\n<!-- \/ Yoast SEO plugin. -->","_links":{"self":[{"href":"https:\/\/abrelivros.org.br\/site\/wp-json\/wp\/v2\/posts\/1784","targetHints":{"allow":["GET"]}}],"collection":[{"href":"https:\/\/abrelivros.org.br\/site\/wp-json\/wp\/v2\/posts"}],"about":[{"href":"https:\/\/abrelivros.org.br\/site\/wp-json\/wp\/v2\/types\/post"}],"author":[{"embeddable":true,"href":"https:\/\/abrelivros.org.br\/site\/wp-json\/wp\/v2\/users\/1"}],"replies":[{"embeddable":true,"href":"https:\/\/abrelivros.org.br\/site\/wp-json\/wp\/v2\/comments?post=1784"}],"version-history":[{"count":0,"href":"https:\/\/abrelivros.org.br\/site\/wp-json\/wp\/v2\/posts\/1784\/revisions"}],"wp:attachment":[{"href":"https:\/\/abrelivros.org.br\/site\/wp-json\/wp\/v2\/media?parent=1784"}],"wp:term":[{"taxonomy":"category","embeddable":true,"href":"https:\/\/abrelivros.org.br\/site\/wp-json\/wp\/v2\/categories?post=1784"},{"taxonomy":"post_tag","embeddable":true,"href":"https:\/\/abrelivros.org.br\/site\/wp-json\/wp\/v2\/tags?post=1784"}],"curies":[{"name":"wp","href":"https:\/\/api.w.org\/{rel}","templated":true}]}}