{"id":1783,"date":"2007-04-11T17:11:00","date_gmt":"2007-04-11T20:11:00","guid":{"rendered":"https:\/\/abrelivros.org.br\/site\/2007\/04\/11\/editoras-podem-inscrever-obras-ate-maio\/"},"modified":"2007-04-11T17:11:00","modified_gmt":"2007-04-11T20:11:00","slug":"editoras-podem-inscrever-obras-ate-maio","status":"publish","type":"post","link":"https:\/\/abrelivros.org.br\/site\/editoras-podem-inscrever-obras-ate-maio\/","title":{"rendered":"Editoras podem inscrever obras at\u00e9 maio"},"content":{"rendered":"<p>As editoras detentoras de direito autoral t\u00eam at\u00e9 o pr\u00f3ximo 14 de maio para inscrever as obras que poder\u00e3o compor os acervos das s\u00e9ries iniciais do ensino fundamental (2\u00ba ao 5\u00ba ano ou 1\u00aa a 4\u00aa s\u00e9rie) e da educa\u00e7\u00e3o infantil referentes ao Programa Nacional Biblioteca da Escola (PNBE 2008). &nbsp;<br \/> &nbsp;<br \/> As etapas de cadastramento de titulares de direito autoral, pr\u00e9-inscri\u00e7\u00e3o e inscri\u00e7\u00e3o das obras do PNBE 2008 s\u00e3o as seguintes: de 5 de abril a 14 de maio de 2007, cadastramento de titulares e pr\u00e9-inscri\u00e7\u00e3o das obras; de 21 de abril a 25 de maio, das 8 \u00e0s 17 horas, entrega das obras e da documenta\u00e7\u00e3o. &nbsp;<br \/> &nbsp;<br \/> Este ano, o FNDE vai investir R$ 25.622.011,90 na aquisi\u00e7\u00e3o e distribui\u00e7\u00e3o de obras para o ensino fundamental para atender 127.661 escolas com 16.430.000 alunos matriculados. As escolas com at\u00e9 250 alunos v\u00e3o receber um acervo com vinte t\u00edtulos. De 251 a 500 alunos, dois acervos. De 501 a 750 alunos, tr\u00eas. De 751 a mil alunos, quatro acervos, e as institui\u00e7\u00f5es com mais 1.001 alunos v\u00e3o receber cinco acervos. &nbsp;<br \/> &nbsp;<br \/> Para o ensino infantil, ser\u00e3o investidos R$ 11.140.563,20 para atender 5.065.686 alunos de 85.179 escolas. As escolas com 150 estudantes, consideradas de pequeno porte, receber\u00e3o um acervo com vinte t\u00edtulos. Aquelas com capacidade entre 151 e 300 matriculados receber\u00e3o dois acervos e as com mais de 301, tr\u00eas. &nbsp;<br \/> &nbsp;<br \/> Os acervos necessariamente contemplar\u00e3o textos em verso ( poemas, quadras, parlendas, cantigas, traval\u00ednguas, adivinhas); textos em prosa (pequenas hist\u00f3rias, novelas, contos, cr\u00f4nicas, textos de dramaturgia, mem\u00f3rias, biografias); livros de imagens e livros de hist\u00f3rias em quadrinhos, entre os quais se incluem obras cl\u00e1ssicas da literatura universal artisticamente adaptadas ao p\u00fablico da educa\u00e7\u00e3o infantil e das s\u00e9ries\/anos iniciais do ensino fundamental. &nbsp;<\/p>\n","protected":false},"excerpt":{"rendered":"<p>As editoras detentoras de direito autoral t\u00eam at\u00e9 o pr\u00f3ximo 14 de maio para inscrever as obras que poder\u00e3o compor os acervos das s\u00e9ries iniciais do ensino fundamental (2\u00ba ao 5\u00ba ano ou 1\u00aa a 4\u00aa s\u00e9rie) e da educa\u00e7\u00e3o infantil referentes ao Programa Nacional Biblioteca da Escola (PNBE 2008). &nbsp; &nbsp; As etapas de [&hellip;]<\/p>\n","protected":false},"author":1,"featured_media":0,"comment_status":"closed","ping_status":"closed","sticky":false,"template":"","format":"standard","meta":{"footnotes":"","_links_to":"","_links_to_target":""},"categories":[9],"tags":[],"class_list":["post-1783","post","type-post","status-publish","format-standard","hentry","category-noticias-da-imprensa"],"yoast_head":"<!-- This site is optimized with the Yoast SEO plugin v15.1 - https:\/\/yoast.com\/wordpress\/plugins\/seo\/ -->\n<title>Editoras podem inscrever obras at\u00e9 maio &raquo; Abrelivros<\/title>\n<meta name=\"robots\" content=\"index, follow, max-snippet:-1, max-image-preview:large, max-video-preview:-1\" \/>\n<link rel=\"canonical\" href=\"https:\/\/abrelivros.org.br\/site\/editoras-podem-inscrever-obras-ate-maio\/\" \/>\n<meta property=\"og:locale\" content=\"pt_BR\" \/>\n<meta property=\"og:type\" content=\"article\" \/>\n<meta property=\"og:title\" content=\"Editoras podem inscrever obras at\u00e9 maio &raquo; Abrelivros\" \/>\n<meta property=\"og:description\" content=\"As editoras detentoras de direito autoral t\u00eam at\u00e9 o pr\u00f3ximo 14 de maio para inscrever as obras que poder\u00e3o compor os acervos das s\u00e9ries iniciais do ensino fundamental (2\u00ba ao 5\u00ba ano ou 1\u00aa a 4\u00aa s\u00e9rie) e da educa\u00e7\u00e3o infantil referentes ao Programa Nacional Biblioteca da Escola (PNBE 2008). &nbsp; &nbsp; As etapas de [&hellip;]\" \/>\n<meta property=\"og:url\" content=\"https:\/\/abrelivros.org.br\/site\/editoras-podem-inscrever-obras-ate-maio\/\" \/>\n<meta property=\"og:site_name\" content=\"Abrelivros\" \/>\n<meta property=\"article:published_time\" content=\"2007-04-11T20:11:00+00:00\" \/>\n<meta name=\"twitter:card\" content=\"summary_large_image\" \/>\n<script type=\"application\/ld+json\" class=\"yoast-schema-graph\">{\"@context\":\"https:\/\/schema.org\",\"@graph\":[{\"@type\":\"WebSite\",\"@id\":\"https:\/\/abrelivros.org.br\/site\/#website\",\"url\":\"https:\/\/abrelivros.org.br\/site\/\",\"name\":\"Abrelivros\",\"description\":\"\",\"potentialAction\":[{\"@type\":\"SearchAction\",\"target\":\"https:\/\/abrelivros.org.br\/site\/?s={search_term_string}\",\"query-input\":\"required name=search_term_string\"}],\"inLanguage\":\"pt-BR\"},{\"@type\":\"WebPage\",\"@id\":\"https:\/\/abrelivros.org.br\/site\/editoras-podem-inscrever-obras-ate-maio\/#webpage\",\"url\":\"https:\/\/abrelivros.org.br\/site\/editoras-podem-inscrever-obras-ate-maio\/\",\"name\":\"Editoras podem inscrever obras at\\u00e9 maio &raquo; Abrelivros\",\"isPartOf\":{\"@id\":\"https:\/\/abrelivros.org.br\/site\/#website\"},\"datePublished\":\"2007-04-11T20:11:00+00:00\",\"dateModified\":\"2007-04-11T20:11:00+00:00\",\"author\":{\"@id\":\"https:\/\/abrelivros.org.br\/site\/#\/schema\/person\/2b867f13a717bb230f1a3555505f5593\"},\"breadcrumb\":{\"@id\":\"https:\/\/abrelivros.org.br\/site\/editoras-podem-inscrever-obras-ate-maio\/#breadcrumb\"},\"inLanguage\":\"pt-BR\",\"potentialAction\":[{\"@type\":\"ReadAction\",\"target\":[\"https:\/\/abrelivros.org.br\/site\/editoras-podem-inscrever-obras-ate-maio\/\"]}]},{\"@type\":\"BreadcrumbList\",\"@id\":\"https:\/\/abrelivros.org.br\/site\/editoras-podem-inscrever-obras-ate-maio\/#breadcrumb\",\"itemListElement\":[{\"@type\":\"ListItem\",\"position\":1,\"item\":{\"@type\":\"WebPage\",\"@id\":\"https:\/\/abrelivros.org.br\/site\/\",\"url\":\"https:\/\/abrelivros.org.br\/site\/\",\"name\":\"In\\u00edcio\"}},{\"@type\":\"ListItem\",\"position\":2,\"item\":{\"@type\":\"WebPage\",\"@id\":\"https:\/\/abrelivros.org.br\/site\/category\/noticias\/\",\"url\":\"https:\/\/abrelivros.org.br\/site\/category\/noticias\/\",\"name\":\"Not\\u00edcias\"}},{\"@type\":\"ListItem\",\"position\":3,\"item\":{\"@type\":\"WebPage\",\"@id\":\"https:\/\/abrelivros.org.br\/site\/category\/noticias\/noticias-da-imprensa\/\",\"url\":\"https:\/\/abrelivros.org.br\/site\/category\/noticias\/noticias-da-imprensa\/\",\"name\":\"Not\\u00edcias da imprensa\"}},{\"@type\":\"ListItem\",\"position\":4,\"item\":{\"@type\":\"WebPage\",\"@id\":\"https:\/\/abrelivros.org.br\/site\/editoras-podem-inscrever-obras-ate-maio\/\",\"url\":\"https:\/\/abrelivros.org.br\/site\/editoras-podem-inscrever-obras-ate-maio\/\",\"name\":\"Editoras podem inscrever obras at\\u00e9 maio\"}}]},{\"@type\":\"Person\",\"@id\":\"https:\/\/abrelivros.org.br\/site\/#\/schema\/person\/2b867f13a717bb230f1a3555505f5593\",\"name\":\"\\u00a0\",\"image\":{\"@type\":\"ImageObject\",\"@id\":\"https:\/\/abrelivros.org.br\/site\/#personlogo\",\"inLanguage\":\"pt-BR\",\"url\":\"https:\/\/secure.gravatar.com\/avatar\/e80b7f5231be2fff5040a8023da424898002831c5439420df182ae62676d2a6f?s=96&d=mm&r=g\",\"caption\":\"\\u00a0\"}}]}<\/script>\n<!-- \/ Yoast SEO plugin. -->","_links":{"self":[{"href":"https:\/\/abrelivros.org.br\/site\/wp-json\/wp\/v2\/posts\/1783","targetHints":{"allow":["GET"]}}],"collection":[{"href":"https:\/\/abrelivros.org.br\/site\/wp-json\/wp\/v2\/posts"}],"about":[{"href":"https:\/\/abrelivros.org.br\/site\/wp-json\/wp\/v2\/types\/post"}],"author":[{"embeddable":true,"href":"https:\/\/abrelivros.org.br\/site\/wp-json\/wp\/v2\/users\/1"}],"replies":[{"embeddable":true,"href":"https:\/\/abrelivros.org.br\/site\/wp-json\/wp\/v2\/comments?post=1783"}],"version-history":[{"count":0,"href":"https:\/\/abrelivros.org.br\/site\/wp-json\/wp\/v2\/posts\/1783\/revisions"}],"wp:attachment":[{"href":"https:\/\/abrelivros.org.br\/site\/wp-json\/wp\/v2\/media?parent=1783"}],"wp:term":[{"taxonomy":"category","embeddable":true,"href":"https:\/\/abrelivros.org.br\/site\/wp-json\/wp\/v2\/categories?post=1783"},{"taxonomy":"post_tag","embeddable":true,"href":"https:\/\/abrelivros.org.br\/site\/wp-json\/wp\/v2\/tags?post=1783"}],"curies":[{"name":"wp","href":"https:\/\/api.w.org\/{rel}","templated":true}]}}