{"id":1782,"date":"2007-04-16T11:11:00","date_gmt":"2007-04-16T14:11:00","guid":{"rendered":"https:\/\/abrelivros.org.br\/site\/2007\/04\/16\/acoes-de-incentivo-a-leitura-crescem-no-pais\/"},"modified":"2007-04-16T11:11:00","modified_gmt":"2007-04-16T14:11:00","slug":"acoes-de-incentivo-a-leitura-crescem-no-pais","status":"publish","type":"post","link":"https:\/\/abrelivros.org.br\/site\/acoes-de-incentivo-a-leitura-crescem-no-pais\/","title":{"rendered":"A\u00e7\u00f5es de incentivo \u00e0 leitura crescem no pa\u00eds"},"content":{"rendered":"<p>Na tentativa de reverter o baixo interesse dos brasileiros pelos livros -fato apontado em pesquisas do setor-, iniciativas tanto p\u00fablicas quanto privadas de incentivo \u00e0 leitura se multiplicam pelo pa\u00eds.\u00a0<br \/> \u00a0<br \/> O movimento pode ser medido pelo n\u00famero de a\u00e7\u00f5es cadastradas no Plano Nacional do Livro e Leitura, articulado pela Uni\u00e3o, mas que possui a participa\u00e7\u00e3o dos Estados e munic\u00edpios e da sociedade civil.\u00a0<br \/> \u00a0<br \/> Lan\u00e7ado em mar\u00e7o de 2006, o programa praticamente dobrou o n\u00famero de iniciativas cadastradas em um ano, de 162 para 306. H\u00e1 outras cem a\u00e7\u00f5es ainda sob an\u00e1lise da coordena\u00e7\u00e3o do plano.\u00a0<br \/> \u00a0<br \/> Al\u00e9m disso, o pr\u00eamio VivaLeitura (promovido pelo governo federal e pela Organiza\u00e7\u00e3o dos Estados Ibero-Americanos, patrocinado e realizado pela Funda\u00e7\u00e3o Santillana) recebeu 3.031 projetos em 2006, que est\u00e3o sendo sistematizados e tamb\u00e9m poder\u00e3o ser inclu\u00eddos no plano nacional.\u00a0<br \/> \u00a0<br \/> As diversas a\u00e7\u00f5es visam reverter a atual situa\u00e7\u00e3o da leitura no pa\u00eds: o brasileiro l\u00ea, em m\u00e9dia, 1,8 livro por ano, segundo pesquisa da C\u00e2mara Brasileira do Livro e de entidades ligadas a editores. Na Fran\u00e7a, o \u00edndice \u00e9 de 7, e na Col\u00f4mbia, de 2,4. Al\u00e9m disso, cerca de 10% das cidades do pa\u00eds n\u00e3o t\u00eam bibliotecas p\u00fablicas.\u00a0<br \/> \u00a0<br \/> O Plano Nacional do Livro e Leitura visa integrar a\u00e7\u00f5es que v\u00e3o desde o programa da Uni\u00e3o de distribui\u00e7\u00e3o de livros did\u00e1ticos para o ensino b\u00e1sico, que consome R$ 571 milh\u00f5es, at\u00e9 projetos n\u00e3o-governamentais como o do Instituto Ecofuturo (\u201cLer \u00e9 Preciso\u201c), que premia crian\u00e7as e jovens em concursos de reda\u00e7\u00e3o, al\u00e9m de doar bibliotecas comunit\u00e1rias.\u00a0<br \/> \u00a0<br \/> No total, o plano dever\u00e1 contar neste ano com mais de R$ 800 milh\u00f5es. S\u00f3 as a\u00e7\u00f5es da iniciativa privada movimentar\u00e3o R$ 38 milh\u00f5es. \u201cExistem muitas iniciativas de incentivo \u00e0 leitura no pa\u00eds, mas elas estavam desarticuladas, o que causa uma perda de recursos financeiros e humanos\u201c, afirma Jos\u00e9 Castilho Marques Neto, secret\u00e1rio-executivo do plano.\u00a0<br \/> \u00a0<br \/> Apesar do crescimento no n\u00famero de a\u00e7\u00f5es, Marques admite que o n\u00famero \u00e9 insuficiente. Para ele, a situa\u00e7\u00e3o ser\u00e1 satisfat\u00f3ria quando chegar a mil iniciativas cadastradas.\u00a0<br \/> \u00a0<br \/> Al\u00e9m de melhorar a articula\u00e7\u00e3o entre as a\u00e7\u00f5es, o projeto permitir\u00e1 a identifica\u00e7\u00e3o das \u00e1reas onde n\u00e3o h\u00e1 programa de incentivo \u00e0 leitura, que ter\u00e3o de ser prioritariamente atendidas em projetos futuros.\u00a0<br \/> \u00a0<br \/><B> As a\u00e7\u00f5es\u00a0<br \/> \u00a0<br \/><\/B> Algumas das iniciativas adotadas no plano s\u00e3o os pr\u00eamios que incentivam a leitura. O do Instituto Ecofuturo, por exemplo, distribui livros e computadores para os 60 finalistas, al\u00e9m de instalar uma biblioteca comunit\u00e1ria num local indicado pelos premiados.\u00a0<br \/> \u00a0<br \/> Na edi\u00e7\u00e3o 2005-2006, houve 21 mil reda\u00e7\u00f5es inscritas. A expectativa para este ano \u00e9 receber 50 mil textos. \u201c\u00c9 fundamental criar condi\u00e7\u00f5es para que as pessoas compreendam o que l\u00eaem e consigam se expressar\u201c, diz Christine Fontelles, diretora de Educa\u00e7\u00e3o e Cultura do Instituto Ecofuturo.\u00a0<br \/> \u00a0<br \/> Outra iniciativa grande \u00e9 o Pr\u00eamio Vivaleitura. O objetivo \u00e9 estimular e reconhecer as melhores a\u00e7\u00f5es relacionadas \u00e0 leitura no pa\u00eds. Na sua primeira edi\u00e7\u00e3o, no ano passado, o vencedor de cada uma das tr\u00eas categorias recebeu R$ 25 mil.\u00a0<\/p>\n","protected":false},"excerpt":{"rendered":"<p>Na tentativa de reverter o baixo interesse dos brasileiros pelos livros -fato apontado em pesquisas do setor-, iniciativas tanto p\u00fablicas quanto privadas de incentivo \u00e0 leitura se multiplicam pelo pa\u00eds.\u00a0 \u00a0 O movimento pode ser medido pelo n\u00famero de a\u00e7\u00f5es cadastradas no Plano Nacional do Livro e Leitura, articulado pela Uni\u00e3o, mas que possui a [&hellip;]<\/p>\n","protected":false},"author":1,"featured_media":0,"comment_status":"closed","ping_status":"closed","sticky":false,"template":"","format":"standard","meta":{"footnotes":"","_links_to":"","_links_to_target":""},"categories":[9],"tags":[],"class_list":["post-1782","post","type-post","status-publish","format-standard","hentry","category-noticias-da-imprensa"],"yoast_head":"<!-- This site is optimized with the Yoast SEO plugin v15.1 - https:\/\/yoast.com\/wordpress\/plugins\/seo\/ -->\n<title>A\u00e7\u00f5es de incentivo \u00e0 leitura crescem no pa\u00eds &raquo; Abrelivros<\/title>\n<meta name=\"robots\" content=\"index, follow, max-snippet:-1, max-image-preview:large, max-video-preview:-1\" \/>\n<link rel=\"canonical\" href=\"https:\/\/abrelivros.org.br\/site\/acoes-de-incentivo-a-leitura-crescem-no-pais\/\" \/>\n<meta property=\"og:locale\" content=\"pt_BR\" \/>\n<meta property=\"og:type\" content=\"article\" \/>\n<meta property=\"og:title\" content=\"A\u00e7\u00f5es de incentivo \u00e0 leitura crescem no pa\u00eds &raquo; Abrelivros\" \/>\n<meta property=\"og:description\" content=\"Na tentativa de reverter o baixo interesse dos brasileiros pelos livros -fato apontado em pesquisas do setor-, iniciativas tanto p\u00fablicas quanto privadas de incentivo \u00e0 leitura se multiplicam pelo pa\u00eds.\u00a0 \u00a0 O movimento pode ser medido pelo n\u00famero de a\u00e7\u00f5es cadastradas no Plano Nacional do Livro e Leitura, articulado pela Uni\u00e3o, mas que possui a [&hellip;]\" \/>\n<meta property=\"og:url\" content=\"https:\/\/abrelivros.org.br\/site\/acoes-de-incentivo-a-leitura-crescem-no-pais\/\" \/>\n<meta property=\"og:site_name\" content=\"Abrelivros\" \/>\n<meta property=\"article:published_time\" content=\"2007-04-16T14:11:00+00:00\" \/>\n<meta name=\"twitter:card\" content=\"summary_large_image\" \/>\n<script type=\"application\/ld+json\" class=\"yoast-schema-graph\">{\"@context\":\"https:\/\/schema.org\",\"@graph\":[{\"@type\":\"WebSite\",\"@id\":\"https:\/\/abrelivros.org.br\/site\/#website\",\"url\":\"https:\/\/abrelivros.org.br\/site\/\",\"name\":\"Abrelivros\",\"description\":\"\",\"potentialAction\":[{\"@type\":\"SearchAction\",\"target\":\"https:\/\/abrelivros.org.br\/site\/?s={search_term_string}\",\"query-input\":\"required name=search_term_string\"}],\"inLanguage\":\"pt-BR\"},{\"@type\":\"WebPage\",\"@id\":\"https:\/\/abrelivros.org.br\/site\/acoes-de-incentivo-a-leitura-crescem-no-pais\/#webpage\",\"url\":\"https:\/\/abrelivros.org.br\/site\/acoes-de-incentivo-a-leitura-crescem-no-pais\/\",\"name\":\"A\\u00e7\\u00f5es de incentivo \\u00e0 leitura crescem no pa\\u00eds &raquo; Abrelivros\",\"isPartOf\":{\"@id\":\"https:\/\/abrelivros.org.br\/site\/#website\"},\"datePublished\":\"2007-04-16T14:11:00+00:00\",\"dateModified\":\"2007-04-16T14:11:00+00:00\",\"author\":{\"@id\":\"https:\/\/abrelivros.org.br\/site\/#\/schema\/person\/2b867f13a717bb230f1a3555505f5593\"},\"breadcrumb\":{\"@id\":\"https:\/\/abrelivros.org.br\/site\/acoes-de-incentivo-a-leitura-crescem-no-pais\/#breadcrumb\"},\"inLanguage\":\"pt-BR\",\"potentialAction\":[{\"@type\":\"ReadAction\",\"target\":[\"https:\/\/abrelivros.org.br\/site\/acoes-de-incentivo-a-leitura-crescem-no-pais\/\"]}]},{\"@type\":\"BreadcrumbList\",\"@id\":\"https:\/\/abrelivros.org.br\/site\/acoes-de-incentivo-a-leitura-crescem-no-pais\/#breadcrumb\",\"itemListElement\":[{\"@type\":\"ListItem\",\"position\":1,\"item\":{\"@type\":\"WebPage\",\"@id\":\"https:\/\/abrelivros.org.br\/site\/\",\"url\":\"https:\/\/abrelivros.org.br\/site\/\",\"name\":\"In\\u00edcio\"}},{\"@type\":\"ListItem\",\"position\":2,\"item\":{\"@type\":\"WebPage\",\"@id\":\"https:\/\/abrelivros.org.br\/site\/category\/noticias\/\",\"url\":\"https:\/\/abrelivros.org.br\/site\/category\/noticias\/\",\"name\":\"Not\\u00edcias\"}},{\"@type\":\"ListItem\",\"position\":3,\"item\":{\"@type\":\"WebPage\",\"@id\":\"https:\/\/abrelivros.org.br\/site\/category\/noticias\/noticias-da-imprensa\/\",\"url\":\"https:\/\/abrelivros.org.br\/site\/category\/noticias\/noticias-da-imprensa\/\",\"name\":\"Not\\u00edcias da imprensa\"}},{\"@type\":\"ListItem\",\"position\":4,\"item\":{\"@type\":\"WebPage\",\"@id\":\"https:\/\/abrelivros.org.br\/site\/acoes-de-incentivo-a-leitura-crescem-no-pais\/\",\"url\":\"https:\/\/abrelivros.org.br\/site\/acoes-de-incentivo-a-leitura-crescem-no-pais\/\",\"name\":\"A\\u00e7\\u00f5es de incentivo \\u00e0 leitura crescem no pa\\u00eds\"}}]},{\"@type\":\"Person\",\"@id\":\"https:\/\/abrelivros.org.br\/site\/#\/schema\/person\/2b867f13a717bb230f1a3555505f5593\",\"name\":\"\\u00a0\",\"image\":{\"@type\":\"ImageObject\",\"@id\":\"https:\/\/abrelivros.org.br\/site\/#personlogo\",\"inLanguage\":\"pt-BR\",\"url\":\"https:\/\/secure.gravatar.com\/avatar\/e80b7f5231be2fff5040a8023da424898002831c5439420df182ae62676d2a6f?s=96&d=mm&r=g\",\"caption\":\"\\u00a0\"}}]}<\/script>\n<!-- \/ Yoast SEO plugin. -->","_links":{"self":[{"href":"https:\/\/abrelivros.org.br\/site\/wp-json\/wp\/v2\/posts\/1782","targetHints":{"allow":["GET"]}}],"collection":[{"href":"https:\/\/abrelivros.org.br\/site\/wp-json\/wp\/v2\/posts"}],"about":[{"href":"https:\/\/abrelivros.org.br\/site\/wp-json\/wp\/v2\/types\/post"}],"author":[{"embeddable":true,"href":"https:\/\/abrelivros.org.br\/site\/wp-json\/wp\/v2\/users\/1"}],"replies":[{"embeddable":true,"href":"https:\/\/abrelivros.org.br\/site\/wp-json\/wp\/v2\/comments?post=1782"}],"version-history":[{"count":0,"href":"https:\/\/abrelivros.org.br\/site\/wp-json\/wp\/v2\/posts\/1782\/revisions"}],"wp:attachment":[{"href":"https:\/\/abrelivros.org.br\/site\/wp-json\/wp\/v2\/media?parent=1782"}],"wp:term":[{"taxonomy":"category","embeddable":true,"href":"https:\/\/abrelivros.org.br\/site\/wp-json\/wp\/v2\/categories?post=1782"},{"taxonomy":"post_tag","embeddable":true,"href":"https:\/\/abrelivros.org.br\/site\/wp-json\/wp\/v2\/tags?post=1782"}],"curies":[{"name":"wp","href":"https:\/\/api.w.org\/{rel}","templated":true}]}}