{"id":1781,"date":"2007-04-19T16:04:00","date_gmt":"2007-04-19T19:04:00","guid":{"rendered":"https:\/\/abrelivros.org.br\/site\/2007\/04\/19\/uma-jornada-online-para-passo-fundo\/"},"modified":"2007-04-19T16:04:00","modified_gmt":"2007-04-19T19:04:00","slug":"uma-jornada-online-para-passo-fundo","status":"publish","type":"post","link":"https:\/\/abrelivros.org.br\/site\/uma-jornada-online-para-passo-fundo\/","title":{"rendered":"Uma jornada online para Passo Fundo"},"content":{"rendered":"<p>\u201cA Jornada Nacional de Literatura em Passo Fundo vicia, quando percebemos precisamos dela\u201c. A frase constava no bilhete que o escritor Ign\u00e1cio de Loyola Brand\u00e3o enviou para ser lido no lan\u00e7amento oficial da <a href=\"http:\/\/jornadadeliteratura.upf.br\/\" target=\"_blank\" rel=\"noopener noreferrer\">12\u00aa Jornada Nacional de Literatura<\/a>, que aconteceu ontem (17\/04) no SESC Vila Mariana em S\u00e3o Paulo. \u00a0<br \/> \u00a0<br \/> \u00c9 justamente para os \u201cviciados na Jornada\u201c que a organiza\u00e7\u00e3o do evento criou uma nova maneira de participar. Quem n\u00e3o puder viajar at\u00e9 Passo Fundo (RS) ou, ent\u00e3o, n\u00e3o conseguir se inscrever nos debates que acontecer\u00e3o entre os dias 27 e 31\/08, poder\u00e1 acompanhar tudo ao vivo pela internet. \u201cN\u00e3o podemos ficar fechados, precisamos aproveitar a tecnologia\u201c, disse idealizadora da Jornada, a professora T\u00e2nia R\u00f6sing. \u00a0<br \/> \u00a0<br \/> A programa\u00e7\u00e3o do evento tamb\u00e9m conta com a 4\u00aa Jornadinha Nacional de Literatura &#8211; dedicada a estudantes do ensino fundamental e m\u00e9dio -, que ser\u00e1 organizada em quatro tendas coloridas ao redor da tenda principal, que sozinha pode receber nada menos que 4,5 mil pessoas. A Jornada guarda outras novidades este ano, que ser\u00e3o publicadas pelo PublishNews nos pr\u00f3ximos dias. <\/p>\n","protected":false},"excerpt":{"rendered":"<p>\u201cA Jornada Nacional de Literatura em Passo Fundo vicia, quando percebemos precisamos dela\u201c. A frase constava no bilhete que o escritor Ign\u00e1cio de Loyola Brand\u00e3o enviou para ser lido no lan\u00e7amento oficial da 12\u00aa Jornada Nacional de Literatura, que aconteceu ontem (17\/04) no SESC Vila Mariana em S\u00e3o Paulo. \u00a0 \u00a0 \u00c9 justamente para os [&hellip;]<\/p>\n","protected":false},"author":1,"featured_media":0,"comment_status":"closed","ping_status":"closed","sticky":false,"template":"","format":"standard","meta":{"footnotes":"","_links_to":"","_links_to_target":""},"categories":[9],"tags":[],"class_list":["post-1781","post","type-post","status-publish","format-standard","hentry","category-noticias-da-imprensa"],"yoast_head":"<!-- This site is optimized with the Yoast SEO plugin v15.1 - https:\/\/yoast.com\/wordpress\/plugins\/seo\/ -->\n<title>Uma jornada online para Passo Fundo &raquo; Abrelivros<\/title>\n<meta name=\"robots\" content=\"index, follow, max-snippet:-1, max-image-preview:large, max-video-preview:-1\" \/>\n<link rel=\"canonical\" href=\"https:\/\/abrelivros.org.br\/site\/uma-jornada-online-para-passo-fundo\/\" \/>\n<meta property=\"og:locale\" content=\"pt_BR\" \/>\n<meta property=\"og:type\" content=\"article\" \/>\n<meta property=\"og:title\" content=\"Uma jornada online para Passo Fundo &raquo; Abrelivros\" \/>\n<meta property=\"og:description\" content=\"\u201cA Jornada Nacional de Literatura em Passo Fundo vicia, quando percebemos precisamos dela\u201c. A frase constava no bilhete que o escritor Ign\u00e1cio de Loyola Brand\u00e3o enviou para ser lido no lan\u00e7amento oficial da 12\u00aa Jornada Nacional de Literatura, que aconteceu ontem (17\/04) no SESC Vila Mariana em S\u00e3o Paulo. \u00a0 \u00a0 \u00c9 justamente para os [&hellip;]\" \/>\n<meta property=\"og:url\" content=\"https:\/\/abrelivros.org.br\/site\/uma-jornada-online-para-passo-fundo\/\" \/>\n<meta property=\"og:site_name\" content=\"Abrelivros\" \/>\n<meta property=\"article:published_time\" content=\"2007-04-19T19:04:00+00:00\" \/>\n<meta name=\"twitter:card\" content=\"summary_large_image\" \/>\n<script type=\"application\/ld+json\" class=\"yoast-schema-graph\">{\"@context\":\"https:\/\/schema.org\",\"@graph\":[{\"@type\":\"WebSite\",\"@id\":\"https:\/\/abrelivros.org.br\/site\/#website\",\"url\":\"https:\/\/abrelivros.org.br\/site\/\",\"name\":\"Abrelivros\",\"description\":\"\",\"potentialAction\":[{\"@type\":\"SearchAction\",\"target\":\"https:\/\/abrelivros.org.br\/site\/?s={search_term_string}\",\"query-input\":\"required name=search_term_string\"}],\"inLanguage\":\"pt-BR\"},{\"@type\":\"WebPage\",\"@id\":\"https:\/\/abrelivros.org.br\/site\/uma-jornada-online-para-passo-fundo\/#webpage\",\"url\":\"https:\/\/abrelivros.org.br\/site\/uma-jornada-online-para-passo-fundo\/\",\"name\":\"Uma jornada online para Passo Fundo &raquo; Abrelivros\",\"isPartOf\":{\"@id\":\"https:\/\/abrelivros.org.br\/site\/#website\"},\"datePublished\":\"2007-04-19T19:04:00+00:00\",\"dateModified\":\"2007-04-19T19:04:00+00:00\",\"author\":{\"@id\":\"https:\/\/abrelivros.org.br\/site\/#\/schema\/person\/2b867f13a717bb230f1a3555505f5593\"},\"breadcrumb\":{\"@id\":\"https:\/\/abrelivros.org.br\/site\/uma-jornada-online-para-passo-fundo\/#breadcrumb\"},\"inLanguage\":\"pt-BR\",\"potentialAction\":[{\"@type\":\"ReadAction\",\"target\":[\"https:\/\/abrelivros.org.br\/site\/uma-jornada-online-para-passo-fundo\/\"]}]},{\"@type\":\"BreadcrumbList\",\"@id\":\"https:\/\/abrelivros.org.br\/site\/uma-jornada-online-para-passo-fundo\/#breadcrumb\",\"itemListElement\":[{\"@type\":\"ListItem\",\"position\":1,\"item\":{\"@type\":\"WebPage\",\"@id\":\"https:\/\/abrelivros.org.br\/site\/\",\"url\":\"https:\/\/abrelivros.org.br\/site\/\",\"name\":\"In\\u00edcio\"}},{\"@type\":\"ListItem\",\"position\":2,\"item\":{\"@type\":\"WebPage\",\"@id\":\"https:\/\/abrelivros.org.br\/site\/category\/noticias\/\",\"url\":\"https:\/\/abrelivros.org.br\/site\/category\/noticias\/\",\"name\":\"Not\\u00edcias\"}},{\"@type\":\"ListItem\",\"position\":3,\"item\":{\"@type\":\"WebPage\",\"@id\":\"https:\/\/abrelivros.org.br\/site\/category\/noticias\/noticias-da-imprensa\/\",\"url\":\"https:\/\/abrelivros.org.br\/site\/category\/noticias\/noticias-da-imprensa\/\",\"name\":\"Not\\u00edcias da imprensa\"}},{\"@type\":\"ListItem\",\"position\":4,\"item\":{\"@type\":\"WebPage\",\"@id\":\"https:\/\/abrelivros.org.br\/site\/uma-jornada-online-para-passo-fundo\/\",\"url\":\"https:\/\/abrelivros.org.br\/site\/uma-jornada-online-para-passo-fundo\/\",\"name\":\"Uma jornada online para Passo Fundo\"}}]},{\"@type\":\"Person\",\"@id\":\"https:\/\/abrelivros.org.br\/site\/#\/schema\/person\/2b867f13a717bb230f1a3555505f5593\",\"name\":\"\\u00a0\",\"image\":{\"@type\":\"ImageObject\",\"@id\":\"https:\/\/abrelivros.org.br\/site\/#personlogo\",\"inLanguage\":\"pt-BR\",\"url\":\"https:\/\/secure.gravatar.com\/avatar\/e80b7f5231be2fff5040a8023da424898002831c5439420df182ae62676d2a6f?s=96&d=mm&r=g\",\"caption\":\"\\u00a0\"}}]}<\/script>\n<!-- \/ Yoast SEO plugin. -->","_links":{"self":[{"href":"https:\/\/abrelivros.org.br\/site\/wp-json\/wp\/v2\/posts\/1781","targetHints":{"allow":["GET"]}}],"collection":[{"href":"https:\/\/abrelivros.org.br\/site\/wp-json\/wp\/v2\/posts"}],"about":[{"href":"https:\/\/abrelivros.org.br\/site\/wp-json\/wp\/v2\/types\/post"}],"author":[{"embeddable":true,"href":"https:\/\/abrelivros.org.br\/site\/wp-json\/wp\/v2\/users\/1"}],"replies":[{"embeddable":true,"href":"https:\/\/abrelivros.org.br\/site\/wp-json\/wp\/v2\/comments?post=1781"}],"version-history":[{"count":0,"href":"https:\/\/abrelivros.org.br\/site\/wp-json\/wp\/v2\/posts\/1781\/revisions"}],"wp:attachment":[{"href":"https:\/\/abrelivros.org.br\/site\/wp-json\/wp\/v2\/media?parent=1781"}],"wp:term":[{"taxonomy":"category","embeddable":true,"href":"https:\/\/abrelivros.org.br\/site\/wp-json\/wp\/v2\/categories?post=1781"},{"taxonomy":"post_tag","embeddable":true,"href":"https:\/\/abrelivros.org.br\/site\/wp-json\/wp\/v2\/tags?post=1781"}],"curies":[{"name":"wp","href":"https:\/\/api.w.org\/{rel}","templated":true}]}}