{"id":1780,"date":"2007-04-19T16:12:00","date_gmt":"2007-04-19T19:12:00","guid":{"rendered":"https:\/\/abrelivros.org.br\/site\/2007\/04\/19\/2a-edicao-do-premio-vivaleitura-2007\/"},"modified":"2007-04-19T16:12:00","modified_gmt":"2007-04-19T19:12:00","slug":"2a-edicao-do-premio-vivaleitura-2007","status":"publish","type":"post","link":"https:\/\/abrelivros.org.br\/site\/2a-edicao-do-premio-vivaleitura-2007\/","title":{"rendered":"2\u00aa edi\u00e7\u00e3o do Pr\u00eamio Vivaleitura 2007"},"content":{"rendered":"<p>As inscri\u00e7\u00f5es para o Pr\u00eamio Vivaleitura 2007 come\u00e7am na segunda-feira, dia 23 de abril, s\u00e3o gratuitas e podem ser feitas at\u00e9 o dia 9 de julho. O lan\u00e7amento da premia\u00e7\u00e3o ser\u00e1 realizado na mesma data, no Escrit\u00f3rio Regional da Organiza\u00e7\u00e3o dos Estados Ibero-americanos para a Educa\u00e7\u00e3o, a Ci\u00eancia e a Cultura (OEI), em Bras\u00edlia (Setor Hoteleiro Sul, Quadra 6, Conjunto A, Bloco C, sala 919), com caf\u00e9 da manh\u00e3 para a imprensa, \u00e0s 8h30.\u00a0<br \/> \u00a0<br \/> Iniciativa dos minist\u00e9rios da Cultura (MinC) e da Educa\u00e7\u00e3o (MEC) e da OEI, o pr\u00eamio, que faz parte do Plano Nacional do Livro e Leitura (PNLL), tem o objetivo de estimular, fomentar e reconhecer as melhores experi\u00eancias relacionadas \u00e0 leitura. A a\u00e7\u00e3o tem execu\u00e7\u00e3o e patroc\u00ednio da Funda\u00e7\u00e3o Santillana e apoio do Conselho Nacional de Secret\u00e1rios de Educa\u00e7\u00e3o (Consed) e Uni\u00e3o dos Dirigentes Municipais de Educa\u00e7\u00e3o (Undime).\u00a0<br \/> \u00a0<br \/> O pr\u00eamio nasceu da inten\u00e7\u00e3o de dar continuidade \u00e0 mobiliza\u00e7\u00e3o pr\u00f3-leitura empreendida durante o Ano Ibero-americano da Leitura &#8211; 2005, o Vivaleitura. A iniciativa tem dura\u00e7\u00e3o inicial prevista para dez anos (2006-2016) e \u00e9 a maior premia\u00e7\u00e3o individual para fomento \u00e0 leitura no pa\u00eds.\u00a0<br \/> \u00a0<br \/> Na sua primeira edi\u00e7\u00e3o, em 2006, o Pr\u00eamio Vivaleitura recebeu 3.031 inscri\u00e7\u00f5es de todo o Brasil. Os vencedores foram o projeto Jegue-Livro, implementado em Alto Alegre do Pindar\u00e9, no interior do Maranh\u00e3o; o projeto Cordel: Rimas que Encantam, desenvolvido em S\u00e3o Gon\u00e7alo do Amarante, interior do Cear\u00e1; e Liberdade pela Escrita, programa que leva literatura a um pres\u00eddio feminino de Porto Alegre.\u00a0<br \/> \u00a0<br \/> \u00a0<br \/><B> Inscri\u00e7\u00f5es \u00a0<br \/>  \u00a0<br \/><\/B> As inscri\u00e7\u00f5es podem ser feitas, at\u00e9 o dia 9 de julho, pela Internet ( <a href=\"http:\/\/www.premiovivaleitura.org.br\/\" target=\"_blank\" rel=\"noopener noreferrer\">www.premiovivaleitura.org.br<\/a> ) ou por meio de envio de carta registrada, com aviso de recebimento, endere\u00e7ada a: Pr\u00eamio Vivaleitura, Caixa Postal 710377, CEP 03410-970, S\u00e3o Paulo \u2013 SP. \u00a0<br \/> \u00a0<br \/> Poder\u00e3o concorrer ao pr\u00eamio institui\u00e7\u00f5es, \u00f3rg\u00e3os e pessoas f\u00edsicas. Os trabalhos podem ser inscritos em tr\u00eas categorias: (1) bibliotecas p\u00fablicas, privadas e comunit\u00e1rias; (2) escolas p\u00fablicas e privadas; e (3) sociedade: empresas, ONGs, pessoas f\u00edsicas, universidades e institui\u00e7\u00f5es sociais. Na categoria \u2019Sociedade\u2019, uma men\u00e7\u00e3o honrosa ser\u00e1 atribu\u00edda a projetos de empresas. \u00a0<br \/> \u00a0<br \/> Para a fase final da premia\u00e7\u00e3o, ser\u00e3o selecionados cinco projetos de cada categoria, de acordo com crit\u00e9rios como originalidade, dinamismo da a\u00e7\u00e3o na constru\u00e7\u00e3o da cidadania, recursos utilizados, pertin\u00eancia da a\u00e7\u00e3o desenvolvida com a comunidade, abrang\u00eancia, dura\u00e7\u00e3o e resultados alcan\u00e7ados, entre outros. A fase final do julgamento ser\u00e1 realizada por uma comiss\u00e3o avaliadora composta por profissionais da \u00e1rea de leitura e sociedade. \u00a0<br \/> \u00a0<br \/> Os finalistas ser\u00e3o anunciados em setembro e a premia\u00e7\u00e3o est\u00e1 prevista para acontecer no dia 30 de outubro, em Bras\u00edlia. Os vencedores de cada categoria receber\u00e3o um pr\u00eamio de R$ 25 mil.\u00a0<br \/> \u00a0<br \/> \u00a0<br \/> Informa\u00e7\u00f5es: 0800-7700987 (liga\u00e7\u00f5es gratuitas).<\/p>\n<p><\/p>\n","protected":false},"excerpt":{"rendered":"<p>As inscri\u00e7\u00f5es para o Pr\u00eamio Vivaleitura 2007 come\u00e7am na segunda-feira, dia 23 de abril, s\u00e3o gratuitas e podem ser feitas at\u00e9 o dia 9 de julho. O lan\u00e7amento da premia\u00e7\u00e3o ser\u00e1 realizado na mesma data, no Escrit\u00f3rio Regional da Organiza\u00e7\u00e3o dos Estados Ibero-americanos para a Educa\u00e7\u00e3o, a Ci\u00eancia e a Cultura (OEI), em Bras\u00edlia (Setor [&hellip;]<\/p>\n","protected":false},"author":1,"featured_media":0,"comment_status":"closed","ping_status":"closed","sticky":false,"template":"","format":"standard","meta":{"footnotes":"","_links_to":"","_links_to_target":""},"categories":[9],"tags":[],"class_list":["post-1780","post","type-post","status-publish","format-standard","hentry","category-noticias-da-imprensa"],"yoast_head":"<!-- This site is optimized with the Yoast SEO plugin v15.1 - https:\/\/yoast.com\/wordpress\/plugins\/seo\/ -->\n<title>2\u00aa edi\u00e7\u00e3o do Pr\u00eamio Vivaleitura 2007 &raquo; Abrelivros<\/title>\n<meta name=\"robots\" content=\"index, follow, max-snippet:-1, max-image-preview:large, max-video-preview:-1\" \/>\n<link rel=\"canonical\" href=\"https:\/\/abrelivros.org.br\/site\/2a-edicao-do-premio-vivaleitura-2007\/\" \/>\n<meta property=\"og:locale\" content=\"pt_BR\" \/>\n<meta property=\"og:type\" content=\"article\" \/>\n<meta property=\"og:title\" content=\"2\u00aa edi\u00e7\u00e3o do Pr\u00eamio Vivaleitura 2007 &raquo; Abrelivros\" \/>\n<meta property=\"og:description\" content=\"As inscri\u00e7\u00f5es para o Pr\u00eamio Vivaleitura 2007 come\u00e7am na segunda-feira, dia 23 de abril, s\u00e3o gratuitas e podem ser feitas at\u00e9 o dia 9 de julho. O lan\u00e7amento da premia\u00e7\u00e3o ser\u00e1 realizado na mesma data, no Escrit\u00f3rio Regional da Organiza\u00e7\u00e3o dos Estados Ibero-americanos para a Educa\u00e7\u00e3o, a Ci\u00eancia e a Cultura (OEI), em Bras\u00edlia (Setor [&hellip;]\" \/>\n<meta property=\"og:url\" content=\"https:\/\/abrelivros.org.br\/site\/2a-edicao-do-premio-vivaleitura-2007\/\" \/>\n<meta property=\"og:site_name\" content=\"Abrelivros\" \/>\n<meta property=\"article:published_time\" content=\"2007-04-19T19:12:00+00:00\" \/>\n<meta name=\"twitter:card\" content=\"summary_large_image\" \/>\n<script type=\"application\/ld+json\" class=\"yoast-schema-graph\">{\"@context\":\"https:\/\/schema.org\",\"@graph\":[{\"@type\":\"WebSite\",\"@id\":\"https:\/\/abrelivros.org.br\/site\/#website\",\"url\":\"https:\/\/abrelivros.org.br\/site\/\",\"name\":\"Abrelivros\",\"description\":\"\",\"potentialAction\":[{\"@type\":\"SearchAction\",\"target\":\"https:\/\/abrelivros.org.br\/site\/?s={search_term_string}\",\"query-input\":\"required name=search_term_string\"}],\"inLanguage\":\"pt-BR\"},{\"@type\":\"WebPage\",\"@id\":\"https:\/\/abrelivros.org.br\/site\/2a-edicao-do-premio-vivaleitura-2007\/#webpage\",\"url\":\"https:\/\/abrelivros.org.br\/site\/2a-edicao-do-premio-vivaleitura-2007\/\",\"name\":\"2\\u00aa edi\\u00e7\\u00e3o do Pr\\u00eamio Vivaleitura 2007 &raquo; Abrelivros\",\"isPartOf\":{\"@id\":\"https:\/\/abrelivros.org.br\/site\/#website\"},\"datePublished\":\"2007-04-19T19:12:00+00:00\",\"dateModified\":\"2007-04-19T19:12:00+00:00\",\"author\":{\"@id\":\"https:\/\/abrelivros.org.br\/site\/#\/schema\/person\/2b867f13a717bb230f1a3555505f5593\"},\"breadcrumb\":{\"@id\":\"https:\/\/abrelivros.org.br\/site\/2a-edicao-do-premio-vivaleitura-2007\/#breadcrumb\"},\"inLanguage\":\"pt-BR\",\"potentialAction\":[{\"@type\":\"ReadAction\",\"target\":[\"https:\/\/abrelivros.org.br\/site\/2a-edicao-do-premio-vivaleitura-2007\/\"]}]},{\"@type\":\"BreadcrumbList\",\"@id\":\"https:\/\/abrelivros.org.br\/site\/2a-edicao-do-premio-vivaleitura-2007\/#breadcrumb\",\"itemListElement\":[{\"@type\":\"ListItem\",\"position\":1,\"item\":{\"@type\":\"WebPage\",\"@id\":\"https:\/\/abrelivros.org.br\/site\/\",\"url\":\"https:\/\/abrelivros.org.br\/site\/\",\"name\":\"In\\u00edcio\"}},{\"@type\":\"ListItem\",\"position\":2,\"item\":{\"@type\":\"WebPage\",\"@id\":\"https:\/\/abrelivros.org.br\/site\/category\/noticias\/\",\"url\":\"https:\/\/abrelivros.org.br\/site\/category\/noticias\/\",\"name\":\"Not\\u00edcias\"}},{\"@type\":\"ListItem\",\"position\":3,\"item\":{\"@type\":\"WebPage\",\"@id\":\"https:\/\/abrelivros.org.br\/site\/category\/noticias\/noticias-da-imprensa\/\",\"url\":\"https:\/\/abrelivros.org.br\/site\/category\/noticias\/noticias-da-imprensa\/\",\"name\":\"Not\\u00edcias da imprensa\"}},{\"@type\":\"ListItem\",\"position\":4,\"item\":{\"@type\":\"WebPage\",\"@id\":\"https:\/\/abrelivros.org.br\/site\/2a-edicao-do-premio-vivaleitura-2007\/\",\"url\":\"https:\/\/abrelivros.org.br\/site\/2a-edicao-do-premio-vivaleitura-2007\/\",\"name\":\"2\\u00aa edi\\u00e7\\u00e3o do Pr\\u00eamio Vivaleitura 2007\"}}]},{\"@type\":\"Person\",\"@id\":\"https:\/\/abrelivros.org.br\/site\/#\/schema\/person\/2b867f13a717bb230f1a3555505f5593\",\"name\":\"\\u00a0\",\"image\":{\"@type\":\"ImageObject\",\"@id\":\"https:\/\/abrelivros.org.br\/site\/#personlogo\",\"inLanguage\":\"pt-BR\",\"url\":\"https:\/\/secure.gravatar.com\/avatar\/e80b7f5231be2fff5040a8023da424898002831c5439420df182ae62676d2a6f?s=96&d=mm&r=g\",\"caption\":\"\\u00a0\"}}]}<\/script>\n<!-- \/ Yoast SEO plugin. -->","_links":{"self":[{"href":"https:\/\/abrelivros.org.br\/site\/wp-json\/wp\/v2\/posts\/1780","targetHints":{"allow":["GET"]}}],"collection":[{"href":"https:\/\/abrelivros.org.br\/site\/wp-json\/wp\/v2\/posts"}],"about":[{"href":"https:\/\/abrelivros.org.br\/site\/wp-json\/wp\/v2\/types\/post"}],"author":[{"embeddable":true,"href":"https:\/\/abrelivros.org.br\/site\/wp-json\/wp\/v2\/users\/1"}],"replies":[{"embeddable":true,"href":"https:\/\/abrelivros.org.br\/site\/wp-json\/wp\/v2\/comments?post=1780"}],"version-history":[{"count":0,"href":"https:\/\/abrelivros.org.br\/site\/wp-json\/wp\/v2\/posts\/1780\/revisions"}],"wp:attachment":[{"href":"https:\/\/abrelivros.org.br\/site\/wp-json\/wp\/v2\/media?parent=1780"}],"wp:term":[{"taxonomy":"category","embeddable":true,"href":"https:\/\/abrelivros.org.br\/site\/wp-json\/wp\/v2\/categories?post=1780"},{"taxonomy":"post_tag","embeddable":true,"href":"https:\/\/abrelivros.org.br\/site\/wp-json\/wp\/v2\/tags?post=1780"}],"curies":[{"name":"wp","href":"https:\/\/api.w.org\/{rel}","templated":true}]}}