{"id":1778,"date":"2007-04-19T17:11:00","date_gmt":"2007-04-19T20:11:00","guid":{"rendered":"https:\/\/abrelivros.org.br\/site\/2007\/04\/19\/escolas-publicas-receberao-obras-consagradas-no-dia-do-livro-infantil\/"},"modified":"2007-04-19T17:11:00","modified_gmt":"2007-04-19T20:11:00","slug":"escolas-publicas-receberao-obras-consagradas-no-dia-do-livro-infantil","status":"publish","type":"post","link":"https:\/\/abrelivros.org.br\/site\/escolas-publicas-receberao-obras-consagradas-no-dia-do-livro-infantil\/","title":{"rendered":"Escolas p\u00fablicas receber\u00e3o obras consagradas no Dia do Livro Infantil"},"content":{"rendered":"<p>Nesta quarta-feira, 18 de abril, comemorou-se o Dia Nacional do Livro Infantil, uma homenagem ao anivers\u00e1rio do escritor brasileiro Monteiro Lobato (1882-1948), autor de conhecidas hist\u00f3rias infantis, como A Menina do Narizinho Arrebitado e O S\u00edtio do Pica-Pau Amarelo. Uma das formas de comemorar a data e homenagear o autor \u00e9 a amplia\u00e7\u00e3o do Programa Nacional Biblioteca da Escola (<a href=\"http:\/\/portal.mec.gov.br\/seb\/index.php?option=content&#038;task=view&#038;id=371\" target=\"_blank\" rel=\"noopener noreferrer\">PNBE<\/a>). Lobato acreditava que um pa\u00eds n\u00e3o se faz apenas com homens, mas tamb\u00e9m com livros.\u00a0<br \/> \u00a0<br \/> A partir de 2008, obras consagradas da literatura infantil ser\u00e3o distribu\u00eddas a todas as escolas p\u00fablicas que atendam alunos at\u00e9 cinco anos de idade. O PNBE beneficia estudantes do ensino fundamental desde 1997, mas pela primeira vez contemplar\u00e1 a educa\u00e7\u00e3o infantil. O objetivo \u00e9 contribuir para que a crian\u00e7a desenvolva, cada vez mais cedo, o h\u00e1bito e o gosto pela leitura. \u00a0<br \/> \u00a0<br \/> Ser\u00e3o investidos R$ 11.140.563,20 para atender 5.065.686 alunos de 85.179 escolas do ensino infantil. Cada escola receber\u00e1 um acervo com 80 livros, escolhidos por profissionais de universidades com reconhecida tradi\u00e7\u00e3o na literatura infantil. Os acervos contemplar\u00e3o textos em verso (poemas, quadras, parlendas, cantigas, trava-l\u00ednguas, adivinha\u00e7\u00f5es); textos em prosa (pequenas hist\u00f3rias, novelas, contos, cr\u00f4nicas, textos de dramaturgia, mem\u00f3rias, biografias); livros de imagens e de hist\u00f3rias em quadrinhos, dentre os quais se incluem obras cl\u00e1ssicas da literatura universal artisticamente adaptadas ao p\u00fablico infantil. \u00a0<br \/> \u00a0<br \/> As editoras que detenham o direito autoral de obras desse tipo t\u00eam at\u00e9 o dia 14 de maio para inscrever livros que possam compor os acervos da educa\u00e7\u00e3o infantil e das s\u00e9ries iniciais do ensino fundamental, que ser\u00e3o distribu\u00eddos em 2008. O edital de convoca\u00e7\u00e3o est\u00e1 dispon\u00edvel na p\u00e1gina eletr\u00f4nica do <a href=\"http:\/\/www.fnde.gov.br\/home\/index.jsp?arquivo=\/editais_licitacoes\/editais_licit.html\" target=\"_blank\" rel=\"noopener noreferrer\">FNDE<\/a>.\u00a0<\/p>\n<p><\/p>\n","protected":false},"excerpt":{"rendered":"<p>Nesta quarta-feira, 18 de abril, comemorou-se o Dia Nacional do Livro Infantil, uma homenagem ao anivers\u00e1rio do escritor brasileiro Monteiro Lobato (1882-1948), autor de conhecidas hist\u00f3rias infantis, como A Menina do Narizinho Arrebitado e O S\u00edtio do Pica-Pau Amarelo. Uma das formas de comemorar a data e homenagear o autor \u00e9 a amplia\u00e7\u00e3o do Programa [&hellip;]<\/p>\n","protected":false},"author":1,"featured_media":0,"comment_status":"closed","ping_status":"closed","sticky":false,"template":"","format":"standard","meta":{"footnotes":"","_links_to":"","_links_to_target":""},"categories":[9],"tags":[],"class_list":["post-1778","post","type-post","status-publish","format-standard","hentry","category-noticias-da-imprensa"],"yoast_head":"<!-- This site is optimized with the Yoast SEO plugin v15.1 - https:\/\/yoast.com\/wordpress\/plugins\/seo\/ -->\n<title>Escolas p\u00fablicas receber\u00e3o obras consagradas no Dia do Livro Infantil &raquo; Abrelivros<\/title>\n<meta name=\"robots\" content=\"index, follow, max-snippet:-1, max-image-preview:large, max-video-preview:-1\" \/>\n<link rel=\"canonical\" href=\"https:\/\/abrelivros.org.br\/site\/escolas-publicas-receberao-obras-consagradas-no-dia-do-livro-infantil\/\" \/>\n<meta property=\"og:locale\" content=\"pt_BR\" \/>\n<meta property=\"og:type\" content=\"article\" \/>\n<meta property=\"og:title\" content=\"Escolas p\u00fablicas receber\u00e3o obras consagradas no Dia do Livro Infantil &raquo; Abrelivros\" \/>\n<meta property=\"og:description\" content=\"Nesta quarta-feira, 18 de abril, comemorou-se o Dia Nacional do Livro Infantil, uma homenagem ao anivers\u00e1rio do escritor brasileiro Monteiro Lobato (1882-1948), autor de conhecidas hist\u00f3rias infantis, como A Menina do Narizinho Arrebitado e O S\u00edtio do Pica-Pau Amarelo. Uma das formas de comemorar a data e homenagear o autor \u00e9 a amplia\u00e7\u00e3o do Programa [&hellip;]\" \/>\n<meta property=\"og:url\" content=\"https:\/\/abrelivros.org.br\/site\/escolas-publicas-receberao-obras-consagradas-no-dia-do-livro-infantil\/\" \/>\n<meta property=\"og:site_name\" content=\"Abrelivros\" \/>\n<meta property=\"article:published_time\" content=\"2007-04-19T20:11:00+00:00\" \/>\n<meta name=\"twitter:card\" content=\"summary_large_image\" \/>\n<script type=\"application\/ld+json\" class=\"yoast-schema-graph\">{\"@context\":\"https:\/\/schema.org\",\"@graph\":[{\"@type\":\"WebSite\",\"@id\":\"https:\/\/abrelivros.org.br\/site\/#website\",\"url\":\"https:\/\/abrelivros.org.br\/site\/\",\"name\":\"Abrelivros\",\"description\":\"\",\"potentialAction\":[{\"@type\":\"SearchAction\",\"target\":\"https:\/\/abrelivros.org.br\/site\/?s={search_term_string}\",\"query-input\":\"required name=search_term_string\"}],\"inLanguage\":\"pt-BR\"},{\"@type\":\"WebPage\",\"@id\":\"https:\/\/abrelivros.org.br\/site\/escolas-publicas-receberao-obras-consagradas-no-dia-do-livro-infantil\/#webpage\",\"url\":\"https:\/\/abrelivros.org.br\/site\/escolas-publicas-receberao-obras-consagradas-no-dia-do-livro-infantil\/\",\"name\":\"Escolas p\\u00fablicas receber\\u00e3o obras consagradas no Dia do Livro Infantil &raquo; Abrelivros\",\"isPartOf\":{\"@id\":\"https:\/\/abrelivros.org.br\/site\/#website\"},\"datePublished\":\"2007-04-19T20:11:00+00:00\",\"dateModified\":\"2007-04-19T20:11:00+00:00\",\"author\":{\"@id\":\"https:\/\/abrelivros.org.br\/site\/#\/schema\/person\/2b867f13a717bb230f1a3555505f5593\"},\"breadcrumb\":{\"@id\":\"https:\/\/abrelivros.org.br\/site\/escolas-publicas-receberao-obras-consagradas-no-dia-do-livro-infantil\/#breadcrumb\"},\"inLanguage\":\"pt-BR\",\"potentialAction\":[{\"@type\":\"ReadAction\",\"target\":[\"https:\/\/abrelivros.org.br\/site\/escolas-publicas-receberao-obras-consagradas-no-dia-do-livro-infantil\/\"]}]},{\"@type\":\"BreadcrumbList\",\"@id\":\"https:\/\/abrelivros.org.br\/site\/escolas-publicas-receberao-obras-consagradas-no-dia-do-livro-infantil\/#breadcrumb\",\"itemListElement\":[{\"@type\":\"ListItem\",\"position\":1,\"item\":{\"@type\":\"WebPage\",\"@id\":\"https:\/\/abrelivros.org.br\/site\/\",\"url\":\"https:\/\/abrelivros.org.br\/site\/\",\"name\":\"In\\u00edcio\"}},{\"@type\":\"ListItem\",\"position\":2,\"item\":{\"@type\":\"WebPage\",\"@id\":\"https:\/\/abrelivros.org.br\/site\/category\/noticias\/\",\"url\":\"https:\/\/abrelivros.org.br\/site\/category\/noticias\/\",\"name\":\"Not\\u00edcias\"}},{\"@type\":\"ListItem\",\"position\":3,\"item\":{\"@type\":\"WebPage\",\"@id\":\"https:\/\/abrelivros.org.br\/site\/category\/noticias\/noticias-da-imprensa\/\",\"url\":\"https:\/\/abrelivros.org.br\/site\/category\/noticias\/noticias-da-imprensa\/\",\"name\":\"Not\\u00edcias da imprensa\"}},{\"@type\":\"ListItem\",\"position\":4,\"item\":{\"@type\":\"WebPage\",\"@id\":\"https:\/\/abrelivros.org.br\/site\/escolas-publicas-receberao-obras-consagradas-no-dia-do-livro-infantil\/\",\"url\":\"https:\/\/abrelivros.org.br\/site\/escolas-publicas-receberao-obras-consagradas-no-dia-do-livro-infantil\/\",\"name\":\"Escolas p\\u00fablicas receber\\u00e3o obras consagradas no Dia do Livro Infantil\"}}]},{\"@type\":\"Person\",\"@id\":\"https:\/\/abrelivros.org.br\/site\/#\/schema\/person\/2b867f13a717bb230f1a3555505f5593\",\"name\":\"\\u00a0\",\"image\":{\"@type\":\"ImageObject\",\"@id\":\"https:\/\/abrelivros.org.br\/site\/#personlogo\",\"inLanguage\":\"pt-BR\",\"url\":\"https:\/\/secure.gravatar.com\/avatar\/e80b7f5231be2fff5040a8023da424898002831c5439420df182ae62676d2a6f?s=96&d=mm&r=g\",\"caption\":\"\\u00a0\"}}]}<\/script>\n<!-- \/ Yoast SEO plugin. -->","_links":{"self":[{"href":"https:\/\/abrelivros.org.br\/site\/wp-json\/wp\/v2\/posts\/1778","targetHints":{"allow":["GET"]}}],"collection":[{"href":"https:\/\/abrelivros.org.br\/site\/wp-json\/wp\/v2\/posts"}],"about":[{"href":"https:\/\/abrelivros.org.br\/site\/wp-json\/wp\/v2\/types\/post"}],"author":[{"embeddable":true,"href":"https:\/\/abrelivros.org.br\/site\/wp-json\/wp\/v2\/users\/1"}],"replies":[{"embeddable":true,"href":"https:\/\/abrelivros.org.br\/site\/wp-json\/wp\/v2\/comments?post=1778"}],"version-history":[{"count":0,"href":"https:\/\/abrelivros.org.br\/site\/wp-json\/wp\/v2\/posts\/1778\/revisions"}],"wp:attachment":[{"href":"https:\/\/abrelivros.org.br\/site\/wp-json\/wp\/v2\/media?parent=1778"}],"wp:term":[{"taxonomy":"category","embeddable":true,"href":"https:\/\/abrelivros.org.br\/site\/wp-json\/wp\/v2\/categories?post=1778"},{"taxonomy":"post_tag","embeddable":true,"href":"https:\/\/abrelivros.org.br\/site\/wp-json\/wp\/v2\/tags?post=1778"}],"curies":[{"name":"wp","href":"https:\/\/api.w.org\/{rel}","templated":true}]}}