{"id":1776,"date":"2007-04-24T15:06:00","date_gmt":"2007-04-24T18:06:00","guid":{"rendered":"https:\/\/abrelivros.org.br\/site\/2007\/04\/24\/plano-de-desenvolvimento-da-educacao-foi-lancado-nesta-terca\/"},"modified":"2007-04-24T15:06:00","modified_gmt":"2007-04-24T18:06:00","slug":"plano-de-desenvolvimento-da-educacao-foi-lancado-nesta-terca","status":"publish","type":"post","link":"https:\/\/abrelivros.org.br\/site\/plano-de-desenvolvimento-da-educacao-foi-lancado-nesta-terca\/","title":{"rendered":"Plano de Desenvolvimento da Educa\u00e7\u00e3o foi lan\u00e7ado nesta ter\u00e7a"},"content":{"rendered":"<p>O presidente da Rep\u00fablica e o ministro da Educa\u00e7\u00e3o lan\u00e7aram nesta ter\u00e7a-feira, 24 de abril, \u00e0s 11h, no Pal\u00e1cio do Planalto, o Plano de Desenvolvimento da Educa\u00e7\u00e3o (PDE).<\/p>\n<p> O PDE abrange medidas para todas as etapas da educa\u00e7\u00e3o, com prioridade para a educa\u00e7\u00e3o b\u00e1sica.<\/p>\n<p> <a href=\"http:\/\/portal.mec.gov.br\/pde\/\" target=\"_blank\" rel=\"noopener noreferrer\">Conhe\u00e7a as medidas do PDE<\/a>.<\/p>\n<p><B> Lula diz que educa\u00e7\u00e3o vai acabar com \u201delite do ber\u00e7o e do sobrenome\u201d<br \/><\/B> Folha Online<\/p>\n<p> O presidente Luiz In\u00e1cio Lula da Silva lan\u00e7ou oficialmente, na manh\u00e3 desta ter\u00e7a (24), em Bras\u00edlia, o PDE (Plano de Desenvolvimento da Educa\u00e7\u00e3o). Em seu discurso, ele disse que o PDE coloca o Brasil no \u201cnovo s\u00e9culo da educa\u00e7\u00e3o\u201c, e soltou uma frase emblem\u00e1tica: \u201cEste \u00e9 o s\u00e9culo da elite do saber, e n\u00e3o da elite do ber\u00e7o e sobrenome\u201c.\u00a0<br \/> \u00a0<br \/> O presidente tamb\u00e9m disparou uma farpa contra seus antecessores, dizendo que, antes de seu governo, n\u00e3o havia uma vis\u00e3o de conjunto no tratamento da educa\u00e7\u00e3o.\u00a0<br \/> \u00a0<br \/> Segundo Lula, o Fundeb, fundo da educa\u00e7\u00e3o b\u00e1sica aprovado no final de 2006 pelo Congresso, \u00e9 um dos \u201cesteios dos PDE\u201c, e vai \u201caumentar em dez vezes o investimento federal nas \u00e1reas mais carentes do ensino.\u201c\u00a0<br \/> \u00a0<br \/> Para o PDE, o MEC (Minist\u00e9rio da Educa\u00e7\u00e3o) ter\u00e1 incremento de R$ 1 bilh\u00e3o de reais neste ano e, at\u00e9 o final dos pr\u00f3ximos quatro anos, R$ 8 bilh\u00f5es.\u00a0<br \/> \u00a0<br \/> Antes da explana\u00e7\u00e3o do ministro da Educa\u00e7\u00e3o, Fernando Haddad, Lula enumerou pontos que considera importantes dentro do PDE. O primeiro \u00e9 \u201cabrir a universidade para o povo e tranformar o Brasil no pa\u00eds mais democr\u00e1tico do mundo no acesso da universidade\u201c. O PDE, disse Lula, aumenta em 100 mil o n\u00famero anual de bolsas do Prouni, programa federal que banca o ensino superior de estudantes sem recursos.\u00a0<br \/> \u00a0<br \/> O segundo \u00e9 ampliar e modernizar o ensino profissionalizante, colocando um escola t\u00e9cnica em todas as cidades-p\u00f3lo do pais &#8212; uma promessa da campanha eleitoral de 2006. Lula chegou a brincar: \u201cN\u00e3o me arrumem mais cidades-p\u00f3lo neste pa\u00eds, hein?\u201c\u00a0<br \/> \u00a0<br \/> O terceiro ponto \u00e9 a prioridade ao Nordeste, onde est\u00e3o 950 dos mil munic\u00edpios com os mais baixos indicadores na educa\u00e7\u00e3o.\u00a0<br \/> \u00a0<br \/> Perto do final de seu pronunciamento, Lula afirmou: \u201cPreparamos como legado para a juventude um sistema de educa\u00e7\u00e3o que pode colocar o Brasil em p\u00e9 de igualdade com qualquer pa\u00eds desenvolvido\u201c.\u00a0<br \/> \u00a0<br \/> Participaram tamb\u00e9m do lan\u00e7amento os ministros Haddad; Dilma Roussef, da Casa Civil; Guido Mantega, da Fazenda; Jos\u00e9 Gomes Tempor\u00e3o, da Sa\u00fade; Tarso Genro, da Justi\u00e7a; e Patrus Ananias, do Desenvolvimento Social e Combate \u00e0 Fome. \u00a0<br \/> \u00a0<br \/><B> Detalhes do PDE\u00a0<\/p>\n<p><\/B> Anunciado parcialmente nesta segunda, o PDE abrange todas as etapas da educa\u00e7\u00e3o e inclui medidas t\u00edpicas de um pa\u00eds extremamente carente na \u00e1rea e na infra-estrutura &#8212; como garantir luz el\u00e9trica em todas as salas de aula (especialmente na zona rural) e fornecer barcos para o transporte escolar em \u00e1reas isoladas pelas \u00e1guas.\u00a0<br \/> \u00a0<br \/> Outra medida do PDE \u00e9 fixar o piso nacional do magist\u00e9rio em R$ 850, com implanta\u00e7\u00e3o total at\u00e9 2010 &#8212; o que significa que uma parcela importante da categoria recebe menos do que esse valor, que n\u00e3o chega a tr\u00eas m\u00ednimos. Representantes de trabalhadores na educa\u00e7\u00e3o reivindicam mais: querem piso de R$ 1.050 para os docentes do ensino m\u00e9dio.\u00a0<br \/> \u00a0<br \/> H\u00e1 outras medidas que indicam um Brasil num est\u00e1gio mais desenvolvido: o governo vai criar um \u00edndice qualitativo para cobrar resultados das prefeituras, al\u00e9m de ampliar o alcance de suas avalia\u00e7\u00f5es nacionais impondo uma \u201cprovinha\u201c a alunos que nem completaram 8 anos.\u00a0<br \/> \u00a0<br \/> O PDE foi elaborado pela equipe do ministro Fernando Haddad e ajudou a convencer o presidente Luiz In\u00e1cio Lula da Silva a mant\u00ea-lo no cargo, que era cobi\u00e7ado pela atual ministra do Turismo, Marta Suplicy, com apoio de parte importante do PT.\u00a0<br \/> \u00a0<br \/> A maior parte do PDE estabelece como data final de suas metas o ano de 2010 &#8212; o \u00faltimo do atual mandato de Lula.\u00a0<br \/> \u00a0<br \/> \u00a0<br \/> \u00a0<br \/><B> Lula promete revolu\u00e7\u00e3o na educa\u00e7\u00e3o, mas evita falar em cifras <br \/><\/B> Folha Online &#8211; Gabriela Guerreiro\u00a0<br \/> \u00a0<br \/> O presidente Luiz In\u00e1cio Lula da Silva afirmou nesta ter\u00e7a-feira, no lan\u00e7amento do PDE (Plano de Desenvolvimento da Educa\u00e7\u00e3o), que a implanta\u00e7\u00e3o do plano far\u00e1 seu governo \u201centrar para a hist\u00f3ria\u201c. Sem falar em cifras, ele prometeu um aumento \u201csignificativo\u201c na verba para a educa\u00e7\u00e3o p\u00fablica, o que inclui melhorias na remunera\u00e7\u00e3o de professores.\u00a0<br \/> \u00a0<br \/> O plano, tamb\u00e9m chamado de PAC (Programa de Acelera\u00e7\u00e3o do Crescimento) da Educa\u00e7\u00e3o, estabelece o piso de R$ 850 para os professores de escolas p\u00fablicas, com amplia\u00e7\u00e3o gradual at\u00e9 2010 aliado \u00e0 capacita\u00e7\u00e3o t\u00e9cnica dos professores em p\u00f3los de forma\u00e7\u00e3o. O presidente afirmou, no entanto, que os problemas educacionais n\u00e3o ser\u00e3o solucionados apenas com recursos financeiros.\u00a0<br \/> \u00a0<br \/> \u201cO plano garante um aumento significativo de verba na educa\u00e7\u00e3o. Mas os problemas do nosso ensino p\u00fablico n\u00e3o se restringem \u00e0 capacidade de investimento. Existe muita coisa que o dinheiro em si n\u00e3o resolve\u201c, afirmou.\u00a0<br \/> \u00a0<br \/> Para o presidente, o PDE inaugura \u201cum novo s\u00e9culo da educa\u00e7\u00e3o do Brasil\u201c. \u201cO s\u00e9culo da elite da compet\u00eancia e do saber, e n\u00e3o apenas elite de ber\u00e7o.\u201c\u00a0<br \/> \u00a0<br \/> \u201cSe n\u00f3s implantarmos tudo que anunciamos aqui hoje, n\u00f3s certamente passaremos para a hist\u00f3ria com uma gera\u00e7\u00e3o de pol\u00edticos que n\u00e3o apenas disse que a juventude era futuro da na\u00e7\u00e3o, mas que preparou como legado para a juventude um sistema de educa\u00e7\u00e3o que finalmente pode colocar o Brasil em p\u00e9 de igualdade com qualquer pa\u00eds do mundo\u201c, disse.\u00a0<br \/> \u00a0<br \/> Lula aproveitou o discurso para criticar a falta de investimento no setor. \u201cO resultado de que o jovem era o futuro da na\u00e7\u00e3o a gente v\u00ea hoje na televis\u00e3o: jovens na criminalidade, meninas de 15, 17 anos se prostituindo. Tudo isso porque em algum momento da hist\u00f3ria n\u00e3o foram feitas as coisas corretas que deveriam ter sido feitas na educa\u00e7\u00e3o.\u201c\u00a0<br \/> \u00a0<br \/><B> Plano\u00a0<br \/> \u00a0<br \/><\/B> O PDE prev\u00ea a\u00e7\u00f5es para a educa\u00e7\u00e3o b\u00e1sica, fundamental, t\u00e9cnica e de adultos. A prioridade do programa, no entanto, s\u00e3o medidas para o ensino m\u00e9dio e infantil. Um dos pontos \u00e9 a cria\u00e7\u00e3o do Ideb (\u00cdndice de Desenvolvimento da Educa\u00e7\u00e3o B\u00e1sica), uma esp\u00e9cie de ranking do rendimento de alunos, taxas de repet\u00eancia e evas\u00e3o escolar.\u00a0<br \/> \u00a0<br \/> O plano tamb\u00e9m prev\u00ea a informatiza\u00e7\u00e3o de todas as escolas p\u00fablicas at\u00e9 2010 e energia el\u00e9trica para escolas que ainda n\u00e3o t\u00eam luz at\u00e9 o final do ano que vem. Outra a\u00e7\u00e3o prevista pelo governo \u00e9 dobrar o n\u00famero de vagas em universidades p\u00fablicas e a instala\u00e7\u00e3o de 150 escolas t\u00e9cnicas em cidades-p\u00f3lo escolhidas pelo Minist\u00e9rio da Educa\u00e7\u00e3o.\u00a0<br \/> \u00a0<br \/><B> Segundo mandato\u00a0<br \/> \u00a0<br \/><\/B> Ao lan\u00e7ar o plano, Lula disse n\u00e3o ter medo de cometer erros em seu segundo mandato. Ele afirmou que, se conseguir cumprir todas as metas previstas pelo PDE, governo vai entrar para a hist\u00f3ria como o que conseguiu efetivamente preparar o jovem para se tornar o futuro do pa\u00eds.\u00a0<br \/> \u00a0<br \/> \u201cN\u00e3o tenho medo de errar. Se n\u00f3s implantarmos tudo que anunciamos aqui hoje, n\u00f3s certamente passaremos para a hist\u00f3ria com uma gera\u00e7\u00e3o de pol\u00edticos que n\u00e3o apenas disse que a juventude era futuro da na\u00e7\u00e3o, mas que preparou como legado para a juventude um sistema de educa\u00e7\u00e3o que finalmente pode colocar o Brasil em p\u00e9 de igualdade com qualquer pa\u00eds do mundo\u201c, disse.\u00a0<br \/> \u00a0<br \/> Lula criticou governos anteriores que, na sua opini\u00e3o, deixaram de adotar medidas na \u00e1rea de educa\u00e7\u00e3o. \u201cO resultado de que o jovem era o futuro da na\u00e7\u00e3o a gente v\u00ea hoje na televis\u00e3o, jovens na criminalidade, meninas de 15, 17 anos se prostituindo. Tudo isso porque em algum momento da hist\u00f3ria n\u00e3o foram feitas as coisas corretas que deveriam ter sido feitas na educa\u00e7\u00e3o.\u201c\u00a0<br \/> \u00a0<br \/> \u00a0<br \/> \u00a0<br \/><B> Haddad exalta vis\u00e3o estrutural do PDE e ataca medida tucana\u00a0<br \/><\/B> Folha Online\u00a0<br \/> \u00a0<br \/> No lan\u00e7amento do PDE (Plano de Desenvolvimento da Educa\u00e7\u00e3o), em Bras\u00edlia, nesta ter\u00e7a-feira (24), o ministro Fernando Haddad afirmou que a s\u00edntese do PDE (Plano de Desenvolvimento da Educa\u00e7\u00e3o) \u00e9 a \u201ctradu\u00e7\u00e3o leg\u00edtima da vis\u00e3o sist\u00eamica [estrutural] da educa\u00e7\u00e3o\u201c, que envolve da expans\u00e3o do ensino infantil, com a cria\u00e7\u00e3o de creches, at\u00e9 o programa de manuten\u00e7\u00e3o de doutores no Brasil, com a distribui\u00e7\u00e3o de bolsas.\u00a0<br \/> \u00a0<br \/> O ministro tamb\u00e9m a elabora\u00e7\u00e3o de atividades dentro da escola em hor\u00e1rio extra-curricular e fez um ataque \u00e0 progress\u00e3o continuada, instalada nas escolas de S\u00e3o Paulo pelo PSDB, na qual fica vetada a repet\u00eancia dos alunos ao final de cada ano: \u201cTemos de desmontar duas ind\u00fastrias que se criaram no pa\u00eds: a da repet\u00eancia e a da progress\u00e3o autom\u00e1tica. Nenhum das duas nos interessa. Queremos que todos os alunos progridam, mas progridam apredendo\u201c.\u00a0<br \/> \u00a0<br \/> Haddad anunciou ainda a meta de que, daqui um ano, no Dia da Educa\u00e7\u00e3o em 2008 (28 de abril), o MEC (Minist\u00e9rio da Educa\u00e7\u00e3o) tenha a assinatura de mil planos de a\u00e7\u00e3o articuladas plurianuais, envolvendo os mil mun\u00edcipios com os piores indicadores educacionais do Brasil. \u00a0<br \/> \u00a0<br \/> Outro destaque do plano ressaltado pelo ministro em seu discuro \u00e9 a instala\u00e7\u00e3o de energia el\u00e9trica em 18 mil escolas que ainda n\u00e3o t\u00eam eletricidade &#8212; neles est\u00e3o 1,5% dos alunos matriculados no pa\u00eds &#8211;, que ficam, em sua maioria, na zona rural.\u00a0<br \/> \u00a0<br \/> Haddad mencionou tamb\u00e9m, como parte das medidas para a rede de escolas da zona rural, a melhoria do transporte escolar (renova\u00e7\u00e3o de toda a frota em dez anos), a informatiza\u00e7\u00e3o e o refor\u00e7o do programa Brasil Alfabetizado (de acordo com o ministro, a maior parte dos jovens e alfabetizados tamb\u00e9m est\u00e1 na zona rural). \u00a0<br \/> \u00a0<br \/><B> Universidade Aberta\u00a0<br \/> \u00a0<br \/><\/B> Adiantando os resultados do segundo processo de ades\u00e3o de munic\u00edpios ao programa Universidade Aberta do Brasil (de ensino a dist\u00e2ncia), Haddad disse que o MEC j\u00e1 recebeu 800 cidades interessadas em abrigar p\u00f3los no programa. \u201cO primeiro edital recebeu 400 propostas, das quais 300 foram aceitas. Ser\u00e3o instalados 200 p\u00f3los a cada ano at\u00e9 o final do mandato, para que at\u00e9 l\u00e1 estej\u00e3o instalados, no Brasil todo, mil p\u00f3los.\u201c \u00a0<br \/> \u00a0<br \/> Para o ensino t\u00e9cnico, Haddad disse haver\u00e1 a cria\u00e7\u00e3o de uma esp\u00e9cie de Universidade Aberta para o ensino m\u00e9dio: nas escolas p\u00fablicas da periferia, os jovens poder\u00e3o receber educa\u00e7\u00e3o t\u00e9cnica fora do seu hor\u00e1rio regular de aulas, \u201cpromovendo, al\u00e9m da forma\u00e7\u00e3o universal, o acesso a educa\u00e7\u00e3o profissional e, assim, reduzindo os \u00edndices de desemprego\u201c, disse o ministro. Ele prometeu ainda a regulamenta\u00e7\u00e3o da lei do est\u00e1gio, que tem de passar pelo Congresso, j\u00e1 que alteraria a CLT. \u00a0<br \/> \u00a0<br \/><B> Ensino superior\u00a0<br \/> \u00a0<br \/><\/B> Quanto aos Fies, o PDE prev\u00ea a mudan\u00e7a da lei do projeto: as universidades podiam usar os t\u00edtulos recebidos do Fies para pagar apenas d\u00edvidas correntes do INSS, e n\u00e3o as passadas. Isso, para Haddad, inibia a ades\u00e3o de novas institui\u00e7\u00f5es ao Fies e a conseq\u00fcente amplia\u00e7\u00e3o do n\u00famero de bolsas oferecidas. \u00a0<br \/> \u00a0<br \/> As bolsas do Fies tamb\u00e9m v\u00e3o atuar em conjunto com o Prouni (Programa Universidade Para Todos): as bolsas parciais oferecidas pelo segundo ser\u00e3o complementadas pelo financiamento do primeiro, fazendo que o aluno n\u00e3o pague nada durante o per\u00edodo de estudo. \u00a0<br \/> \u00a0<br \/> Al\u00e9m disso, as universidades federais v\u00e3o contar com um banco de professores \u201c\u00e0 prova de sucateamento\u201c para que seja autom\u00e1tica a reposi\u00e7\u00e3o de docentes que se aposentam ou sejam exonerados.\u00a0<br \/> \u00a0<\/p>\n<p><\/p>\n","protected":false},"excerpt":{"rendered":"<p>O presidente da Rep\u00fablica e o ministro da Educa\u00e7\u00e3o lan\u00e7aram nesta ter\u00e7a-feira, 24 de abril, \u00e0s 11h, no Pal\u00e1cio do Planalto, o Plano de Desenvolvimento da Educa\u00e7\u00e3o (PDE). O PDE abrange medidas para todas as etapas da educa\u00e7\u00e3o, com prioridade para a educa\u00e7\u00e3o b\u00e1sica. Conhe\u00e7a as medidas do PDE. Lula diz que educa\u00e7\u00e3o vai acabar [&hellip;]<\/p>\n","protected":false},"author":1,"featured_media":0,"comment_status":"closed","ping_status":"closed","sticky":false,"template":"","format":"standard","meta":{"footnotes":"","_links_to":"","_links_to_target":""},"categories":[9],"tags":[],"class_list":["post-1776","post","type-post","status-publish","format-standard","hentry","category-noticias-da-imprensa"],"yoast_head":"<!-- This site is optimized with the Yoast SEO plugin v15.1 - https:\/\/yoast.com\/wordpress\/plugins\/seo\/ -->\n<title>Plano de Desenvolvimento da Educa\u00e7\u00e3o foi lan\u00e7ado nesta ter\u00e7a &raquo; Abrelivros<\/title>\n<meta name=\"robots\" content=\"index, follow, max-snippet:-1, max-image-preview:large, max-video-preview:-1\" \/>\n<link rel=\"canonical\" href=\"https:\/\/abrelivros.org.br\/site\/plano-de-desenvolvimento-da-educacao-foi-lancado-nesta-terca\/\" \/>\n<meta property=\"og:locale\" content=\"pt_BR\" \/>\n<meta property=\"og:type\" content=\"article\" \/>\n<meta property=\"og:title\" content=\"Plano de Desenvolvimento da Educa\u00e7\u00e3o foi lan\u00e7ado nesta ter\u00e7a &raquo; Abrelivros\" \/>\n<meta property=\"og:description\" content=\"O presidente da Rep\u00fablica e o ministro da Educa\u00e7\u00e3o lan\u00e7aram nesta ter\u00e7a-feira, 24 de abril, \u00e0s 11h, no Pal\u00e1cio do Planalto, o Plano de Desenvolvimento da Educa\u00e7\u00e3o (PDE). O PDE abrange medidas para todas as etapas da educa\u00e7\u00e3o, com prioridade para a educa\u00e7\u00e3o b\u00e1sica. Conhe\u00e7a as medidas do PDE. Lula diz que educa\u00e7\u00e3o vai acabar [&hellip;]\" \/>\n<meta property=\"og:url\" content=\"https:\/\/abrelivros.org.br\/site\/plano-de-desenvolvimento-da-educacao-foi-lancado-nesta-terca\/\" \/>\n<meta property=\"og:site_name\" content=\"Abrelivros\" \/>\n<meta property=\"article:published_time\" content=\"2007-04-24T18:06:00+00:00\" \/>\n<meta name=\"twitter:card\" content=\"summary_large_image\" \/>\n<script type=\"application\/ld+json\" class=\"yoast-schema-graph\">{\"@context\":\"https:\/\/schema.org\",\"@graph\":[{\"@type\":\"WebSite\",\"@id\":\"https:\/\/abrelivros.org.br\/site\/#website\",\"url\":\"https:\/\/abrelivros.org.br\/site\/\",\"name\":\"Abrelivros\",\"description\":\"\",\"potentialAction\":[{\"@type\":\"SearchAction\",\"target\":\"https:\/\/abrelivros.org.br\/site\/?s={search_term_string}\",\"query-input\":\"required name=search_term_string\"}],\"inLanguage\":\"pt-BR\"},{\"@type\":\"WebPage\",\"@id\":\"https:\/\/abrelivros.org.br\/site\/plano-de-desenvolvimento-da-educacao-foi-lancado-nesta-terca\/#webpage\",\"url\":\"https:\/\/abrelivros.org.br\/site\/plano-de-desenvolvimento-da-educacao-foi-lancado-nesta-terca\/\",\"name\":\"Plano de Desenvolvimento da Educa\\u00e7\\u00e3o foi lan\\u00e7ado nesta ter\\u00e7a &raquo; Abrelivros\",\"isPartOf\":{\"@id\":\"https:\/\/abrelivros.org.br\/site\/#website\"},\"datePublished\":\"2007-04-24T18:06:00+00:00\",\"dateModified\":\"2007-04-24T18:06:00+00:00\",\"author\":{\"@id\":\"https:\/\/abrelivros.org.br\/site\/#\/schema\/person\/2b867f13a717bb230f1a3555505f5593\"},\"breadcrumb\":{\"@id\":\"https:\/\/abrelivros.org.br\/site\/plano-de-desenvolvimento-da-educacao-foi-lancado-nesta-terca\/#breadcrumb\"},\"inLanguage\":\"pt-BR\",\"potentialAction\":[{\"@type\":\"ReadAction\",\"target\":[\"https:\/\/abrelivros.org.br\/site\/plano-de-desenvolvimento-da-educacao-foi-lancado-nesta-terca\/\"]}]},{\"@type\":\"BreadcrumbList\",\"@id\":\"https:\/\/abrelivros.org.br\/site\/plano-de-desenvolvimento-da-educacao-foi-lancado-nesta-terca\/#breadcrumb\",\"itemListElement\":[{\"@type\":\"ListItem\",\"position\":1,\"item\":{\"@type\":\"WebPage\",\"@id\":\"https:\/\/abrelivros.org.br\/site\/\",\"url\":\"https:\/\/abrelivros.org.br\/site\/\",\"name\":\"In\\u00edcio\"}},{\"@type\":\"ListItem\",\"position\":2,\"item\":{\"@type\":\"WebPage\",\"@id\":\"https:\/\/abrelivros.org.br\/site\/category\/noticias\/\",\"url\":\"https:\/\/abrelivros.org.br\/site\/category\/noticias\/\",\"name\":\"Not\\u00edcias\"}},{\"@type\":\"ListItem\",\"position\":3,\"item\":{\"@type\":\"WebPage\",\"@id\":\"https:\/\/abrelivros.org.br\/site\/category\/noticias\/noticias-da-imprensa\/\",\"url\":\"https:\/\/abrelivros.org.br\/site\/category\/noticias\/noticias-da-imprensa\/\",\"name\":\"Not\\u00edcias da imprensa\"}},{\"@type\":\"ListItem\",\"position\":4,\"item\":{\"@type\":\"WebPage\",\"@id\":\"https:\/\/abrelivros.org.br\/site\/plano-de-desenvolvimento-da-educacao-foi-lancado-nesta-terca\/\",\"url\":\"https:\/\/abrelivros.org.br\/site\/plano-de-desenvolvimento-da-educacao-foi-lancado-nesta-terca\/\",\"name\":\"Plano de Desenvolvimento da Educa\\u00e7\\u00e3o foi lan\\u00e7ado nesta ter\\u00e7a\"}}]},{\"@type\":\"Person\",\"@id\":\"https:\/\/abrelivros.org.br\/site\/#\/schema\/person\/2b867f13a717bb230f1a3555505f5593\",\"name\":\"\\u00a0\",\"image\":{\"@type\":\"ImageObject\",\"@id\":\"https:\/\/abrelivros.org.br\/site\/#personlogo\",\"inLanguage\":\"pt-BR\",\"url\":\"https:\/\/secure.gravatar.com\/avatar\/e80b7f5231be2fff5040a8023da424898002831c5439420df182ae62676d2a6f?s=96&d=mm&r=g\",\"caption\":\"\\u00a0\"}}]}<\/script>\n<!-- \/ Yoast SEO plugin. -->","_links":{"self":[{"href":"https:\/\/abrelivros.org.br\/site\/wp-json\/wp\/v2\/posts\/1776","targetHints":{"allow":["GET"]}}],"collection":[{"href":"https:\/\/abrelivros.org.br\/site\/wp-json\/wp\/v2\/posts"}],"about":[{"href":"https:\/\/abrelivros.org.br\/site\/wp-json\/wp\/v2\/types\/post"}],"author":[{"embeddable":true,"href":"https:\/\/abrelivros.org.br\/site\/wp-json\/wp\/v2\/users\/1"}],"replies":[{"embeddable":true,"href":"https:\/\/abrelivros.org.br\/site\/wp-json\/wp\/v2\/comments?post=1776"}],"version-history":[{"count":0,"href":"https:\/\/abrelivros.org.br\/site\/wp-json\/wp\/v2\/posts\/1776\/revisions"}],"wp:attachment":[{"href":"https:\/\/abrelivros.org.br\/site\/wp-json\/wp\/v2\/media?parent=1776"}],"wp:term":[{"taxonomy":"category","embeddable":true,"href":"https:\/\/abrelivros.org.br\/site\/wp-json\/wp\/v2\/categories?post=1776"},{"taxonomy":"post_tag","embeddable":true,"href":"https:\/\/abrelivros.org.br\/site\/wp-json\/wp\/v2\/tags?post=1776"}],"curies":[{"name":"wp","href":"https:\/\/api.w.org\/{rel}","templated":true}]}}