{"id":1775,"date":"2007-04-25T11:47:00","date_gmt":"2007-04-25T14:47:00","guid":{"rendered":"https:\/\/abrelivros.org.br\/site\/2007\/04\/25\/ex-ministros-criticam-mas-veem-avancos\/"},"modified":"2007-04-25T11:47:00","modified_gmt":"2007-04-25T14:47:00","slug":"ex-ministros-criticam-mas-veem-avancos","status":"publish","type":"post","link":"https:\/\/abrelivros.org.br\/site\/ex-ministros-criticam-mas-veem-avancos\/","title":{"rendered":"Ex-ministros criticam, mas v\u00eaem avan\u00e7os"},"content":{"rendered":"<p>O PDE lan\u00e7ado pelo presidente Lula foi criticado pelos ex-ministros da Educa\u00e7\u00e3o e parlamentares Paulo Renato de Souza (PSDB-SP) e Cristovam Buarque (PDT-DF). Ambos admitem avan\u00e7os, mas v\u00eaem problemas.\u00a0<br \/> \u00a0<br \/> \u201cO PDE \u00e9 um pouco mais forte que uma aspirina, mas n\u00e3o chega a ser um antibi\u00f3tico\u201c, disse Cristovam.\u00a0<\/p>\n<p> Para Buarque, o avan\u00e7o maior acontece nas etapas de educa\u00e7\u00e3o superior e t\u00e9cnica, mas a educa\u00e7\u00e3o b\u00e1sica -prioridade do PDE-n\u00e3o seria \u201cnada al\u00e9m de um novo passo dos \u00faltimos 20 anos\u201c.\u00a0<br \/> \u00a0<br \/> Paulo Renato discorda. \u201cGostei muito da parte que aborda o ensino b\u00e1sico. \u00c9 um verdadeiro plano\u201c, disse. O ex-ministro do governo FHC questiona exatamente a parte do plano que recebeu elogios de Cristovam: \u201cAs medidas relacionadas ao ensino superior e t\u00e9cnico n\u00e3o resultam em um plano.\u201c\u00a0<br \/> \u00a0<br \/> \u00a0<br \/> \u00a0<br \/><B> Especialistas em educa\u00e7\u00e3o opinam sobre o PDE<br \/><\/B> Portal MEC &#8211; Let\u00edcia Tancredi\u00a0<br \/> \u00a0<br \/> Educadores, ministros, embaixadores, parlamentares, empres\u00e1rios e representantes de ONGs compareceram \u00e0 cerim\u00f4nia de lan\u00e7amento do Plano de Desenvolvimento da Educa\u00e7\u00e3o, nesta ter\u00e7a-feira, 24, no Pal\u00e1cio do Planalto. Confira algumas opini\u00f5es de especialistas sobre as medidas:\u00a0<br \/> \u00a0<br \/><B> Timothy Mulholland \u2014 Reitor da Universidade de Bras\u00edlia<\/B> \u2014  \u201cO plano \u00e9 louv\u00e1vel por seu esp\u00edrito e pelos mecanismos que ser\u00e3o instalados para seu funcionamento. \u00c9 uma conquista para a autonomia universit\u00e1ria e vai ajudar a tornar a gest\u00e3o das universidades mais fluida e mais \u00e1gil. Outro grande problema nosso \u00e9 a gest\u00e3o de pessoal que, agora, tamb\u00e9m vai ganhar com a medida de libera\u00e7\u00e3o da reposi\u00e7\u00e3o de quadros.\u201d\u00a0<br \/> \u00a0<br \/><B> Paulo Speller \u2014 Presidente da Associa\u00e7\u00e3o Nacional dos Dirigentes das Institui\u00e7\u00f5es Federais de Ensino Superior (Andifes)<\/B> \u2014 \u201c\u00c9 um ato de coragem do governo federal de colocar a si pr\u00f3prio na linha de frente do compromisso para, de uma vez por todas, dar in\u00edcio ao processo de constru\u00e7\u00e3o de uma educa\u00e7\u00e3o p\u00fablica de qualidade, que n\u00f3s nunca tivemos neste pa\u00eds. Educa\u00e7\u00e3o no Brasil sempre foi sin\u00f4nimo de privil\u00e9gio para os filhos da elite. \u00c9 a primeira vez que n\u00f3s temos no nosso pa\u00eds um plano que busca levar essa qualidade para o conjunto da sociedade.\u201d\u00a0<br \/> \u00a0<br \/><B> Carlos Abicalil \u2014 Deputado federal (PT\/MT) e membro da Comiss\u00e3o de Educa\u00e7\u00e3o da C\u00e2mara dos Deputados <\/B>\u2014 \u201cEssas medidas d\u00e3o instrumentos operacionais para que o governo conduza uma constru\u00e7\u00e3o de qualidade da oferta educacional brasileira. J\u00e1 estamos em uma outra etapa no n\u00edvel da educa\u00e7\u00e3o e creio que o pr\u00f3ximo s\u00e9culo ser\u00e1 assegurado pela vigil\u00e2ncia e mobiliza\u00e7\u00e3o popular e por uma resposta adequada do poder p\u00fablico.\u201d\u00a0<br \/> \u00a0<br \/><B> Cl\u00e1udio Gomes \u2014 Diretor-geral do Cefet-CE <\/B>\u2014 \u201cO PDE representa um dos maiores avan\u00e7os da educa\u00e7\u00e3o brasileira nos \u00faltimos anos. E a cria\u00e7\u00e3o de novas unidades dos Cefets, escolas t\u00e9cnicas e agrot\u00e9cnicas em todo o Brasil \u00e9 fundamental para o desenvolvimento sustent\u00e1vel do pa\u00eds, principalmente porque essas unidades est\u00e3o indo para o interior, onde as oportunidades de forma\u00e7\u00e3o profissional dos nossos jovens s\u00e3o muito escassas.\u201d\u00a0<br \/> \u00a0<br \/><B> Jo\u00e3o Dilmar \u2014 Prefeito de Limoeiro do Norte (CE) e presidente da Associa\u00e7\u00e3o dos Prefeitos do Cear\u00e1<\/B> \u2014 \u201cChegou o momento de um desenvolvimento mais integrado da educa\u00e7\u00e3o neste pa\u00eds. O tempo de perman\u00eancia do aluno na escola \u00e9 muito importante para a gente l\u00e1 no Nordeste. Com a implementa\u00e7\u00e3o do plano vamos ter uma educa\u00e7\u00e3o de qualidade.\u201d\u00a0<br \/> \u00a0<br \/><B> Maria do Pilar Lacerda \u2014 Presidente da Uni\u00e3o Nacional dos Dirigentes Municipais de Educa\u00e7\u00e3o (Undime) <\/B>\u2014 \u201cTalvez a grande revolu\u00e7\u00e3o do plano seja a de lan\u00e7ar um olhar cuidadoso para aqueles munic\u00edpios que nunca conseguiram chegar a Bras\u00edlia para reivindicar seus direitos e que t\u00eam menos recursos e os menores \u00edndices de desenvolvimento. N\u00f3s, secret\u00e1rios municipais de educa\u00e7\u00e3o, estamos entusiasmados com a possibilidade de que o plano tenha impacto na escola rural do menor munic\u00edpio brasileiro. Outro aspecto importante \u00e9 o foco dado \u00e0 fam\u00edlia. Os dirigentes municipais est\u00e3o muito engajados nessa proposta. \u00c9 importante saber que tem um movimento nacional hoje e que n\u00e3o \u00e9 s\u00f3 do governo, \u00e9 da imprensa, sociedade, de pais e m\u00e3es, pois n\u00e3o d\u00e1 para se trabalhar mais nos padr\u00f5es de qualidade que se trabalhava no Brasil at\u00e9 ent\u00e3o.\u201d\u00a0<br \/> \u00a0<br \/><B> Suely Rodarte \u2014 Secret\u00e1ria municipal de educa\u00e7\u00e3o de Carmo da Cachoeira (MG)<\/B> \u2014 \u201cNunca \u00e9 tarde. Hoje, todos n\u00f3s, os munic\u00edpios mais distantes, estamos envolvidos e participantes dos planos de educa\u00e7\u00e3o. Esse plano vai nos levar \u00e0 equipara\u00e7\u00e3o com outros pa\u00edses. A educa\u00e7\u00e3o n\u00e3o \u00e9 mais plano pol\u00edtico, agora \u00e9 plano de na\u00e7\u00e3o. Ela come\u00e7a a ter toda a sua firmeza. Dou o exemplo da minha cidade, que \u00e9 um munic\u00edpio de 13 mil habitantes no sul de Minas, em que hoje est\u00e1 sendo criado um p\u00f3lo da Universidade Aberta do Brasil (UAB).\u201d\u00a0<br \/> \u00a0<br \/><B> C\u00e9lio da Cunha \u2014 Especialista em educa\u00e7\u00e3o da Unesco no Brasil <\/B>\u2014 \u201cO ponto mais global do plano talvez seja o fato de que a concep\u00e7\u00e3o pedag\u00f3gica est\u00e1 focada na aprendizagem. O plano tem a grande meta de substituir uma cultura j\u00e1 arraigada h\u00e1 d\u00e9cadas na educa\u00e7\u00e3o, que \u00e9 a cultura do fracasso, substituindo-a por uma cultura da aprendizagem, do sucesso. \u00c9 uma aprendizagem com cidadania, com forma\u00e7\u00e3o \u00e9tica. Essa \u00e9 a grande virtude. Para atingir esse objetivo o plano tem o cuidado de atuar simultaneamente em diversas vari\u00e1veis, por exemplo, no piso dos professores, o que reconstr\u00f3i a auto-estima do professor brasileiro. A escola passa a ser uma ag\u00eancia de aprendizagem e cidadania. N\u00e3o \u00e9 um plano para um governo, como o ministro enfatizou, \u00e9 um plano com objetivo de se tornar uma pol\u00edtica de estado.\u201d<\/p>\n<p><\/p>\n","protected":false},"excerpt":{"rendered":"<p>O PDE lan\u00e7ado pelo presidente Lula foi criticado pelos ex-ministros da Educa\u00e7\u00e3o e parlamentares Paulo Renato de Souza (PSDB-SP) e Cristovam Buarque (PDT-DF). Ambos admitem avan\u00e7os, mas v\u00eaem problemas.\u00a0 \u00a0 \u201cO PDE \u00e9 um pouco mais forte que uma aspirina, mas n\u00e3o chega a ser um antibi\u00f3tico\u201c, disse Cristovam.\u00a0 Para Buarque, o avan\u00e7o maior acontece [&hellip;]<\/p>\n","protected":false},"author":1,"featured_media":0,"comment_status":"closed","ping_status":"closed","sticky":false,"template":"","format":"standard","meta":{"footnotes":"","_links_to":"","_links_to_target":""},"categories":[9],"tags":[],"class_list":["post-1775","post","type-post","status-publish","format-standard","hentry","category-noticias-da-imprensa"],"yoast_head":"<!-- This site is optimized with the Yoast SEO plugin v15.1 - https:\/\/yoast.com\/wordpress\/plugins\/seo\/ -->\n<title>Ex-ministros criticam, mas v\u00eaem avan\u00e7os &raquo; Abrelivros<\/title>\n<meta name=\"robots\" content=\"index, follow, max-snippet:-1, max-image-preview:large, max-video-preview:-1\" \/>\n<link rel=\"canonical\" href=\"https:\/\/abrelivros.org.br\/site\/ex-ministros-criticam-mas-veem-avancos\/\" \/>\n<meta property=\"og:locale\" content=\"pt_BR\" \/>\n<meta property=\"og:type\" content=\"article\" \/>\n<meta property=\"og:title\" content=\"Ex-ministros criticam, mas v\u00eaem avan\u00e7os &raquo; Abrelivros\" \/>\n<meta property=\"og:description\" content=\"O PDE lan\u00e7ado pelo presidente Lula foi criticado pelos ex-ministros da Educa\u00e7\u00e3o e parlamentares Paulo Renato de Souza (PSDB-SP) e Cristovam Buarque (PDT-DF). Ambos admitem avan\u00e7os, mas v\u00eaem problemas.\u00a0 \u00a0 \u201cO PDE \u00e9 um pouco mais forte que uma aspirina, mas n\u00e3o chega a ser um antibi\u00f3tico\u201c, disse Cristovam.\u00a0 Para Buarque, o avan\u00e7o maior acontece [&hellip;]\" \/>\n<meta property=\"og:url\" content=\"https:\/\/abrelivros.org.br\/site\/ex-ministros-criticam-mas-veem-avancos\/\" \/>\n<meta property=\"og:site_name\" content=\"Abrelivros\" \/>\n<meta property=\"article:published_time\" content=\"2007-04-25T14:47:00+00:00\" \/>\n<meta name=\"twitter:card\" content=\"summary_large_image\" \/>\n<script type=\"application\/ld+json\" class=\"yoast-schema-graph\">{\"@context\":\"https:\/\/schema.org\",\"@graph\":[{\"@type\":\"WebSite\",\"@id\":\"https:\/\/abrelivros.org.br\/site\/#website\",\"url\":\"https:\/\/abrelivros.org.br\/site\/\",\"name\":\"Abrelivros\",\"description\":\"\",\"potentialAction\":[{\"@type\":\"SearchAction\",\"target\":\"https:\/\/abrelivros.org.br\/site\/?s={search_term_string}\",\"query-input\":\"required name=search_term_string\"}],\"inLanguage\":\"pt-BR\"},{\"@type\":\"WebPage\",\"@id\":\"https:\/\/abrelivros.org.br\/site\/ex-ministros-criticam-mas-veem-avancos\/#webpage\",\"url\":\"https:\/\/abrelivros.org.br\/site\/ex-ministros-criticam-mas-veem-avancos\/\",\"name\":\"Ex-ministros criticam, mas v\\u00eaem avan\\u00e7os &raquo; Abrelivros\",\"isPartOf\":{\"@id\":\"https:\/\/abrelivros.org.br\/site\/#website\"},\"datePublished\":\"2007-04-25T14:47:00+00:00\",\"dateModified\":\"2007-04-25T14:47:00+00:00\",\"author\":{\"@id\":\"https:\/\/abrelivros.org.br\/site\/#\/schema\/person\/2b867f13a717bb230f1a3555505f5593\"},\"breadcrumb\":{\"@id\":\"https:\/\/abrelivros.org.br\/site\/ex-ministros-criticam-mas-veem-avancos\/#breadcrumb\"},\"inLanguage\":\"pt-BR\",\"potentialAction\":[{\"@type\":\"ReadAction\",\"target\":[\"https:\/\/abrelivros.org.br\/site\/ex-ministros-criticam-mas-veem-avancos\/\"]}]},{\"@type\":\"BreadcrumbList\",\"@id\":\"https:\/\/abrelivros.org.br\/site\/ex-ministros-criticam-mas-veem-avancos\/#breadcrumb\",\"itemListElement\":[{\"@type\":\"ListItem\",\"position\":1,\"item\":{\"@type\":\"WebPage\",\"@id\":\"https:\/\/abrelivros.org.br\/site\/\",\"url\":\"https:\/\/abrelivros.org.br\/site\/\",\"name\":\"In\\u00edcio\"}},{\"@type\":\"ListItem\",\"position\":2,\"item\":{\"@type\":\"WebPage\",\"@id\":\"https:\/\/abrelivros.org.br\/site\/category\/noticias\/\",\"url\":\"https:\/\/abrelivros.org.br\/site\/category\/noticias\/\",\"name\":\"Not\\u00edcias\"}},{\"@type\":\"ListItem\",\"position\":3,\"item\":{\"@type\":\"WebPage\",\"@id\":\"https:\/\/abrelivros.org.br\/site\/category\/noticias\/noticias-da-imprensa\/\",\"url\":\"https:\/\/abrelivros.org.br\/site\/category\/noticias\/noticias-da-imprensa\/\",\"name\":\"Not\\u00edcias da imprensa\"}},{\"@type\":\"ListItem\",\"position\":4,\"item\":{\"@type\":\"WebPage\",\"@id\":\"https:\/\/abrelivros.org.br\/site\/ex-ministros-criticam-mas-veem-avancos\/\",\"url\":\"https:\/\/abrelivros.org.br\/site\/ex-ministros-criticam-mas-veem-avancos\/\",\"name\":\"Ex-ministros criticam, mas v\\u00eaem avan\\u00e7os\"}}]},{\"@type\":\"Person\",\"@id\":\"https:\/\/abrelivros.org.br\/site\/#\/schema\/person\/2b867f13a717bb230f1a3555505f5593\",\"name\":\"\\u00a0\",\"image\":{\"@type\":\"ImageObject\",\"@id\":\"https:\/\/abrelivros.org.br\/site\/#personlogo\",\"inLanguage\":\"pt-BR\",\"url\":\"https:\/\/secure.gravatar.com\/avatar\/e80b7f5231be2fff5040a8023da424898002831c5439420df182ae62676d2a6f?s=96&d=mm&r=g\",\"caption\":\"\\u00a0\"}}]}<\/script>\n<!-- \/ Yoast SEO plugin. -->","_links":{"self":[{"href":"https:\/\/abrelivros.org.br\/site\/wp-json\/wp\/v2\/posts\/1775","targetHints":{"allow":["GET"]}}],"collection":[{"href":"https:\/\/abrelivros.org.br\/site\/wp-json\/wp\/v2\/posts"}],"about":[{"href":"https:\/\/abrelivros.org.br\/site\/wp-json\/wp\/v2\/types\/post"}],"author":[{"embeddable":true,"href":"https:\/\/abrelivros.org.br\/site\/wp-json\/wp\/v2\/users\/1"}],"replies":[{"embeddable":true,"href":"https:\/\/abrelivros.org.br\/site\/wp-json\/wp\/v2\/comments?post=1775"}],"version-history":[{"count":0,"href":"https:\/\/abrelivros.org.br\/site\/wp-json\/wp\/v2\/posts\/1775\/revisions"}],"wp:attachment":[{"href":"https:\/\/abrelivros.org.br\/site\/wp-json\/wp\/v2\/media?parent=1775"}],"wp:term":[{"taxonomy":"category","embeddable":true,"href":"https:\/\/abrelivros.org.br\/site\/wp-json\/wp\/v2\/categories?post=1775"},{"taxonomy":"post_tag","embeddable":true,"href":"https:\/\/abrelivros.org.br\/site\/wp-json\/wp\/v2\/tags?post=1775"}],"curies":[{"name":"wp","href":"https:\/\/api.w.org\/{rel}","templated":true}]}}