{"id":1774,"date":"2007-04-25T12:52:00","date_gmt":"2007-04-25T15:52:00","guid":{"rendered":"https:\/\/abrelivros.org.br\/site\/2007\/04\/25\/dorina-nowill-disponibiliza-dicionario-para-deficientes-visuais\/"},"modified":"2007-04-25T12:52:00","modified_gmt":"2007-04-25T15:52:00","slug":"dorina-nowill-disponibiliza-dicionario-para-deficientes-visuais","status":"publish","type":"post","link":"https:\/\/abrelivros.org.br\/site\/dorina-nowill-disponibiliza-dicionario-para-deficientes-visuais\/","title":{"rendered":"Dorina Nowill disponibiliza dicion\u00e1rio para deficientes visuais"},"content":{"rendered":"<p>Os deficientes visuais j\u00e1 podem fazer consultas r\u00e1pidas ao dicion\u00e1rio. Invi\u00e1vel no modelo braille, devido a grande n\u00famero de p\u00e1ginas necess\u00e1rias, a Funda\u00e7\u00e3o Dorina Nowill para Cegos transcreveu o Michaellis &#8211; Dicion\u00e1rio pr\u00e1tico da l\u00edngua portuguesa, com 36 mil verbetes, para o formato LIDA &#8211; Livro Digital Acess\u00edvel. &nbsp;<br \/> &nbsp;<br \/> O LIDA \u00e9 uma ferramenta in\u00e9dita no mundo que permite ao usu\u00e1rio navegar pelo livro digitalizado. Para disponibilizar os textos nesse formato, os livros foram criptografados para garantir acesso somente ao deficiente cadastrado. \u201cO usu\u00e1rio recebe senha pessoal, como garantia ao autor que cedeu os direitos gratuitamente, e faz a leitura por meio de um sistema de voz digital que emite em \u00e1udio as palavras escritas\u201c, ressalta o idealizador do projeto e diretor de Tecnologia da Funda\u00e7\u00e3o Dorina Nowill para Cegos, Edgar Pinto Ferreira Filho. &nbsp;<br \/> &nbsp;<br \/> Para obter uma c\u00f3pia gratuita, basta o deficiente visual se cadastrar na Funda\u00e7\u00e3o Dorina Nowill para Cegos pelo e-mail lida@fundacaodorina.org.br. Com o cd e a senha, o livro pode ser acessado de qualquer computador com placa e caixa de som.&nbsp;<\/p>\n","protected":false},"excerpt":{"rendered":"<p>Os deficientes visuais j\u00e1 podem fazer consultas r\u00e1pidas ao dicion\u00e1rio. Invi\u00e1vel no modelo braille, devido a grande n\u00famero de p\u00e1ginas necess\u00e1rias, a Funda\u00e7\u00e3o Dorina Nowill para Cegos transcreveu o Michaellis &#8211; Dicion\u00e1rio pr\u00e1tico da l\u00edngua portuguesa, com 36 mil verbetes, para o formato LIDA &#8211; Livro Digital Acess\u00edvel. &nbsp; &nbsp; O LIDA \u00e9 uma ferramenta [&hellip;]<\/p>\n","protected":false},"author":1,"featured_media":0,"comment_status":"closed","ping_status":"closed","sticky":false,"template":"","format":"standard","meta":{"footnotes":"","_links_to":"","_links_to_target":""},"categories":[9],"tags":[],"class_list":["post-1774","post","type-post","status-publish","format-standard","hentry","category-noticias-da-imprensa"],"yoast_head":"<!-- This site is optimized with the Yoast SEO plugin v15.1 - https:\/\/yoast.com\/wordpress\/plugins\/seo\/ -->\n<title>Dorina Nowill disponibiliza dicion\u00e1rio para deficientes visuais &raquo; Abrelivros<\/title>\n<meta name=\"robots\" content=\"index, follow, max-snippet:-1, max-image-preview:large, max-video-preview:-1\" \/>\n<link rel=\"canonical\" href=\"https:\/\/abrelivros.org.br\/site\/dorina-nowill-disponibiliza-dicionario-para-deficientes-visuais\/\" \/>\n<meta property=\"og:locale\" content=\"pt_BR\" \/>\n<meta property=\"og:type\" content=\"article\" \/>\n<meta property=\"og:title\" content=\"Dorina Nowill disponibiliza dicion\u00e1rio para deficientes visuais &raquo; Abrelivros\" \/>\n<meta property=\"og:description\" content=\"Os deficientes visuais j\u00e1 podem fazer consultas r\u00e1pidas ao dicion\u00e1rio. Invi\u00e1vel no modelo braille, devido a grande n\u00famero de p\u00e1ginas necess\u00e1rias, a Funda\u00e7\u00e3o Dorina Nowill para Cegos transcreveu o Michaellis &#8211; Dicion\u00e1rio pr\u00e1tico da l\u00edngua portuguesa, com 36 mil verbetes, para o formato LIDA &#8211; Livro Digital Acess\u00edvel. &nbsp; &nbsp; O LIDA \u00e9 uma ferramenta [&hellip;]\" \/>\n<meta property=\"og:url\" content=\"https:\/\/abrelivros.org.br\/site\/dorina-nowill-disponibiliza-dicionario-para-deficientes-visuais\/\" \/>\n<meta property=\"og:site_name\" content=\"Abrelivros\" \/>\n<meta property=\"article:published_time\" content=\"2007-04-25T15:52:00+00:00\" \/>\n<meta name=\"twitter:card\" content=\"summary_large_image\" \/>\n<script type=\"application\/ld+json\" class=\"yoast-schema-graph\">{\"@context\":\"https:\/\/schema.org\",\"@graph\":[{\"@type\":\"WebSite\",\"@id\":\"https:\/\/abrelivros.org.br\/site\/#website\",\"url\":\"https:\/\/abrelivros.org.br\/site\/\",\"name\":\"Abrelivros\",\"description\":\"\",\"potentialAction\":[{\"@type\":\"SearchAction\",\"target\":\"https:\/\/abrelivros.org.br\/site\/?s={search_term_string}\",\"query-input\":\"required name=search_term_string\"}],\"inLanguage\":\"pt-BR\"},{\"@type\":\"WebPage\",\"@id\":\"https:\/\/abrelivros.org.br\/site\/dorina-nowill-disponibiliza-dicionario-para-deficientes-visuais\/#webpage\",\"url\":\"https:\/\/abrelivros.org.br\/site\/dorina-nowill-disponibiliza-dicionario-para-deficientes-visuais\/\",\"name\":\"Dorina Nowill disponibiliza dicion\\u00e1rio para deficientes visuais &raquo; Abrelivros\",\"isPartOf\":{\"@id\":\"https:\/\/abrelivros.org.br\/site\/#website\"},\"datePublished\":\"2007-04-25T15:52:00+00:00\",\"dateModified\":\"2007-04-25T15:52:00+00:00\",\"author\":{\"@id\":\"https:\/\/abrelivros.org.br\/site\/#\/schema\/person\/2b867f13a717bb230f1a3555505f5593\"},\"breadcrumb\":{\"@id\":\"https:\/\/abrelivros.org.br\/site\/dorina-nowill-disponibiliza-dicionario-para-deficientes-visuais\/#breadcrumb\"},\"inLanguage\":\"pt-BR\",\"potentialAction\":[{\"@type\":\"ReadAction\",\"target\":[\"https:\/\/abrelivros.org.br\/site\/dorina-nowill-disponibiliza-dicionario-para-deficientes-visuais\/\"]}]},{\"@type\":\"BreadcrumbList\",\"@id\":\"https:\/\/abrelivros.org.br\/site\/dorina-nowill-disponibiliza-dicionario-para-deficientes-visuais\/#breadcrumb\",\"itemListElement\":[{\"@type\":\"ListItem\",\"position\":1,\"item\":{\"@type\":\"WebPage\",\"@id\":\"https:\/\/abrelivros.org.br\/site\/\",\"url\":\"https:\/\/abrelivros.org.br\/site\/\",\"name\":\"In\\u00edcio\"}},{\"@type\":\"ListItem\",\"position\":2,\"item\":{\"@type\":\"WebPage\",\"@id\":\"https:\/\/abrelivros.org.br\/site\/category\/noticias\/\",\"url\":\"https:\/\/abrelivros.org.br\/site\/category\/noticias\/\",\"name\":\"Not\\u00edcias\"}},{\"@type\":\"ListItem\",\"position\":3,\"item\":{\"@type\":\"WebPage\",\"@id\":\"https:\/\/abrelivros.org.br\/site\/category\/noticias\/noticias-da-imprensa\/\",\"url\":\"https:\/\/abrelivros.org.br\/site\/category\/noticias\/noticias-da-imprensa\/\",\"name\":\"Not\\u00edcias da imprensa\"}},{\"@type\":\"ListItem\",\"position\":4,\"item\":{\"@type\":\"WebPage\",\"@id\":\"https:\/\/abrelivros.org.br\/site\/dorina-nowill-disponibiliza-dicionario-para-deficientes-visuais\/\",\"url\":\"https:\/\/abrelivros.org.br\/site\/dorina-nowill-disponibiliza-dicionario-para-deficientes-visuais\/\",\"name\":\"Dorina Nowill disponibiliza dicion\\u00e1rio para deficientes visuais\"}}]},{\"@type\":\"Person\",\"@id\":\"https:\/\/abrelivros.org.br\/site\/#\/schema\/person\/2b867f13a717bb230f1a3555505f5593\",\"name\":\"\\u00a0\",\"image\":{\"@type\":\"ImageObject\",\"@id\":\"https:\/\/abrelivros.org.br\/site\/#personlogo\",\"inLanguage\":\"pt-BR\",\"url\":\"https:\/\/secure.gravatar.com\/avatar\/e80b7f5231be2fff5040a8023da424898002831c5439420df182ae62676d2a6f?s=96&d=mm&r=g\",\"caption\":\"\\u00a0\"}}]}<\/script>\n<!-- \/ Yoast SEO plugin. -->","_links":{"self":[{"href":"https:\/\/abrelivros.org.br\/site\/wp-json\/wp\/v2\/posts\/1774","targetHints":{"allow":["GET"]}}],"collection":[{"href":"https:\/\/abrelivros.org.br\/site\/wp-json\/wp\/v2\/posts"}],"about":[{"href":"https:\/\/abrelivros.org.br\/site\/wp-json\/wp\/v2\/types\/post"}],"author":[{"embeddable":true,"href":"https:\/\/abrelivros.org.br\/site\/wp-json\/wp\/v2\/users\/1"}],"replies":[{"embeddable":true,"href":"https:\/\/abrelivros.org.br\/site\/wp-json\/wp\/v2\/comments?post=1774"}],"version-history":[{"count":0,"href":"https:\/\/abrelivros.org.br\/site\/wp-json\/wp\/v2\/posts\/1774\/revisions"}],"wp:attachment":[{"href":"https:\/\/abrelivros.org.br\/site\/wp-json\/wp\/v2\/media?parent=1774"}],"wp:term":[{"taxonomy":"category","embeddable":true,"href":"https:\/\/abrelivros.org.br\/site\/wp-json\/wp\/v2\/categories?post=1774"},{"taxonomy":"post_tag","embeddable":true,"href":"https:\/\/abrelivros.org.br\/site\/wp-json\/wp\/v2\/tags?post=1774"}],"curies":[{"name":"wp","href":"https:\/\/api.w.org\/{rel}","templated":true}]}}