{"id":1771,"date":"2007-04-26T14:11:00","date_gmt":"2007-04-26T17:11:00","guid":{"rendered":"https:\/\/abrelivros.org.br\/site\/2007\/04\/26\/ministerio-errou-resultados-da-prova-brasil-em-2006\/"},"modified":"2007-04-26T14:11:00","modified_gmt":"2007-04-26T17:11:00","slug":"ministerio-errou-resultados-da-prova-brasil-em-2006","status":"publish","type":"post","link":"https:\/\/abrelivros.org.br\/site\/ministerio-errou-resultados-da-prova-brasil-em-2006\/","title":{"rendered":"Minist\u00e9rio errou resultados da Prova Brasil em 2006"},"content":{"rendered":"<p>Reportagem publicada na edi\u00e7\u00e3o desta quinta-feira da Folha de S.Paulo revela que o Minist\u00e9rio da Educa\u00e7\u00e3o divulgou dados errados sobre o resultado da Prova Brasil, exame nacional que avalia o desempenho dos estudantes de escolas p\u00fablicas de todo o pa\u00eds, em 2006 &#8211;ano eleitoral.&nbsp;<br \/> &nbsp;<br \/> \u201cA rede municipal de S\u00e3o Paulo, por exemplo, figurava entre as piores capitais do pa\u00eds. Com a revis\u00e3o dos dados, o sistema paulistano subiu para o bloco intermedi\u00e1rio de desempenho. As informa\u00e7\u00f5es sobre Porto Alegre, Belo Horizonte, Porto Velho e Boa Vista tamb\u00e9m estavam incorretos. O governo federal estima que os erros atingiram at\u00e9 5% dos dados\u201c, afirma.&nbsp;<br \/> &nbsp;<br \/> De acordo com a Folha, o Inep admitiu \u00e0 reportagem que \u201calgumas informa\u00e7\u00f5es divulgadas estavam incorretas\u201c.&nbsp;<br \/> &nbsp;<br \/> A Prova Brasil \u00e9 um exame nacional, aplicado a todas as escolas p\u00fablicas do pa\u00eds, que avalia l\u00edngua portuguesa e matem\u00e1tica da 4\u00aa e 8\u00aa s\u00e9ries. O exame \u00e9 usado para verificar a situa\u00e7\u00e3o do aprendizado e para tra\u00e7ar pol\u00edticas p\u00fablicas na \u00e1rea.&nbsp;<br \/> &nbsp;<br \/> As notas atualizadas podem ser vistas nas tabelas que originam o Ideb, indicador que ser\u00e1 lan\u00e7ado oficialmente hoje no site do Inep. Procurado pela Folha, o instituto n\u00e3o se pronunciou. Confirmou apenas que houve a revis\u00e3o.<\/p>\n","protected":false},"excerpt":{"rendered":"<p>Reportagem publicada na edi\u00e7\u00e3o desta quinta-feira da Folha de S.Paulo revela que o Minist\u00e9rio da Educa\u00e7\u00e3o divulgou dados errados sobre o resultado da Prova Brasil, exame nacional que avalia o desempenho dos estudantes de escolas p\u00fablicas de todo o pa\u00eds, em 2006 &#8211;ano eleitoral.&nbsp; &nbsp; \u201cA rede municipal de S\u00e3o Paulo, por exemplo, figurava entre [&hellip;]<\/p>\n","protected":false},"author":1,"featured_media":0,"comment_status":"closed","ping_status":"closed","sticky":false,"template":"","format":"standard","meta":{"footnotes":"","_links_to":"","_links_to_target":""},"categories":[9],"tags":[],"class_list":["post-1771","post","type-post","status-publish","format-standard","hentry","category-noticias-da-imprensa"],"yoast_head":"<!-- This site is optimized with the Yoast SEO plugin v15.1 - https:\/\/yoast.com\/wordpress\/plugins\/seo\/ -->\n<title>Minist\u00e9rio errou resultados da Prova Brasil em 2006 &raquo; Abrelivros<\/title>\n<meta name=\"robots\" content=\"index, follow, max-snippet:-1, max-image-preview:large, max-video-preview:-1\" \/>\n<link rel=\"canonical\" href=\"https:\/\/abrelivros.org.br\/site\/ministerio-errou-resultados-da-prova-brasil-em-2006\/\" \/>\n<meta property=\"og:locale\" content=\"pt_BR\" \/>\n<meta property=\"og:type\" content=\"article\" \/>\n<meta property=\"og:title\" content=\"Minist\u00e9rio errou resultados da Prova Brasil em 2006 &raquo; Abrelivros\" \/>\n<meta property=\"og:description\" content=\"Reportagem publicada na edi\u00e7\u00e3o desta quinta-feira da Folha de S.Paulo revela que o Minist\u00e9rio da Educa\u00e7\u00e3o divulgou dados errados sobre o resultado da Prova Brasil, exame nacional que avalia o desempenho dos estudantes de escolas p\u00fablicas de todo o pa\u00eds, em 2006 &#8211;ano eleitoral.&nbsp; &nbsp; \u201cA rede municipal de S\u00e3o Paulo, por exemplo, figurava entre [&hellip;]\" \/>\n<meta property=\"og:url\" content=\"https:\/\/abrelivros.org.br\/site\/ministerio-errou-resultados-da-prova-brasil-em-2006\/\" \/>\n<meta property=\"og:site_name\" content=\"Abrelivros\" \/>\n<meta property=\"article:published_time\" content=\"2007-04-26T17:11:00+00:00\" \/>\n<meta name=\"twitter:card\" content=\"summary_large_image\" \/>\n<script type=\"application\/ld+json\" class=\"yoast-schema-graph\">{\"@context\":\"https:\/\/schema.org\",\"@graph\":[{\"@type\":\"WebSite\",\"@id\":\"https:\/\/abrelivros.org.br\/site\/#website\",\"url\":\"https:\/\/abrelivros.org.br\/site\/\",\"name\":\"Abrelivros\",\"description\":\"\",\"potentialAction\":[{\"@type\":\"SearchAction\",\"target\":\"https:\/\/abrelivros.org.br\/site\/?s={search_term_string}\",\"query-input\":\"required name=search_term_string\"}],\"inLanguage\":\"pt-BR\"},{\"@type\":\"WebPage\",\"@id\":\"https:\/\/abrelivros.org.br\/site\/ministerio-errou-resultados-da-prova-brasil-em-2006\/#webpage\",\"url\":\"https:\/\/abrelivros.org.br\/site\/ministerio-errou-resultados-da-prova-brasil-em-2006\/\",\"name\":\"Minist\\u00e9rio errou resultados da Prova Brasil em 2006 &raquo; Abrelivros\",\"isPartOf\":{\"@id\":\"https:\/\/abrelivros.org.br\/site\/#website\"},\"datePublished\":\"2007-04-26T17:11:00+00:00\",\"dateModified\":\"2007-04-26T17:11:00+00:00\",\"author\":{\"@id\":\"https:\/\/abrelivros.org.br\/site\/#\/schema\/person\/2b867f13a717bb230f1a3555505f5593\"},\"breadcrumb\":{\"@id\":\"https:\/\/abrelivros.org.br\/site\/ministerio-errou-resultados-da-prova-brasil-em-2006\/#breadcrumb\"},\"inLanguage\":\"pt-BR\",\"potentialAction\":[{\"@type\":\"ReadAction\",\"target\":[\"https:\/\/abrelivros.org.br\/site\/ministerio-errou-resultados-da-prova-brasil-em-2006\/\"]}]},{\"@type\":\"BreadcrumbList\",\"@id\":\"https:\/\/abrelivros.org.br\/site\/ministerio-errou-resultados-da-prova-brasil-em-2006\/#breadcrumb\",\"itemListElement\":[{\"@type\":\"ListItem\",\"position\":1,\"item\":{\"@type\":\"WebPage\",\"@id\":\"https:\/\/abrelivros.org.br\/site\/\",\"url\":\"https:\/\/abrelivros.org.br\/site\/\",\"name\":\"In\\u00edcio\"}},{\"@type\":\"ListItem\",\"position\":2,\"item\":{\"@type\":\"WebPage\",\"@id\":\"https:\/\/abrelivros.org.br\/site\/category\/noticias\/\",\"url\":\"https:\/\/abrelivros.org.br\/site\/category\/noticias\/\",\"name\":\"Not\\u00edcias\"}},{\"@type\":\"ListItem\",\"position\":3,\"item\":{\"@type\":\"WebPage\",\"@id\":\"https:\/\/abrelivros.org.br\/site\/category\/noticias\/noticias-da-imprensa\/\",\"url\":\"https:\/\/abrelivros.org.br\/site\/category\/noticias\/noticias-da-imprensa\/\",\"name\":\"Not\\u00edcias da imprensa\"}},{\"@type\":\"ListItem\",\"position\":4,\"item\":{\"@type\":\"WebPage\",\"@id\":\"https:\/\/abrelivros.org.br\/site\/ministerio-errou-resultados-da-prova-brasil-em-2006\/\",\"url\":\"https:\/\/abrelivros.org.br\/site\/ministerio-errou-resultados-da-prova-brasil-em-2006\/\",\"name\":\"Minist\\u00e9rio errou resultados da Prova Brasil em 2006\"}}]},{\"@type\":\"Person\",\"@id\":\"https:\/\/abrelivros.org.br\/site\/#\/schema\/person\/2b867f13a717bb230f1a3555505f5593\",\"name\":\"\\u00a0\",\"image\":{\"@type\":\"ImageObject\",\"@id\":\"https:\/\/abrelivros.org.br\/site\/#personlogo\",\"inLanguage\":\"pt-BR\",\"url\":\"https:\/\/secure.gravatar.com\/avatar\/e80b7f5231be2fff5040a8023da424898002831c5439420df182ae62676d2a6f?s=96&d=mm&r=g\",\"caption\":\"\\u00a0\"}}]}<\/script>\n<!-- \/ Yoast SEO plugin. -->","_links":{"self":[{"href":"https:\/\/abrelivros.org.br\/site\/wp-json\/wp\/v2\/posts\/1771","targetHints":{"allow":["GET"]}}],"collection":[{"href":"https:\/\/abrelivros.org.br\/site\/wp-json\/wp\/v2\/posts"}],"about":[{"href":"https:\/\/abrelivros.org.br\/site\/wp-json\/wp\/v2\/types\/post"}],"author":[{"embeddable":true,"href":"https:\/\/abrelivros.org.br\/site\/wp-json\/wp\/v2\/users\/1"}],"replies":[{"embeddable":true,"href":"https:\/\/abrelivros.org.br\/site\/wp-json\/wp\/v2\/comments?post=1771"}],"version-history":[{"count":0,"href":"https:\/\/abrelivros.org.br\/site\/wp-json\/wp\/v2\/posts\/1771\/revisions"}],"wp:attachment":[{"href":"https:\/\/abrelivros.org.br\/site\/wp-json\/wp\/v2\/media?parent=1771"}],"wp:term":[{"taxonomy":"category","embeddable":true,"href":"https:\/\/abrelivros.org.br\/site\/wp-json\/wp\/v2\/categories?post=1771"},{"taxonomy":"post_tag","embeddable":true,"href":"https:\/\/abrelivros.org.br\/site\/wp-json\/wp\/v2\/tags?post=1771"}],"curies":[{"name":"wp","href":"https:\/\/api.w.org\/{rel}","templated":true}]}}