{"id":1768,"date":"2007-05-03T16:19:00","date_gmt":"2007-05-03T19:19:00","guid":{"rendered":"https:\/\/abrelivros.org.br\/site\/2007\/05\/03\/muitos-livros-mas-pouco-interesse\/"},"modified":"2007-05-03T16:19:00","modified_gmt":"2007-05-03T19:19:00","slug":"muitos-livros-mas-pouco-interesse","status":"publish","type":"post","link":"https:\/\/abrelivros.org.br\/site\/muitos-livros-mas-pouco-interesse\/","title":{"rendered":"Muitos livros, mas pouco interesse"},"content":{"rendered":"<p>O governo brasileiro \u00e9 o maior comprador de livros did\u00e1ticos do mundo. S\u00f3 neste ano foram 120,7 milh\u00f5es de exemplares para os ensinos fundamental e m\u00e9dio, alfabetiza\u00e7\u00e3o de adultos e edi\u00e7\u00f5es em braile. Estados e munic\u00edpios ainda recebem bibliotecas, DVDs, v\u00eddeos e outros materiais de apoio aos professores. Ainda assim, a escola brasileira n\u00e3o consegue fazer seus alunos aprenderem ou se interessarem pelas aulas. \u00a0<br \/> \u00a0<br \/> Dados da Pesquisa Nacional por Amostra de Domic\u00edlios (Pnad) de 2005 mostram que 1,7 milh\u00e3o de jovens de 15 a 17 anos n\u00e3o foram \u00e0 escola naquele ano &#8211; 40% disseram que era por falta de vontade de estudar. \u00a0<br \/> \u00a0<br \/> Para alguns especialistas, a raz\u00e3o da falta de interesse nas escolas \u00e9 profunda. \u201cO m\u00e9todo de aprendizagem que existe hoje nas escolas \u00e9 antinatural\u201d, analisa Ben Sangari, presidente do Instituto Sangari, especialista em metodologia de educa\u00e7\u00e3o. \u201cEm geral, as crian\u00e7as experimentam, investigam, questionam as coisas\u201d, diz ele. \u201cMas, quando entram na escola, n\u00e3o aprendem da forma que lhes \u00e9 natural. O problema n\u00e3o \u00e9 o professor, o livro, a sala de aula, mas o m\u00e9todo.\u201d\u00a0<br \/> \u00a0<br \/> Jorge Werthein, ex-representante da Unesco e hoje diretor da Rede de Informa\u00e7\u00e3o Tecnol\u00f3gica da Am\u00e9rica Latina, concorda. \u201cHoje se enfatiza muito a infra-estrutura e se deixa de lado o mais importante, o conte\u00fado\u201d, diz. \u201cH\u00e1 formas interessantes e baratas de desenvolver o conte\u00fado e deix\u00e1-lo atraente sem precisar de tantos laborat\u00f3rios, computadores ou alta tecnologia.\u201d \u00a0<br \/> \u00a0<br \/> As op\u00e7\u00f5es que o Minist\u00e9rio da Educa\u00e7\u00e3o v\u00ea para resolver esses problemas n\u00e3o fogem das receitas tradicionais: treinar os professores, melhorar a estrutura das escolas, ampliar o material did\u00e1tico. O Plano de Desenvolvimento da Educa\u00e7\u00e3o (PDE), lan\u00e7ado oficialmente na ter\u00e7a-feira, inclui a instala\u00e7\u00e3o de laborat\u00f3rios de inform\u00e1tica em todas as escolas.\u00a0<br \/> \u00a0<br \/> Hoje, o livro chega a todos os alunos do ensino fundamental. Mas, apesar da ampla distribui\u00e7\u00e3o, o MEC pensa em mexer na escolha dos livros e no uso que o professor faz deles. \u201cEstamos discutindo como aproximar o livro das realidades regionais\u201d, diz o secret\u00e1rio de Educa\u00e7\u00e3o B\u00e1sica do MEC, Francisco das Chagas. \u00a0<br \/> \u00a0<br \/> Al\u00e9m de melhorar o material, ele defende que seja repensada a situa\u00e7\u00e3o do professor. Com forma\u00e7\u00e3o irregular &#8211; alguns docentes n\u00e3o t\u00eam licenciatura, outros lecionam em \u00e1reas que n\u00e3o s\u00e3o a de sua forma\u00e7\u00e3o -, alguns n\u00e3o t\u00eam nem mesmo o ensino superior adequado. \u00a0<br \/> \u00a0<\/p>\n","protected":false},"excerpt":{"rendered":"<p>O governo brasileiro \u00e9 o maior comprador de livros did\u00e1ticos do mundo. S\u00f3 neste ano foram 120,7 milh\u00f5es de exemplares para os ensinos fundamental e m\u00e9dio, alfabetiza\u00e7\u00e3o de adultos e edi\u00e7\u00f5es em braile. Estados e munic\u00edpios ainda recebem bibliotecas, DVDs, v\u00eddeos e outros materiais de apoio aos professores. Ainda assim, a escola brasileira n\u00e3o consegue [&hellip;]<\/p>\n","protected":false},"author":1,"featured_media":0,"comment_status":"closed","ping_status":"closed","sticky":false,"template":"","format":"standard","meta":{"footnotes":"","_links_to":"","_links_to_target":""},"categories":[9],"tags":[],"class_list":["post-1768","post","type-post","status-publish","format-standard","hentry","category-noticias-da-imprensa"],"yoast_head":"<!-- This site is optimized with the Yoast SEO plugin v15.1 - https:\/\/yoast.com\/wordpress\/plugins\/seo\/ -->\n<title>Muitos livros, mas pouco interesse &raquo; Abrelivros<\/title>\n<meta name=\"robots\" content=\"index, follow, max-snippet:-1, max-image-preview:large, max-video-preview:-1\" \/>\n<link rel=\"canonical\" href=\"https:\/\/abrelivros.org.br\/site\/muitos-livros-mas-pouco-interesse\/\" \/>\n<meta property=\"og:locale\" content=\"pt_BR\" \/>\n<meta property=\"og:type\" content=\"article\" \/>\n<meta property=\"og:title\" content=\"Muitos livros, mas pouco interesse &raquo; Abrelivros\" \/>\n<meta property=\"og:description\" content=\"O governo brasileiro \u00e9 o maior comprador de livros did\u00e1ticos do mundo. S\u00f3 neste ano foram 120,7 milh\u00f5es de exemplares para os ensinos fundamental e m\u00e9dio, alfabetiza\u00e7\u00e3o de adultos e edi\u00e7\u00f5es em braile. Estados e munic\u00edpios ainda recebem bibliotecas, DVDs, v\u00eddeos e outros materiais de apoio aos professores. Ainda assim, a escola brasileira n\u00e3o consegue [&hellip;]\" \/>\n<meta property=\"og:url\" content=\"https:\/\/abrelivros.org.br\/site\/muitos-livros-mas-pouco-interesse\/\" \/>\n<meta property=\"og:site_name\" content=\"Abrelivros\" \/>\n<meta property=\"article:published_time\" content=\"2007-05-03T19:19:00+00:00\" \/>\n<meta name=\"twitter:card\" content=\"summary_large_image\" \/>\n<script type=\"application\/ld+json\" class=\"yoast-schema-graph\">{\"@context\":\"https:\/\/schema.org\",\"@graph\":[{\"@type\":\"WebSite\",\"@id\":\"https:\/\/abrelivros.org.br\/site\/#website\",\"url\":\"https:\/\/abrelivros.org.br\/site\/\",\"name\":\"Abrelivros\",\"description\":\"\",\"potentialAction\":[{\"@type\":\"SearchAction\",\"target\":\"https:\/\/abrelivros.org.br\/site\/?s={search_term_string}\",\"query-input\":\"required name=search_term_string\"}],\"inLanguage\":\"pt-BR\"},{\"@type\":\"WebPage\",\"@id\":\"https:\/\/abrelivros.org.br\/site\/muitos-livros-mas-pouco-interesse\/#webpage\",\"url\":\"https:\/\/abrelivros.org.br\/site\/muitos-livros-mas-pouco-interesse\/\",\"name\":\"Muitos livros, mas pouco interesse &raquo; Abrelivros\",\"isPartOf\":{\"@id\":\"https:\/\/abrelivros.org.br\/site\/#website\"},\"datePublished\":\"2007-05-03T19:19:00+00:00\",\"dateModified\":\"2007-05-03T19:19:00+00:00\",\"author\":{\"@id\":\"https:\/\/abrelivros.org.br\/site\/#\/schema\/person\/2b867f13a717bb230f1a3555505f5593\"},\"breadcrumb\":{\"@id\":\"https:\/\/abrelivros.org.br\/site\/muitos-livros-mas-pouco-interesse\/#breadcrumb\"},\"inLanguage\":\"pt-BR\",\"potentialAction\":[{\"@type\":\"ReadAction\",\"target\":[\"https:\/\/abrelivros.org.br\/site\/muitos-livros-mas-pouco-interesse\/\"]}]},{\"@type\":\"BreadcrumbList\",\"@id\":\"https:\/\/abrelivros.org.br\/site\/muitos-livros-mas-pouco-interesse\/#breadcrumb\",\"itemListElement\":[{\"@type\":\"ListItem\",\"position\":1,\"item\":{\"@type\":\"WebPage\",\"@id\":\"https:\/\/abrelivros.org.br\/site\/\",\"url\":\"https:\/\/abrelivros.org.br\/site\/\",\"name\":\"In\\u00edcio\"}},{\"@type\":\"ListItem\",\"position\":2,\"item\":{\"@type\":\"WebPage\",\"@id\":\"https:\/\/abrelivros.org.br\/site\/category\/noticias\/\",\"url\":\"https:\/\/abrelivros.org.br\/site\/category\/noticias\/\",\"name\":\"Not\\u00edcias\"}},{\"@type\":\"ListItem\",\"position\":3,\"item\":{\"@type\":\"WebPage\",\"@id\":\"https:\/\/abrelivros.org.br\/site\/category\/noticias\/noticias-da-imprensa\/\",\"url\":\"https:\/\/abrelivros.org.br\/site\/category\/noticias\/noticias-da-imprensa\/\",\"name\":\"Not\\u00edcias da imprensa\"}},{\"@type\":\"ListItem\",\"position\":4,\"item\":{\"@type\":\"WebPage\",\"@id\":\"https:\/\/abrelivros.org.br\/site\/muitos-livros-mas-pouco-interesse\/\",\"url\":\"https:\/\/abrelivros.org.br\/site\/muitos-livros-mas-pouco-interesse\/\",\"name\":\"Muitos livros, mas pouco interesse\"}}]},{\"@type\":\"Person\",\"@id\":\"https:\/\/abrelivros.org.br\/site\/#\/schema\/person\/2b867f13a717bb230f1a3555505f5593\",\"name\":\"\\u00a0\",\"image\":{\"@type\":\"ImageObject\",\"@id\":\"https:\/\/abrelivros.org.br\/site\/#personlogo\",\"inLanguage\":\"pt-BR\",\"url\":\"https:\/\/secure.gravatar.com\/avatar\/e80b7f5231be2fff5040a8023da424898002831c5439420df182ae62676d2a6f?s=96&d=mm&r=g\",\"caption\":\"\\u00a0\"}}]}<\/script>\n<!-- \/ Yoast SEO plugin. -->","_links":{"self":[{"href":"https:\/\/abrelivros.org.br\/site\/wp-json\/wp\/v2\/posts\/1768","targetHints":{"allow":["GET"]}}],"collection":[{"href":"https:\/\/abrelivros.org.br\/site\/wp-json\/wp\/v2\/posts"}],"about":[{"href":"https:\/\/abrelivros.org.br\/site\/wp-json\/wp\/v2\/types\/post"}],"author":[{"embeddable":true,"href":"https:\/\/abrelivros.org.br\/site\/wp-json\/wp\/v2\/users\/1"}],"replies":[{"embeddable":true,"href":"https:\/\/abrelivros.org.br\/site\/wp-json\/wp\/v2\/comments?post=1768"}],"version-history":[{"count":0,"href":"https:\/\/abrelivros.org.br\/site\/wp-json\/wp\/v2\/posts\/1768\/revisions"}],"wp:attachment":[{"href":"https:\/\/abrelivros.org.br\/site\/wp-json\/wp\/v2\/media?parent=1768"}],"wp:term":[{"taxonomy":"category","embeddable":true,"href":"https:\/\/abrelivros.org.br\/site\/wp-json\/wp\/v2\/categories?post=1768"},{"taxonomy":"post_tag","embeddable":true,"href":"https:\/\/abrelivros.org.br\/site\/wp-json\/wp\/v2\/tags?post=1768"}],"curies":[{"name":"wp","href":"https:\/\/api.w.org\/{rel}","templated":true}]}}