{"id":17659,"date":"2022-09-26T15:03:49","date_gmt":"2022-09-26T18:03:49","guid":{"rendered":"https:\/\/abrelivros.org.br\/site\/?p=17659"},"modified":"2022-09-26T15:03:49","modified_gmt":"2022-09-26T18:03:49","slug":"governo-bloqueia-verba-para-livro-didatico","status":"publish","type":"post","link":"https:\/\/abrelivros.org.br\/site\/governo-bloqueia-verba-para-livro-didatico\/","title":{"rendered":"Governo bloqueia verba para livro did\u00e1tico"},"content":{"rendered":"<p>O governo continua bloqueando cerca R$ 1,2 bilh\u00e3o da verba destinada ao Programa<br \/>\nNacional do Livro Did\u00e1tico, o que significa 56% do or\u00e7amento total deste ano.<\/p>\n<p>Boa parte desse valor \u00e9 necess\u00e1ria para manter em andamento a produ\u00e7\u00e3o e<br \/>\ndistribui\u00e7\u00e3o de milh\u00f5es de livros e materiais para crian\u00e7as e jovens da rede p\u00fablica.<\/p>\n<p>De acordo com as editoras, se o bloqueio persistir pode faltar material did\u00e1tico para os<br \/>\nalunos brasileiros em 2023. Em 2021, foram distribu\u00eddos 137 milh\u00f5es de exemplares<br \/>\npara quase 29 milh\u00f5es de alunos do pa\u00eds inteiro.<\/p>\n","protected":false},"excerpt":{"rendered":"<p>O governo continua bloqueando cerca R$ 1,2 bilh\u00e3o da verba destinada ao Programa Nacional do Livro Did\u00e1tico, o que significa 56% do or\u00e7amento total deste ano. Boa parte desse valor \u00e9 necess\u00e1ria para manter em andamento a produ\u00e7\u00e3o e distribui\u00e7\u00e3o de milh\u00f5es de livros e materiais para crian\u00e7as e jovens da rede p\u00fablica. De acordo [&hellip;]<\/p>\n","protected":false},"author":4,"featured_media":0,"comment_status":"closed","ping_status":"closed","sticky":false,"template":"","format":"standard","meta":{"footnotes":"","_links_to":"","_links_to_target":""},"categories":[9,10,15],"tags":[],"class_list":["post-17659","post","type-post","status-publish","format-standard","hentry","category-noticias-da-imprensa","category-pnld-programa-nacional-do-livro-e-do-material-didatico","category-programas-pnld-sp"],"yoast_head":"<!-- This site is optimized with the Yoast SEO plugin v15.1 - https:\/\/yoast.com\/wordpress\/plugins\/seo\/ -->\n<title>Governo bloqueia verba para livro did\u00e1tico &raquo; Abrelivros<\/title>\n<meta name=\"robots\" content=\"index, follow, max-snippet:-1, max-image-preview:large, max-video-preview:-1\" \/>\n<link rel=\"canonical\" href=\"https:\/\/abrelivros.org.br\/site\/governo-bloqueia-verba-para-livro-didatico\/\" \/>\n<meta property=\"og:locale\" content=\"pt_BR\" \/>\n<meta property=\"og:type\" content=\"article\" \/>\n<meta property=\"og:title\" content=\"Governo bloqueia verba para livro did\u00e1tico &raquo; Abrelivros\" \/>\n<meta property=\"og:description\" content=\"O governo continua bloqueando cerca R$ 1,2 bilh\u00e3o da verba destinada ao Programa Nacional do Livro Did\u00e1tico, o que significa 56% do or\u00e7amento total deste ano. Boa parte desse valor \u00e9 necess\u00e1ria para manter em andamento a produ\u00e7\u00e3o e distribui\u00e7\u00e3o de milh\u00f5es de livros e materiais para crian\u00e7as e jovens da rede p\u00fablica. De acordo [&hellip;]\" \/>\n<meta property=\"og:url\" content=\"https:\/\/abrelivros.org.br\/site\/governo-bloqueia-verba-para-livro-didatico\/\" \/>\n<meta property=\"og:site_name\" content=\"Abrelivros\" \/>\n<meta property=\"article:published_time\" content=\"2022-09-26T18:03:49+00:00\" \/>\n<meta name=\"twitter:card\" content=\"summary_large_image\" \/>\n<script type=\"application\/ld+json\" class=\"yoast-schema-graph\">{\"@context\":\"https:\/\/schema.org\",\"@graph\":[{\"@type\":\"WebSite\",\"@id\":\"https:\/\/abrelivros.org.br\/site\/#website\",\"url\":\"https:\/\/abrelivros.org.br\/site\/\",\"name\":\"Abrelivros\",\"description\":\"\",\"potentialAction\":[{\"@type\":\"SearchAction\",\"target\":\"https:\/\/abrelivros.org.br\/site\/?s={search_term_string}\",\"query-input\":\"required name=search_term_string\"}],\"inLanguage\":\"pt-BR\"},{\"@type\":\"WebPage\",\"@id\":\"https:\/\/abrelivros.org.br\/site\/governo-bloqueia-verba-para-livro-didatico\/#webpage\",\"url\":\"https:\/\/abrelivros.org.br\/site\/governo-bloqueia-verba-para-livro-didatico\/\",\"name\":\"Governo bloqueia verba para livro did\\u00e1tico &raquo; Abrelivros\",\"isPartOf\":{\"@id\":\"https:\/\/abrelivros.org.br\/site\/#website\"},\"datePublished\":\"2022-09-26T18:03:49+00:00\",\"dateModified\":\"2022-09-26T18:03:49+00:00\",\"author\":{\"@id\":\"https:\/\/abrelivros.org.br\/site\/#\/schema\/person\/65db80e26409802ce15ac5feec6a15fd\"},\"breadcrumb\":{\"@id\":\"https:\/\/abrelivros.org.br\/site\/governo-bloqueia-verba-para-livro-didatico\/#breadcrumb\"},\"inLanguage\":\"pt-BR\",\"potentialAction\":[{\"@type\":\"ReadAction\",\"target\":[\"https:\/\/abrelivros.org.br\/site\/governo-bloqueia-verba-para-livro-didatico\/\"]}]},{\"@type\":\"BreadcrumbList\",\"@id\":\"https:\/\/abrelivros.org.br\/site\/governo-bloqueia-verba-para-livro-didatico\/#breadcrumb\",\"itemListElement\":[{\"@type\":\"ListItem\",\"position\":1,\"item\":{\"@type\":\"WebPage\",\"@id\":\"https:\/\/abrelivros.org.br\/site\/\",\"url\":\"https:\/\/abrelivros.org.br\/site\/\",\"name\":\"In\\u00edcio\"}},{\"@type\":\"ListItem\",\"position\":2,\"item\":{\"@type\":\"WebPage\",\"@id\":\"https:\/\/abrelivros.org.br\/site\/category\/noticias\/\",\"url\":\"https:\/\/abrelivros.org.br\/site\/category\/noticias\/\",\"name\":\"Not\\u00edcias\"}},{\"@type\":\"ListItem\",\"position\":3,\"item\":{\"@type\":\"WebPage\",\"@id\":\"https:\/\/abrelivros.org.br\/site\/category\/noticias\/noticias-da-imprensa\/\",\"url\":\"https:\/\/abrelivros.org.br\/site\/category\/noticias\/noticias-da-imprensa\/\",\"name\":\"Not\\u00edcias da imprensa\"}},{\"@type\":\"ListItem\",\"position\":4,\"item\":{\"@type\":\"WebPage\",\"@id\":\"https:\/\/abrelivros.org.br\/site\/governo-bloqueia-verba-para-livro-didatico\/\",\"url\":\"https:\/\/abrelivros.org.br\/site\/governo-bloqueia-verba-para-livro-didatico\/\",\"name\":\"Governo bloqueia verba para livro did\\u00e1tico\"}}]},{\"@type\":\"Person\",\"@id\":\"https:\/\/abrelivros.org.br\/site\/#\/schema\/person\/65db80e26409802ce15ac5feec6a15fd\",\"name\":\"Reda\\u00e7\\u00e3o Abrelivros\",\"image\":{\"@type\":\"ImageObject\",\"@id\":\"https:\/\/abrelivros.org.br\/site\/#personlogo\",\"inLanguage\":\"pt-BR\",\"url\":\"https:\/\/secure.gravatar.com\/avatar\/c4e57f9c7e3482965bd428192061218520756c39080b1d1820b679fa5e9af192?s=96&d=mm&r=g\",\"caption\":\"Reda\\u00e7\\u00e3o Abrelivros\"}}]}<\/script>\n<!-- \/ Yoast SEO plugin. -->","_links":{"self":[{"href":"https:\/\/abrelivros.org.br\/site\/wp-json\/wp\/v2\/posts\/17659","targetHints":{"allow":["GET"]}}],"collection":[{"href":"https:\/\/abrelivros.org.br\/site\/wp-json\/wp\/v2\/posts"}],"about":[{"href":"https:\/\/abrelivros.org.br\/site\/wp-json\/wp\/v2\/types\/post"}],"author":[{"embeddable":true,"href":"https:\/\/abrelivros.org.br\/site\/wp-json\/wp\/v2\/users\/4"}],"replies":[{"embeddable":true,"href":"https:\/\/abrelivros.org.br\/site\/wp-json\/wp\/v2\/comments?post=17659"}],"version-history":[{"count":1,"href":"https:\/\/abrelivros.org.br\/site\/wp-json\/wp\/v2\/posts\/17659\/revisions"}],"predecessor-version":[{"id":17660,"href":"https:\/\/abrelivros.org.br\/site\/wp-json\/wp\/v2\/posts\/17659\/revisions\/17660"}],"wp:attachment":[{"href":"https:\/\/abrelivros.org.br\/site\/wp-json\/wp\/v2\/media?parent=17659"}],"wp:term":[{"taxonomy":"category","embeddable":true,"href":"https:\/\/abrelivros.org.br\/site\/wp-json\/wp\/v2\/categories?post=17659"},{"taxonomy":"post_tag","embeddable":true,"href":"https:\/\/abrelivros.org.br\/site\/wp-json\/wp\/v2\/tags?post=17659"}],"curies":[{"name":"wp","href":"https:\/\/api.w.org\/{rel}","templated":true}]}}