{"id":1765,"date":"2007-05-04T10:54:00","date_gmt":"2007-05-04T13:54:00","guid":{"rendered":"https:\/\/abrelivros.org.br\/site\/2007\/05\/04\/quem-educa-cresce\/"},"modified":"2007-05-04T10:54:00","modified_gmt":"2007-05-04T13:54:00","slug":"quem-educa-cresce","status":"publish","type":"post","link":"https:\/\/abrelivros.org.br\/site\/quem-educa-cresce\/","title":{"rendered":"Quem educa cresce?"},"content":{"rendered":"<p>O s\u00e9culo XVIII, Voltaire, o fil\u00f3sofo e historiador franc\u00eas, j\u00e1 teorizava: \u201cEducar mal um homem \u00e9 dissipar capitais e preparar dores e perdas \u00e0 sociedade.\u201d Mais de 200 anos depois, tornou-se consenso na academia a id\u00e9ia de que, sem educa\u00e7\u00e3o, \u00e9 imposs\u00edvel fazer uma sociedade crescer. &nbsp;<br \/> &nbsp;<br \/> Demorou, mas parece que o presidente Lula se deu conta disso. Na ter\u00e7a-feira 24, ele lan\u00e7ou no Pal\u00e1cio do Planalto o PDE, sigla para Plano de Desenvolvimento da Educa\u00e7\u00e3o. \u00c9 uma esp\u00e9cie de irm\u00e3o siam\u00eas do PAC, o propalado programa para acelerar a economia. Trata-se de um pacote de 47 medidas destinadas a melhorar o ensino. H\u00e1 previs\u00e3o de mais dinheiro para as escolas, sal\u00e1rios melhores e mais qualifica\u00e7\u00e3o para os professores e abertura de mais vagas nas universidades. &nbsp;<br \/> &nbsp;<br \/> \u201cSe n\u00f3s implantarmos tudo o que anunciamos aqui, certamente passaremos para a hist\u00f3ria como a gera\u00e7\u00e3o de pol\u00edticos que preparou, como legado para a juventude, um sistema de educa\u00e7\u00e3o que finalmente p\u00f4de colocar o Brasil em p\u00e9 de igualdade com qualquer pa\u00eds do mundo\u201d, festejou Lula. &nbsp;<br \/> &nbsp;<br \/> N\u00e3o seria utopia? \u201c\u00c9 de fato uma utopia, mas uma utopia que a experi\u00eancia internacional demonstra ser realiz\u00e1vel. Uma  na\u00e7\u00e3o, quando se coloca a servi\u00e7o da causa da educa\u00e7\u00e3o, consegue concretizar esse ideal \u2013 disse a ISTO\u00c9 o ministro da Educa\u00e7\u00e3o, Fernando Haddad. \u201cA educa\u00e7\u00e3o n\u00e3o \u00e9 algo que se resolva como um Plano Cruzado ou um Plano Real, todos sabem que \u00e9 tarefa para uma gera\u00e7\u00e3o.\u201d&nbsp;<br \/> &nbsp;<br \/> As metas t\u00eam como horizonte o ano de 2022. \u00c9 l\u00e1 que, se tudo der certo, como prev\u00ea Lula, o Brasil ter\u00e1 educa\u00e7\u00e3o de Primeiro Mundo. \u201cEu gostei do plano, principalmente no que diz respeito \u00e0 educa\u00e7\u00e3o b\u00e1sica\u201d, disse o deputado Paulo Renato Souza (PSDB-SP), ex-ministro da Educa\u00e7\u00e3o de FHC e um dos mais duros cr\u00edticos do atual governo no setor. &nbsp;<br \/> &nbsp;<br \/> Souza concorda que, se tudo caminhar bem, o Brasil pode de fato atingir um n\u00edvel de excel\u00eancia na educa\u00e7\u00e3o. \u00c9 bem verdade que os problemas s\u00e3o muitos. A qualidade do ensino p\u00fablico \u00e9 ruim, atestam \u00edndices oficiais. Os resultados da avalia\u00e7\u00e3o do ensino b\u00e1sico em 2006 foram os piores da hist\u00f3ria. A maioria dos estudantes tem problemas de compreens\u00e3o e mal consegue interpretar um texto. As taxas de repet\u00eancia e evas\u00e3o s\u00e3o igualmente catastr\u00f3ficas. \u201cAs metas de agora foram fixadas para 2022, mas tamb\u00e9m h\u00e1 metas   intermedi\u00e1rias, a cada dois anos. Nunca houve no Brasil um plano que estabelecesse metas de qualidade\u201d, afirma Haddad. &nbsp;<br \/> &nbsp;<br \/> Uma das medidas imediatas do plano \u00e9 repassar R$ 1 bilh\u00e3o aos mil munic\u00edpios com ensino de pior qualidade. Ao mesmo tempo, escolas que atingirem metas de qualidade receber\u00e3o mais recursos. O plano, explana o ministro, inclui ainda o acompanhamento individualizado por aluno, a garantia de que cada aluno esteja alfabetizado at\u00e9 os oito anos, a supervis\u00e3o individualizada dos professores e a participa\u00e7\u00e3o da comunidade na escolha dos diretores. &nbsp;<br \/> &nbsp;<br \/> No pacote que segue agora para o Congresso h\u00e1 ainda a cria\u00e7\u00e3o de um piso salarial para os professores. Hoje tem professor no Brasil que n\u00e3o ganha nem um sal\u00e1rio m\u00ednimo. A proposta \u00e9 que o piso seja de R$ 850. O pr\u00f3prio Haddad acha o valor ainda insuficiente. \u201cEu sempre vou dizer que \u00e9 (pouco), afinal eu sou professor\u201d, dizia ele na quart-feira 25, enquanto do lado de fora do gabinete professores protestavam pedindo mais. Os sindicatos defendem piso de R$ 1.500. Pelo menos num ponto todos concordam: \u00e9 hora de crescer e melhorar.  &nbsp;<\/p>\n","protected":false},"excerpt":{"rendered":"<p>O s\u00e9culo XVIII, Voltaire, o fil\u00f3sofo e historiador franc\u00eas, j\u00e1 teorizava: \u201cEducar mal um homem \u00e9 dissipar capitais e preparar dores e perdas \u00e0 sociedade.\u201d Mais de 200 anos depois, tornou-se consenso na academia a id\u00e9ia de que, sem educa\u00e7\u00e3o, \u00e9 imposs\u00edvel fazer uma sociedade crescer. &nbsp; &nbsp; Demorou, mas parece que o presidente Lula [&hellip;]<\/p>\n","protected":false},"author":1,"featured_media":0,"comment_status":"closed","ping_status":"closed","sticky":false,"template":"","format":"standard","meta":{"footnotes":"","_links_to":"","_links_to_target":""},"categories":[9],"tags":[],"class_list":["post-1765","post","type-post","status-publish","format-standard","hentry","category-noticias-da-imprensa"],"yoast_head":"<!-- This site is optimized with the Yoast SEO plugin v15.1 - https:\/\/yoast.com\/wordpress\/plugins\/seo\/ -->\n<title>Quem educa cresce? &raquo; Abrelivros<\/title>\n<meta name=\"robots\" content=\"index, follow, max-snippet:-1, max-image-preview:large, max-video-preview:-1\" \/>\n<link rel=\"canonical\" href=\"https:\/\/abrelivros.org.br\/site\/quem-educa-cresce\/\" \/>\n<meta property=\"og:locale\" content=\"pt_BR\" \/>\n<meta property=\"og:type\" content=\"article\" \/>\n<meta property=\"og:title\" content=\"Quem educa cresce? &raquo; Abrelivros\" \/>\n<meta property=\"og:description\" content=\"O s\u00e9culo XVIII, Voltaire, o fil\u00f3sofo e historiador franc\u00eas, j\u00e1 teorizava: \u201cEducar mal um homem \u00e9 dissipar capitais e preparar dores e perdas \u00e0 sociedade.\u201d Mais de 200 anos depois, tornou-se consenso na academia a id\u00e9ia de que, sem educa\u00e7\u00e3o, \u00e9 imposs\u00edvel fazer uma sociedade crescer. &nbsp; &nbsp; Demorou, mas parece que o presidente Lula [&hellip;]\" \/>\n<meta property=\"og:url\" content=\"https:\/\/abrelivros.org.br\/site\/quem-educa-cresce\/\" \/>\n<meta property=\"og:site_name\" content=\"Abrelivros\" \/>\n<meta property=\"article:published_time\" content=\"2007-05-04T13:54:00+00:00\" \/>\n<meta name=\"twitter:card\" content=\"summary_large_image\" \/>\n<script type=\"application\/ld+json\" class=\"yoast-schema-graph\">{\"@context\":\"https:\/\/schema.org\",\"@graph\":[{\"@type\":\"WebSite\",\"@id\":\"https:\/\/abrelivros.org.br\/site\/#website\",\"url\":\"https:\/\/abrelivros.org.br\/site\/\",\"name\":\"Abrelivros\",\"description\":\"\",\"potentialAction\":[{\"@type\":\"SearchAction\",\"target\":\"https:\/\/abrelivros.org.br\/site\/?s={search_term_string}\",\"query-input\":\"required name=search_term_string\"}],\"inLanguage\":\"pt-BR\"},{\"@type\":\"WebPage\",\"@id\":\"https:\/\/abrelivros.org.br\/site\/quem-educa-cresce\/#webpage\",\"url\":\"https:\/\/abrelivros.org.br\/site\/quem-educa-cresce\/\",\"name\":\"Quem educa cresce? &raquo; Abrelivros\",\"isPartOf\":{\"@id\":\"https:\/\/abrelivros.org.br\/site\/#website\"},\"datePublished\":\"2007-05-04T13:54:00+00:00\",\"dateModified\":\"2007-05-04T13:54:00+00:00\",\"author\":{\"@id\":\"https:\/\/abrelivros.org.br\/site\/#\/schema\/person\/2b867f13a717bb230f1a3555505f5593\"},\"breadcrumb\":{\"@id\":\"https:\/\/abrelivros.org.br\/site\/quem-educa-cresce\/#breadcrumb\"},\"inLanguage\":\"pt-BR\",\"potentialAction\":[{\"@type\":\"ReadAction\",\"target\":[\"https:\/\/abrelivros.org.br\/site\/quem-educa-cresce\/\"]}]},{\"@type\":\"BreadcrumbList\",\"@id\":\"https:\/\/abrelivros.org.br\/site\/quem-educa-cresce\/#breadcrumb\",\"itemListElement\":[{\"@type\":\"ListItem\",\"position\":1,\"item\":{\"@type\":\"WebPage\",\"@id\":\"https:\/\/abrelivros.org.br\/site\/\",\"url\":\"https:\/\/abrelivros.org.br\/site\/\",\"name\":\"In\\u00edcio\"}},{\"@type\":\"ListItem\",\"position\":2,\"item\":{\"@type\":\"WebPage\",\"@id\":\"https:\/\/abrelivros.org.br\/site\/category\/noticias\/\",\"url\":\"https:\/\/abrelivros.org.br\/site\/category\/noticias\/\",\"name\":\"Not\\u00edcias\"}},{\"@type\":\"ListItem\",\"position\":3,\"item\":{\"@type\":\"WebPage\",\"@id\":\"https:\/\/abrelivros.org.br\/site\/category\/noticias\/noticias-da-imprensa\/\",\"url\":\"https:\/\/abrelivros.org.br\/site\/category\/noticias\/noticias-da-imprensa\/\",\"name\":\"Not\\u00edcias da imprensa\"}},{\"@type\":\"ListItem\",\"position\":4,\"item\":{\"@type\":\"WebPage\",\"@id\":\"https:\/\/abrelivros.org.br\/site\/quem-educa-cresce\/\",\"url\":\"https:\/\/abrelivros.org.br\/site\/quem-educa-cresce\/\",\"name\":\"Quem educa cresce?\"}}]},{\"@type\":\"Person\",\"@id\":\"https:\/\/abrelivros.org.br\/site\/#\/schema\/person\/2b867f13a717bb230f1a3555505f5593\",\"name\":\"\\u00a0\",\"image\":{\"@type\":\"ImageObject\",\"@id\":\"https:\/\/abrelivros.org.br\/site\/#personlogo\",\"inLanguage\":\"pt-BR\",\"url\":\"https:\/\/secure.gravatar.com\/avatar\/e80b7f5231be2fff5040a8023da424898002831c5439420df182ae62676d2a6f?s=96&d=mm&r=g\",\"caption\":\"\\u00a0\"}}]}<\/script>\n<!-- \/ Yoast SEO plugin. -->","_links":{"self":[{"href":"https:\/\/abrelivros.org.br\/site\/wp-json\/wp\/v2\/posts\/1765","targetHints":{"allow":["GET"]}}],"collection":[{"href":"https:\/\/abrelivros.org.br\/site\/wp-json\/wp\/v2\/posts"}],"about":[{"href":"https:\/\/abrelivros.org.br\/site\/wp-json\/wp\/v2\/types\/post"}],"author":[{"embeddable":true,"href":"https:\/\/abrelivros.org.br\/site\/wp-json\/wp\/v2\/users\/1"}],"replies":[{"embeddable":true,"href":"https:\/\/abrelivros.org.br\/site\/wp-json\/wp\/v2\/comments?post=1765"}],"version-history":[{"count":0,"href":"https:\/\/abrelivros.org.br\/site\/wp-json\/wp\/v2\/posts\/1765\/revisions"}],"wp:attachment":[{"href":"https:\/\/abrelivros.org.br\/site\/wp-json\/wp\/v2\/media?parent=1765"}],"wp:term":[{"taxonomy":"category","embeddable":true,"href":"https:\/\/abrelivros.org.br\/site\/wp-json\/wp\/v2\/categories?post=1765"},{"taxonomy":"post_tag","embeddable":true,"href":"https:\/\/abrelivros.org.br\/site\/wp-json\/wp\/v2\/tags?post=1765"}],"curies":[{"name":"wp","href":"https:\/\/api.w.org\/{rel}","templated":true}]}}