{"id":1763,"date":"2007-05-08T15:44:00","date_gmt":"2007-05-08T18:44:00","guid":{"rendered":"https:\/\/abrelivros.org.br\/site\/2007\/05\/08\/comissao-do-senado-aprova-mudancas-na-lei-de-diretrizes-e-bases\/"},"modified":"2007-05-08T15:44:00","modified_gmt":"2007-05-08T18:44:00","slug":"comissao-do-senado-aprova-mudancas-na-lei-de-diretrizes-e-bases","status":"publish","type":"post","link":"https:\/\/abrelivros.org.br\/site\/comissao-do-senado-aprova-mudancas-na-lei-de-diretrizes-e-bases\/","title":{"rendered":"Comiss\u00e3o do Senado aprova mudan\u00e7as na Lei de Diretrizes e Bases"},"content":{"rendered":"<p>A Comiss\u00e3o de Educa\u00e7\u00e3o do Senado aprovou nesta ter\u00e7a, 8 de maio, altera\u00e7\u00f5es na LDB (Lei de Diretrizes e Bases da Educa\u00e7\u00e3o). A proposta agora vai para vota\u00e7\u00e3o em plen\u00e1rio. Aprovada, segue para a C\u00e2mara dos Deputados e, se n\u00e3o for modificada, ir\u00e1 \u00e0 san\u00e7\u00e3o presidencial. &nbsp;<br \/> &nbsp;<br \/> Pelo projeto, o ensino fundamental p\u00fablico, que j\u00e1 tem a garantia de ofertar atendimento m\u00e9dico, teria a obrigatoridade de oferecer servi\u00e7o de ondontologia, mediante conv\u00eanio com o SUS (Sistema \u00danico de Sa\u00fade). Al\u00e9m disso, os munic\u00edpios teriam o poder de avaliar as escolas p\u00fablicas e privadas quanto ao curr\u00edculo e ao n\u00edvel de aprendizagem e rendimento dos estudantes. &nbsp;<br \/> &nbsp;<br \/> A proposta garante tamb\u00e9m o afastamento &#8212; por per\u00edodo indefinido &#8211;, a cada sete anos, de professores e outros profissionais da educa\u00e7\u00e3o b\u00e1sica, com o objetivo de preservar a sa\u00fade do educador e de possibilitar a reflex\u00e3o cr\u00edtica sobre seu trabalho e atualiza\u00e7\u00e3o nos conhecimentos espec\u00edficos da fun\u00e7\u00e3o. A LDB j\u00e1 garante esse direito, mas n\u00e3o especifica o tempo m\u00ednimo de servi\u00e7o para solicitar o benef\u00edcio&nbsp;<br \/>  &nbsp;<\/p>\n","protected":false},"excerpt":{"rendered":"<p>A Comiss\u00e3o de Educa\u00e7\u00e3o do Senado aprovou nesta ter\u00e7a, 8 de maio, altera\u00e7\u00f5es na LDB (Lei de Diretrizes e Bases da Educa\u00e7\u00e3o). A proposta agora vai para vota\u00e7\u00e3o em plen\u00e1rio. Aprovada, segue para a C\u00e2mara dos Deputados e, se n\u00e3o for modificada, ir\u00e1 \u00e0 san\u00e7\u00e3o presidencial. &nbsp; &nbsp; Pelo projeto, o ensino fundamental p\u00fablico, que [&hellip;]<\/p>\n","protected":false},"author":1,"featured_media":0,"comment_status":"closed","ping_status":"closed","sticky":false,"template":"","format":"standard","meta":{"footnotes":"","_links_to":"","_links_to_target":""},"categories":[9],"tags":[],"class_list":["post-1763","post","type-post","status-publish","format-standard","hentry","category-noticias-da-imprensa"],"yoast_head":"<!-- This site is optimized with the Yoast SEO plugin v15.1 - https:\/\/yoast.com\/wordpress\/plugins\/seo\/ -->\n<title>Comiss\u00e3o do Senado aprova mudan\u00e7as na Lei de Diretrizes e Bases &raquo; Abrelivros<\/title>\n<meta name=\"robots\" content=\"index, follow, max-snippet:-1, max-image-preview:large, max-video-preview:-1\" \/>\n<link rel=\"canonical\" href=\"https:\/\/abrelivros.org.br\/site\/comissao-do-senado-aprova-mudancas-na-lei-de-diretrizes-e-bases\/\" \/>\n<meta property=\"og:locale\" content=\"pt_BR\" \/>\n<meta property=\"og:type\" content=\"article\" \/>\n<meta property=\"og:title\" content=\"Comiss\u00e3o do Senado aprova mudan\u00e7as na Lei de Diretrizes e Bases &raquo; Abrelivros\" \/>\n<meta property=\"og:description\" content=\"A Comiss\u00e3o de Educa\u00e7\u00e3o do Senado aprovou nesta ter\u00e7a, 8 de maio, altera\u00e7\u00f5es na LDB (Lei de Diretrizes e Bases da Educa\u00e7\u00e3o). A proposta agora vai para vota\u00e7\u00e3o em plen\u00e1rio. Aprovada, segue para a C\u00e2mara dos Deputados e, se n\u00e3o for modificada, ir\u00e1 \u00e0 san\u00e7\u00e3o presidencial. &nbsp; &nbsp; Pelo projeto, o ensino fundamental p\u00fablico, que [&hellip;]\" \/>\n<meta property=\"og:url\" content=\"https:\/\/abrelivros.org.br\/site\/comissao-do-senado-aprova-mudancas-na-lei-de-diretrizes-e-bases\/\" \/>\n<meta property=\"og:site_name\" content=\"Abrelivros\" \/>\n<meta property=\"article:published_time\" content=\"2007-05-08T18:44:00+00:00\" \/>\n<meta name=\"twitter:card\" content=\"summary_large_image\" \/>\n<script type=\"application\/ld+json\" class=\"yoast-schema-graph\">{\"@context\":\"https:\/\/schema.org\",\"@graph\":[{\"@type\":\"WebSite\",\"@id\":\"https:\/\/abrelivros.org.br\/site\/#website\",\"url\":\"https:\/\/abrelivros.org.br\/site\/\",\"name\":\"Abrelivros\",\"description\":\"\",\"potentialAction\":[{\"@type\":\"SearchAction\",\"target\":\"https:\/\/abrelivros.org.br\/site\/?s={search_term_string}\",\"query-input\":\"required name=search_term_string\"}],\"inLanguage\":\"pt-BR\"},{\"@type\":\"WebPage\",\"@id\":\"https:\/\/abrelivros.org.br\/site\/comissao-do-senado-aprova-mudancas-na-lei-de-diretrizes-e-bases\/#webpage\",\"url\":\"https:\/\/abrelivros.org.br\/site\/comissao-do-senado-aprova-mudancas-na-lei-de-diretrizes-e-bases\/\",\"name\":\"Comiss\\u00e3o do Senado aprova mudan\\u00e7as na Lei de Diretrizes e Bases &raquo; Abrelivros\",\"isPartOf\":{\"@id\":\"https:\/\/abrelivros.org.br\/site\/#website\"},\"datePublished\":\"2007-05-08T18:44:00+00:00\",\"dateModified\":\"2007-05-08T18:44:00+00:00\",\"author\":{\"@id\":\"https:\/\/abrelivros.org.br\/site\/#\/schema\/person\/2b867f13a717bb230f1a3555505f5593\"},\"breadcrumb\":{\"@id\":\"https:\/\/abrelivros.org.br\/site\/comissao-do-senado-aprova-mudancas-na-lei-de-diretrizes-e-bases\/#breadcrumb\"},\"inLanguage\":\"pt-BR\",\"potentialAction\":[{\"@type\":\"ReadAction\",\"target\":[\"https:\/\/abrelivros.org.br\/site\/comissao-do-senado-aprova-mudancas-na-lei-de-diretrizes-e-bases\/\"]}]},{\"@type\":\"BreadcrumbList\",\"@id\":\"https:\/\/abrelivros.org.br\/site\/comissao-do-senado-aprova-mudancas-na-lei-de-diretrizes-e-bases\/#breadcrumb\",\"itemListElement\":[{\"@type\":\"ListItem\",\"position\":1,\"item\":{\"@type\":\"WebPage\",\"@id\":\"https:\/\/abrelivros.org.br\/site\/\",\"url\":\"https:\/\/abrelivros.org.br\/site\/\",\"name\":\"In\\u00edcio\"}},{\"@type\":\"ListItem\",\"position\":2,\"item\":{\"@type\":\"WebPage\",\"@id\":\"https:\/\/abrelivros.org.br\/site\/category\/noticias\/\",\"url\":\"https:\/\/abrelivros.org.br\/site\/category\/noticias\/\",\"name\":\"Not\\u00edcias\"}},{\"@type\":\"ListItem\",\"position\":3,\"item\":{\"@type\":\"WebPage\",\"@id\":\"https:\/\/abrelivros.org.br\/site\/category\/noticias\/noticias-da-imprensa\/\",\"url\":\"https:\/\/abrelivros.org.br\/site\/category\/noticias\/noticias-da-imprensa\/\",\"name\":\"Not\\u00edcias da imprensa\"}},{\"@type\":\"ListItem\",\"position\":4,\"item\":{\"@type\":\"WebPage\",\"@id\":\"https:\/\/abrelivros.org.br\/site\/comissao-do-senado-aprova-mudancas-na-lei-de-diretrizes-e-bases\/\",\"url\":\"https:\/\/abrelivros.org.br\/site\/comissao-do-senado-aprova-mudancas-na-lei-de-diretrizes-e-bases\/\",\"name\":\"Comiss\\u00e3o do Senado aprova mudan\\u00e7as na Lei de Diretrizes e Bases\"}}]},{\"@type\":\"Person\",\"@id\":\"https:\/\/abrelivros.org.br\/site\/#\/schema\/person\/2b867f13a717bb230f1a3555505f5593\",\"name\":\"\\u00a0\",\"image\":{\"@type\":\"ImageObject\",\"@id\":\"https:\/\/abrelivros.org.br\/site\/#personlogo\",\"inLanguage\":\"pt-BR\",\"url\":\"https:\/\/secure.gravatar.com\/avatar\/e80b7f5231be2fff5040a8023da424898002831c5439420df182ae62676d2a6f?s=96&d=mm&r=g\",\"caption\":\"\\u00a0\"}}]}<\/script>\n<!-- \/ Yoast SEO plugin. -->","_links":{"self":[{"href":"https:\/\/abrelivros.org.br\/site\/wp-json\/wp\/v2\/posts\/1763","targetHints":{"allow":["GET"]}}],"collection":[{"href":"https:\/\/abrelivros.org.br\/site\/wp-json\/wp\/v2\/posts"}],"about":[{"href":"https:\/\/abrelivros.org.br\/site\/wp-json\/wp\/v2\/types\/post"}],"author":[{"embeddable":true,"href":"https:\/\/abrelivros.org.br\/site\/wp-json\/wp\/v2\/users\/1"}],"replies":[{"embeddable":true,"href":"https:\/\/abrelivros.org.br\/site\/wp-json\/wp\/v2\/comments?post=1763"}],"version-history":[{"count":0,"href":"https:\/\/abrelivros.org.br\/site\/wp-json\/wp\/v2\/posts\/1763\/revisions"}],"wp:attachment":[{"href":"https:\/\/abrelivros.org.br\/site\/wp-json\/wp\/v2\/media?parent=1763"}],"wp:term":[{"taxonomy":"category","embeddable":true,"href":"https:\/\/abrelivros.org.br\/site\/wp-json\/wp\/v2\/categories?post=1763"},{"taxonomy":"post_tag","embeddable":true,"href":"https:\/\/abrelivros.org.br\/site\/wp-json\/wp\/v2\/tags?post=1763"}],"curies":[{"name":"wp","href":"https:\/\/api.w.org\/{rel}","templated":true}]}}