{"id":1761,"date":"2007-05-10T16:19:00","date_gmt":"2007-05-10T19:19:00","guid":{"rendered":"https:\/\/abrelivros.org.br\/site\/2007\/05\/10\/municipios-com-baixos-indicadores-terao-atencao-especial\/"},"modified":"2007-05-10T16:19:00","modified_gmt":"2007-05-10T19:19:00","slug":"municipios-com-baixos-indicadores-terao-atencao-especial","status":"publish","type":"post","link":"https:\/\/abrelivros.org.br\/site\/municipios-com-baixos-indicadores-terao-atencao-especial\/","title":{"rendered":"Munic\u00edpios com baixos indicadores ter\u00e3o aten\u00e7\u00e3o especial"},"content":{"rendered":"<p>O ministro da Educa\u00e7\u00e3o, Fernando Haddad, disse nesta quarta-feira, 9 de maio, na apresenta\u00e7\u00e3o do PDE na Bahia, que dos mil munic\u00edpios com os mais baixos indicadores educacionais classificados no  \u00cdndice de Desenvolvimento da Educa\u00e7\u00e3o B\u00e1sica (Ideb), poucos buscaram recursos extras junto ao Minist\u00e9rio da Educa\u00e7\u00e3o. Por esse motivo, disse Haddad, o MEC ir\u00e1 at\u00e9 essas cidades levar as metas do Compromisso Todos pela Educa\u00e7\u00e3o. \u00a0<br \/> \u00a0<br \/> \u201cPrecisamos levar apoio t\u00e9cnico e financeiro a esses munic\u00edpios, e n\u00e3o vamos olhar para partidos pol\u00edticos. O olhar da educa\u00e7\u00e3o precisa estar nas crian\u00e7as\u201d, destacou Haddad. Ele afirmou que no processo de recupera\u00e7\u00e3o da educa\u00e7\u00e3o b\u00e1sica, o Compromisso Todos pela Educa\u00e7\u00e3o tra\u00e7a algumas diretrizes, entre elas, refor\u00e7o escolar, combate \u00e0 repet\u00eancia e \u00e0 evas\u00e3o, cria\u00e7\u00e3o de conselhos escolares municipais atuantes e com representa\u00e7\u00e3o de toda a comunidade escolar.\u00a0<br \/> \u00a0<br \/> O ministro ressaltou que alcan\u00e7ar as metas do compromisso significa um pacto pelo futuro. \u201cA vantagem do investimento em educa\u00e7\u00e3o sobre qualquer outro investimento \u00e9 que ele \u00e9 feito por apenas uma gera\u00e7\u00e3o. Uma gera\u00e7\u00e3o educada educa as seguintes.\u201d\u00a0<br \/> \u00a0<br \/> Segundo Haddad, o combate ao analfabetismo tem que ser urgente e inadi\u00e1vel. \u201cInvestimos cerca de R$ 200 milh\u00f5es por ano e a taxa de analfabetismo medida pelo IBGE n\u00e3o caiu. Isso porque o Brasil Alfabetizado n\u00e3o estava onde deveria estar, especialmente no Nordeste\u201d. O ministro apresentou dados que mostram que a taxa de analfabetismo na regi\u00e3o, entre jovens de 15 a 29 anos, \u00e9 cinco vezes maior do que no restante do Brasil. \u00a0<br \/> \u00a0<br \/> \u00a0<br \/> \u00a0<br \/><B> Haddad vai percorrer o Brasil divulgando o PDE<br \/><\/B> Portal UOL Educa\u00e7\u00e3o \u00a0<br \/> \u00a0<br \/> O ministro da Educa\u00e7\u00e3o, Fernando Haddad, come\u00e7a nesta quarta (9) a Caravana da Educa\u00e7\u00e3o. Junto com o governador do Estado, Jaques Wagner, Haddad lan\u00e7a na Bahia o PDE (Plano de Desenvolvimento da Educa\u00e7\u00e3o). Na caravana, o ministro vai viajar pelo Brasil para falar sobre o plano. O plano faz parte do Compromisso Todos pela Educa\u00e7\u00e3o e compreende uma s\u00e9rie de metas que une esfor\u00e7os do governo federal, dos Estados e dos  munic\u00edpios. \u00a0<br \/> \u00a0<br \/> O desafio das tr\u00eas esferas de governo \u00e9 trabalhar em regime de colabora\u00e7\u00e3o, junto com os pais dos alunos e a comunidade, para melhorar a qualidade da educa\u00e7\u00e3o brasileira. Os Estados e munic\u00edpios que aderirem ser\u00e3o obrigados a cumprir uma s\u00e9rie de diretrizes, mas, tamb\u00e9m, receber\u00e1 apoio t\u00e9cnico e financeiro do Minist\u00e9rio da Educa\u00e7\u00e3o. \u00a0<br \/> \u00a0<br \/> S\u00e3o 28 diretrizes, entre as quais destacam-se: foco na aprendizagem; alfabetiza\u00e7\u00e3o das  crian\u00e7as, no m\u00e1ximo at\u00e9 os oito anos; acompanhamento individual do aluno considerando a freq\u00fc\u00eancia e o desempenho escolar; combate \u00e0 repet\u00eancia com aulas de refor\u00e7o; combate \u00e0 evas\u00e3o; garantia de acesso e perman\u00eancia de estudantes com defici\u00eancia nas classes comuns; plano de carreira para o professor; fixa\u00e7\u00e3o de regras para nomear e exonerar o diretor da escola; promo\u00e7\u00e3o da gest\u00e3o participativa; fomento dos conselhos escolares.\u00a0<br \/>  \u00a0<\/p>\n","protected":false},"excerpt":{"rendered":"<p>O ministro da Educa\u00e7\u00e3o, Fernando Haddad, disse nesta quarta-feira, 9 de maio, na apresenta\u00e7\u00e3o do PDE na Bahia, que dos mil munic\u00edpios com os mais baixos indicadores educacionais classificados no \u00cdndice de Desenvolvimento da Educa\u00e7\u00e3o B\u00e1sica (Ideb), poucos buscaram recursos extras junto ao Minist\u00e9rio da Educa\u00e7\u00e3o. Por esse motivo, disse Haddad, o MEC ir\u00e1 at\u00e9 [&hellip;]<\/p>\n","protected":false},"author":1,"featured_media":0,"comment_status":"closed","ping_status":"closed","sticky":false,"template":"","format":"standard","meta":{"footnotes":"","_links_to":"","_links_to_target":""},"categories":[9],"tags":[],"class_list":["post-1761","post","type-post","status-publish","format-standard","hentry","category-noticias-da-imprensa"],"yoast_head":"<!-- This site is optimized with the Yoast SEO plugin v15.1 - https:\/\/yoast.com\/wordpress\/plugins\/seo\/ -->\n<title>Munic\u00edpios com baixos indicadores ter\u00e3o aten\u00e7\u00e3o especial &raquo; Abrelivros<\/title>\n<meta name=\"robots\" content=\"index, follow, max-snippet:-1, max-image-preview:large, max-video-preview:-1\" \/>\n<link rel=\"canonical\" href=\"https:\/\/abrelivros.org.br\/site\/municipios-com-baixos-indicadores-terao-atencao-especial\/\" \/>\n<meta property=\"og:locale\" content=\"pt_BR\" \/>\n<meta property=\"og:type\" content=\"article\" \/>\n<meta property=\"og:title\" content=\"Munic\u00edpios com baixos indicadores ter\u00e3o aten\u00e7\u00e3o especial &raquo; Abrelivros\" \/>\n<meta property=\"og:description\" content=\"O ministro da Educa\u00e7\u00e3o, Fernando Haddad, disse nesta quarta-feira, 9 de maio, na apresenta\u00e7\u00e3o do PDE na Bahia, que dos mil munic\u00edpios com os mais baixos indicadores educacionais classificados no \u00cdndice de Desenvolvimento da Educa\u00e7\u00e3o B\u00e1sica (Ideb), poucos buscaram recursos extras junto ao Minist\u00e9rio da Educa\u00e7\u00e3o. Por esse motivo, disse Haddad, o MEC ir\u00e1 at\u00e9 [&hellip;]\" \/>\n<meta property=\"og:url\" content=\"https:\/\/abrelivros.org.br\/site\/municipios-com-baixos-indicadores-terao-atencao-especial\/\" \/>\n<meta property=\"og:site_name\" content=\"Abrelivros\" \/>\n<meta property=\"article:published_time\" content=\"2007-05-10T19:19:00+00:00\" \/>\n<meta name=\"twitter:card\" content=\"summary_large_image\" \/>\n<script type=\"application\/ld+json\" class=\"yoast-schema-graph\">{\"@context\":\"https:\/\/schema.org\",\"@graph\":[{\"@type\":\"WebSite\",\"@id\":\"https:\/\/abrelivros.org.br\/site\/#website\",\"url\":\"https:\/\/abrelivros.org.br\/site\/\",\"name\":\"Abrelivros\",\"description\":\"\",\"potentialAction\":[{\"@type\":\"SearchAction\",\"target\":\"https:\/\/abrelivros.org.br\/site\/?s={search_term_string}\",\"query-input\":\"required name=search_term_string\"}],\"inLanguage\":\"pt-BR\"},{\"@type\":\"WebPage\",\"@id\":\"https:\/\/abrelivros.org.br\/site\/municipios-com-baixos-indicadores-terao-atencao-especial\/#webpage\",\"url\":\"https:\/\/abrelivros.org.br\/site\/municipios-com-baixos-indicadores-terao-atencao-especial\/\",\"name\":\"Munic\\u00edpios com baixos indicadores ter\\u00e3o aten\\u00e7\\u00e3o especial &raquo; Abrelivros\",\"isPartOf\":{\"@id\":\"https:\/\/abrelivros.org.br\/site\/#website\"},\"datePublished\":\"2007-05-10T19:19:00+00:00\",\"dateModified\":\"2007-05-10T19:19:00+00:00\",\"author\":{\"@id\":\"https:\/\/abrelivros.org.br\/site\/#\/schema\/person\/2b867f13a717bb230f1a3555505f5593\"},\"breadcrumb\":{\"@id\":\"https:\/\/abrelivros.org.br\/site\/municipios-com-baixos-indicadores-terao-atencao-especial\/#breadcrumb\"},\"inLanguage\":\"pt-BR\",\"potentialAction\":[{\"@type\":\"ReadAction\",\"target\":[\"https:\/\/abrelivros.org.br\/site\/municipios-com-baixos-indicadores-terao-atencao-especial\/\"]}]},{\"@type\":\"BreadcrumbList\",\"@id\":\"https:\/\/abrelivros.org.br\/site\/municipios-com-baixos-indicadores-terao-atencao-especial\/#breadcrumb\",\"itemListElement\":[{\"@type\":\"ListItem\",\"position\":1,\"item\":{\"@type\":\"WebPage\",\"@id\":\"https:\/\/abrelivros.org.br\/site\/\",\"url\":\"https:\/\/abrelivros.org.br\/site\/\",\"name\":\"In\\u00edcio\"}},{\"@type\":\"ListItem\",\"position\":2,\"item\":{\"@type\":\"WebPage\",\"@id\":\"https:\/\/abrelivros.org.br\/site\/category\/noticias\/\",\"url\":\"https:\/\/abrelivros.org.br\/site\/category\/noticias\/\",\"name\":\"Not\\u00edcias\"}},{\"@type\":\"ListItem\",\"position\":3,\"item\":{\"@type\":\"WebPage\",\"@id\":\"https:\/\/abrelivros.org.br\/site\/category\/noticias\/noticias-da-imprensa\/\",\"url\":\"https:\/\/abrelivros.org.br\/site\/category\/noticias\/noticias-da-imprensa\/\",\"name\":\"Not\\u00edcias da imprensa\"}},{\"@type\":\"ListItem\",\"position\":4,\"item\":{\"@type\":\"WebPage\",\"@id\":\"https:\/\/abrelivros.org.br\/site\/municipios-com-baixos-indicadores-terao-atencao-especial\/\",\"url\":\"https:\/\/abrelivros.org.br\/site\/municipios-com-baixos-indicadores-terao-atencao-especial\/\",\"name\":\"Munic\\u00edpios com baixos indicadores ter\\u00e3o aten\\u00e7\\u00e3o especial\"}}]},{\"@type\":\"Person\",\"@id\":\"https:\/\/abrelivros.org.br\/site\/#\/schema\/person\/2b867f13a717bb230f1a3555505f5593\",\"name\":\"\\u00a0\",\"image\":{\"@type\":\"ImageObject\",\"@id\":\"https:\/\/abrelivros.org.br\/site\/#personlogo\",\"inLanguage\":\"pt-BR\",\"url\":\"https:\/\/secure.gravatar.com\/avatar\/e80b7f5231be2fff5040a8023da424898002831c5439420df182ae62676d2a6f?s=96&d=mm&r=g\",\"caption\":\"\\u00a0\"}}]}<\/script>\n<!-- \/ Yoast SEO plugin. -->","_links":{"self":[{"href":"https:\/\/abrelivros.org.br\/site\/wp-json\/wp\/v2\/posts\/1761","targetHints":{"allow":["GET"]}}],"collection":[{"href":"https:\/\/abrelivros.org.br\/site\/wp-json\/wp\/v2\/posts"}],"about":[{"href":"https:\/\/abrelivros.org.br\/site\/wp-json\/wp\/v2\/types\/post"}],"author":[{"embeddable":true,"href":"https:\/\/abrelivros.org.br\/site\/wp-json\/wp\/v2\/users\/1"}],"replies":[{"embeddable":true,"href":"https:\/\/abrelivros.org.br\/site\/wp-json\/wp\/v2\/comments?post=1761"}],"version-history":[{"count":0,"href":"https:\/\/abrelivros.org.br\/site\/wp-json\/wp\/v2\/posts\/1761\/revisions"}],"wp:attachment":[{"href":"https:\/\/abrelivros.org.br\/site\/wp-json\/wp\/v2\/media?parent=1761"}],"wp:term":[{"taxonomy":"category","embeddable":true,"href":"https:\/\/abrelivros.org.br\/site\/wp-json\/wp\/v2\/categories?post=1761"},{"taxonomy":"post_tag","embeddable":true,"href":"https:\/\/abrelivros.org.br\/site\/wp-json\/wp\/v2\/tags?post=1761"}],"curies":[{"name":"wp","href":"https:\/\/api.w.org\/{rel}","templated":true}]}}