{"id":1760,"date":"2007-05-16T10:32:00","date_gmt":"2007-05-16T13:32:00","guid":{"rendered":"https:\/\/abrelivros.org.br\/site\/2007\/05\/16\/guia-do-livro-didatico-de-2008-chega-as-escolas-a-partir-deste-mes\/"},"modified":"2007-05-16T10:32:00","modified_gmt":"2007-05-16T13:32:00","slug":"guia-do-livro-didatico-de-2008-chega-as-escolas-a-partir-deste-mes","status":"publish","type":"post","link":"https:\/\/abrelivros.org.br\/site\/guia-do-livro-didatico-de-2008-chega-as-escolas-a-partir-deste-mes\/","title":{"rendered":"Guia do Livro Did\u00e1tico de 2008 chega \u00e0s escolas a partir deste m\u00eas"},"content":{"rendered":"<p>As escolas da rede p\u00fablica de ensino fundamental come\u00e7am a receber ainda este m\u00eas o Guia do Livro Did\u00e1tico de 2008, que serve de base para a escolha, pelos professores, das obras que os alunos v\u00e3o usar em sala de aula no pr\u00f3ximo ano. O guia cont\u00e9m os livros selecionados pela Secretaria de Educa\u00e7\u00e3o B\u00e1sica (SEB\/MEC) e uma resenha das publica\u00e7\u00f5es.\u00a0<br \/> \u00a0<br \/> Respons\u00e1vel pelos programas nacionais do livro did\u00e1tico do ensino fundamental (PNLD) e do ensino m\u00e9dio (PNLEM), o Fundo Nacional de Desenvolvimento da Educa\u00e7\u00e3o (FNDE\/MEC) j\u00e1 encaminhou o guia para produ\u00e7\u00e3o. Assim que o receberem, as escolas devem fazer suas escolhas, pela internet ou por meio do formul\u00e1rio que o acompanhar\u00e1. \u00a0<br \/> \u00a0<br \/> A escolha do livro do ensino fundamental via formul\u00e1rio pode ser feita a partir do dia 20 pr\u00f3ximo e se estender\u00e1 at\u00e9 13 de julho. Via internet, de 15 de junho a 13 de julho. Os livros did\u00e1ticos do ensino m\u00e9dio ser\u00e3o escolhidos apenas pela internet, tamb\u00e9m no per\u00edodo de 15 de junho a 30 de julho. \u00a0<br \/> \u00a0<br \/> Para fazer a escolha pela internet, as escolas devem usar as senhas indicadas pelo FNDE tamb\u00e9m na segunda quinzena de maio, por meio de carta. \u201cAs escolas n\u00e3o devem deixar para fazer a escolha na \u00faltima hora, pois o sistema pode ficar congestionado\u201d, alertou a coordenadora-geral em exerc\u00edcio dos programas do livro, S\u00f4nia Schwartz. Ela tamb\u00e9m recomenda \u00e0s escolas que optarem pelo formul\u00e1rio a n\u00e3o envi\u00e1-lo perto do prazo final para n\u00e3o correrem o risco de o documento chegar ao FNDE muito tarde.\u00a0<br \/> \u00a0<br \/> As institui\u00e7\u00f5es que n\u00e3o receberem o guia devem entrar em contato com as secretarias estaduais de Educa\u00e7\u00e3o ou com a Central de Atendimento do FNDE, pelo telefone 0800-616161.  A escolha dos livros ser\u00e1 feita na p\u00e1gina eletr\u00f4nica do FNDE. \u00a0<\/p>\n","protected":false},"excerpt":{"rendered":"<p>As escolas da rede p\u00fablica de ensino fundamental come\u00e7am a receber ainda este m\u00eas o Guia do Livro Did\u00e1tico de 2008, que serve de base para a escolha, pelos professores, das obras que os alunos v\u00e3o usar em sala de aula no pr\u00f3ximo ano. O guia cont\u00e9m os livros selecionados pela Secretaria de Educa\u00e7\u00e3o B\u00e1sica [&hellip;]<\/p>\n","protected":false},"author":1,"featured_media":0,"comment_status":"closed","ping_status":"closed","sticky":false,"template":"","format":"standard","meta":{"footnotes":"","_links_to":"","_links_to_target":""},"categories":[9],"tags":[],"class_list":["post-1760","post","type-post","status-publish","format-standard","hentry","category-noticias-da-imprensa"],"yoast_head":"<!-- This site is optimized with the Yoast SEO plugin v15.1 - https:\/\/yoast.com\/wordpress\/plugins\/seo\/ -->\n<title>Guia do Livro Did\u00e1tico de 2008 chega \u00e0s escolas a partir deste m\u00eas &raquo; Abrelivros<\/title>\n<meta name=\"robots\" content=\"index, follow, max-snippet:-1, max-image-preview:large, max-video-preview:-1\" \/>\n<link rel=\"canonical\" href=\"https:\/\/abrelivros.org.br\/site\/guia-do-livro-didatico-de-2008-chega-as-escolas-a-partir-deste-mes\/\" \/>\n<meta property=\"og:locale\" content=\"pt_BR\" \/>\n<meta property=\"og:type\" content=\"article\" \/>\n<meta property=\"og:title\" content=\"Guia do Livro Did\u00e1tico de 2008 chega \u00e0s escolas a partir deste m\u00eas &raquo; Abrelivros\" \/>\n<meta property=\"og:description\" content=\"As escolas da rede p\u00fablica de ensino fundamental come\u00e7am a receber ainda este m\u00eas o Guia do Livro Did\u00e1tico de 2008, que serve de base para a escolha, pelos professores, das obras que os alunos v\u00e3o usar em sala de aula no pr\u00f3ximo ano. O guia cont\u00e9m os livros selecionados pela Secretaria de Educa\u00e7\u00e3o B\u00e1sica [&hellip;]\" \/>\n<meta property=\"og:url\" content=\"https:\/\/abrelivros.org.br\/site\/guia-do-livro-didatico-de-2008-chega-as-escolas-a-partir-deste-mes\/\" \/>\n<meta property=\"og:site_name\" content=\"Abrelivros\" \/>\n<meta property=\"article:published_time\" content=\"2007-05-16T13:32:00+00:00\" \/>\n<meta name=\"twitter:card\" content=\"summary_large_image\" \/>\n<script type=\"application\/ld+json\" class=\"yoast-schema-graph\">{\"@context\":\"https:\/\/schema.org\",\"@graph\":[{\"@type\":\"WebSite\",\"@id\":\"https:\/\/abrelivros.org.br\/site\/#website\",\"url\":\"https:\/\/abrelivros.org.br\/site\/\",\"name\":\"Abrelivros\",\"description\":\"\",\"potentialAction\":[{\"@type\":\"SearchAction\",\"target\":\"https:\/\/abrelivros.org.br\/site\/?s={search_term_string}\",\"query-input\":\"required name=search_term_string\"}],\"inLanguage\":\"pt-BR\"},{\"@type\":\"WebPage\",\"@id\":\"https:\/\/abrelivros.org.br\/site\/guia-do-livro-didatico-de-2008-chega-as-escolas-a-partir-deste-mes\/#webpage\",\"url\":\"https:\/\/abrelivros.org.br\/site\/guia-do-livro-didatico-de-2008-chega-as-escolas-a-partir-deste-mes\/\",\"name\":\"Guia do Livro Did\\u00e1tico de 2008 chega \\u00e0s escolas a partir deste m\\u00eas &raquo; Abrelivros\",\"isPartOf\":{\"@id\":\"https:\/\/abrelivros.org.br\/site\/#website\"},\"datePublished\":\"2007-05-16T13:32:00+00:00\",\"dateModified\":\"2007-05-16T13:32:00+00:00\",\"author\":{\"@id\":\"https:\/\/abrelivros.org.br\/site\/#\/schema\/person\/2b867f13a717bb230f1a3555505f5593\"},\"breadcrumb\":{\"@id\":\"https:\/\/abrelivros.org.br\/site\/guia-do-livro-didatico-de-2008-chega-as-escolas-a-partir-deste-mes\/#breadcrumb\"},\"inLanguage\":\"pt-BR\",\"potentialAction\":[{\"@type\":\"ReadAction\",\"target\":[\"https:\/\/abrelivros.org.br\/site\/guia-do-livro-didatico-de-2008-chega-as-escolas-a-partir-deste-mes\/\"]}]},{\"@type\":\"BreadcrumbList\",\"@id\":\"https:\/\/abrelivros.org.br\/site\/guia-do-livro-didatico-de-2008-chega-as-escolas-a-partir-deste-mes\/#breadcrumb\",\"itemListElement\":[{\"@type\":\"ListItem\",\"position\":1,\"item\":{\"@type\":\"WebPage\",\"@id\":\"https:\/\/abrelivros.org.br\/site\/\",\"url\":\"https:\/\/abrelivros.org.br\/site\/\",\"name\":\"In\\u00edcio\"}},{\"@type\":\"ListItem\",\"position\":2,\"item\":{\"@type\":\"WebPage\",\"@id\":\"https:\/\/abrelivros.org.br\/site\/category\/noticias\/\",\"url\":\"https:\/\/abrelivros.org.br\/site\/category\/noticias\/\",\"name\":\"Not\\u00edcias\"}},{\"@type\":\"ListItem\",\"position\":3,\"item\":{\"@type\":\"WebPage\",\"@id\":\"https:\/\/abrelivros.org.br\/site\/category\/noticias\/noticias-da-imprensa\/\",\"url\":\"https:\/\/abrelivros.org.br\/site\/category\/noticias\/noticias-da-imprensa\/\",\"name\":\"Not\\u00edcias da imprensa\"}},{\"@type\":\"ListItem\",\"position\":4,\"item\":{\"@type\":\"WebPage\",\"@id\":\"https:\/\/abrelivros.org.br\/site\/guia-do-livro-didatico-de-2008-chega-as-escolas-a-partir-deste-mes\/\",\"url\":\"https:\/\/abrelivros.org.br\/site\/guia-do-livro-didatico-de-2008-chega-as-escolas-a-partir-deste-mes\/\",\"name\":\"Guia do Livro Did\\u00e1tico de 2008 chega \\u00e0s escolas a partir deste m\\u00eas\"}}]},{\"@type\":\"Person\",\"@id\":\"https:\/\/abrelivros.org.br\/site\/#\/schema\/person\/2b867f13a717bb230f1a3555505f5593\",\"name\":\"\\u00a0\",\"image\":{\"@type\":\"ImageObject\",\"@id\":\"https:\/\/abrelivros.org.br\/site\/#personlogo\",\"inLanguage\":\"pt-BR\",\"url\":\"https:\/\/secure.gravatar.com\/avatar\/e80b7f5231be2fff5040a8023da424898002831c5439420df182ae62676d2a6f?s=96&d=mm&r=g\",\"caption\":\"\\u00a0\"}}]}<\/script>\n<!-- \/ Yoast SEO plugin. -->","_links":{"self":[{"href":"https:\/\/abrelivros.org.br\/site\/wp-json\/wp\/v2\/posts\/1760","targetHints":{"allow":["GET"]}}],"collection":[{"href":"https:\/\/abrelivros.org.br\/site\/wp-json\/wp\/v2\/posts"}],"about":[{"href":"https:\/\/abrelivros.org.br\/site\/wp-json\/wp\/v2\/types\/post"}],"author":[{"embeddable":true,"href":"https:\/\/abrelivros.org.br\/site\/wp-json\/wp\/v2\/users\/1"}],"replies":[{"embeddable":true,"href":"https:\/\/abrelivros.org.br\/site\/wp-json\/wp\/v2\/comments?post=1760"}],"version-history":[{"count":0,"href":"https:\/\/abrelivros.org.br\/site\/wp-json\/wp\/v2\/posts\/1760\/revisions"}],"wp:attachment":[{"href":"https:\/\/abrelivros.org.br\/site\/wp-json\/wp\/v2\/media?parent=1760"}],"wp:term":[{"taxonomy":"category","embeddable":true,"href":"https:\/\/abrelivros.org.br\/site\/wp-json\/wp\/v2\/categories?post=1760"},{"taxonomy":"post_tag","embeddable":true,"href":"https:\/\/abrelivros.org.br\/site\/wp-json\/wp\/v2\/tags?post=1760"}],"curies":[{"name":"wp","href":"https:\/\/api.w.org\/{rel}","templated":true}]}}