{"id":1759,"date":"2007-05-16T13:23:00","date_gmt":"2007-05-16T16:23:00","guid":{"rendered":"https:\/\/abrelivros.org.br\/site\/2007\/05\/16\/escolas-podem-escolher-livro-didatico-a-partir-do-dia-20\/"},"modified":"2007-05-16T13:23:00","modified_gmt":"2007-05-16T16:23:00","slug":"escolas-podem-escolher-livro-didatico-a-partir-do-dia-20","status":"publish","type":"post","link":"https:\/\/abrelivros.org.br\/site\/escolas-podem-escolher-livro-didatico-a-partir-do-dia-20\/","title":{"rendered":"Escolas podem escolher livro did\u00e1tico a partir do dia 20"},"content":{"rendered":"<p>Os professores das escolas p\u00fablicas poder\u00e3o escolher os livros do ensino fundamental a partir do dia 20 at\u00e9 13 de julho, por meio de formul\u00e1rios. Pela Internet, o prazo vai de 15 de junho a 13 de julho. Os livros did\u00e1ticos do ensino m\u00e9dio ser\u00e3o escolhidos apenas pela Internet, tamb\u00e9m no per\u00edodo de 15 de junho a 30 de julho. \u00a0<br \/> \u00a0<br \/> Respons\u00e1vel pelos programas nacionais do livro did\u00e1tico do ensino fundamental e do ensino m\u00e9dio, o FNDE (Fundo Nacional de Desenvolvimento da Educa\u00e7\u00e3o) j\u00e1 est\u00e1 produzindo o \u201cGuia do Livro Did\u00e1tico de 2008\u201c, que as escolas da rede p\u00fablica de ensino fundamental come\u00e7am a receber ainda este m\u00eas. \u00a0<br \/> \u00a0<br \/> O manual que serve de base para a escolha das obras que os alunos v\u00e3o usar em sala de aula no pr\u00f3ximo ano. O guia cont\u00e9m os livros selecionados pela Secretaria de Educa\u00e7\u00e3o B\u00e1sica e uma resenha das publica\u00e7\u00f5es.\u00a0<br \/> \u00a0<br \/> Para fazer a escolha pela internet, as escolas devem usar as senhas indicadas pelo FNDE tamb\u00e9m na segunda quinzena de maio, por meio de carta. As institui\u00e7\u00f5es que n\u00e3o receberem o guia devem entrar em contato com as secretarias estaduais de Educa\u00e7\u00e3o ou com a Central de Atendimento do FNDE, pelo telefone 0800-616161.<\/p>\n","protected":false},"excerpt":{"rendered":"<p>Os professores das escolas p\u00fablicas poder\u00e3o escolher os livros do ensino fundamental a partir do dia 20 at\u00e9 13 de julho, por meio de formul\u00e1rios. Pela Internet, o prazo vai de 15 de junho a 13 de julho. Os livros did\u00e1ticos do ensino m\u00e9dio ser\u00e3o escolhidos apenas pela Internet, tamb\u00e9m no per\u00edodo de 15 de [&hellip;]<\/p>\n","protected":false},"author":1,"featured_media":0,"comment_status":"closed","ping_status":"closed","sticky":false,"template":"","format":"standard","meta":{"footnotes":"","_links_to":"","_links_to_target":""},"categories":[9],"tags":[],"class_list":["post-1759","post","type-post","status-publish","format-standard","hentry","category-noticias-da-imprensa"],"yoast_head":"<!-- This site is optimized with the Yoast SEO plugin v15.1 - https:\/\/yoast.com\/wordpress\/plugins\/seo\/ -->\n<title>Escolas podem escolher livro did\u00e1tico a partir do dia 20 &raquo; Abrelivros<\/title>\n<meta name=\"robots\" content=\"index, follow, max-snippet:-1, max-image-preview:large, max-video-preview:-1\" \/>\n<link rel=\"canonical\" href=\"https:\/\/abrelivros.org.br\/site\/escolas-podem-escolher-livro-didatico-a-partir-do-dia-20\/\" \/>\n<meta property=\"og:locale\" content=\"pt_BR\" \/>\n<meta property=\"og:type\" content=\"article\" \/>\n<meta property=\"og:title\" content=\"Escolas podem escolher livro did\u00e1tico a partir do dia 20 &raquo; Abrelivros\" \/>\n<meta property=\"og:description\" content=\"Os professores das escolas p\u00fablicas poder\u00e3o escolher os livros do ensino fundamental a partir do dia 20 at\u00e9 13 de julho, por meio de formul\u00e1rios. Pela Internet, o prazo vai de 15 de junho a 13 de julho. Os livros did\u00e1ticos do ensino m\u00e9dio ser\u00e3o escolhidos apenas pela Internet, tamb\u00e9m no per\u00edodo de 15 de [&hellip;]\" \/>\n<meta property=\"og:url\" content=\"https:\/\/abrelivros.org.br\/site\/escolas-podem-escolher-livro-didatico-a-partir-do-dia-20\/\" \/>\n<meta property=\"og:site_name\" content=\"Abrelivros\" \/>\n<meta property=\"article:published_time\" content=\"2007-05-16T16:23:00+00:00\" \/>\n<meta name=\"twitter:card\" content=\"summary_large_image\" \/>\n<script type=\"application\/ld+json\" class=\"yoast-schema-graph\">{\"@context\":\"https:\/\/schema.org\",\"@graph\":[{\"@type\":\"WebSite\",\"@id\":\"https:\/\/abrelivros.org.br\/site\/#website\",\"url\":\"https:\/\/abrelivros.org.br\/site\/\",\"name\":\"Abrelivros\",\"description\":\"\",\"potentialAction\":[{\"@type\":\"SearchAction\",\"target\":\"https:\/\/abrelivros.org.br\/site\/?s={search_term_string}\",\"query-input\":\"required name=search_term_string\"}],\"inLanguage\":\"pt-BR\"},{\"@type\":\"WebPage\",\"@id\":\"https:\/\/abrelivros.org.br\/site\/escolas-podem-escolher-livro-didatico-a-partir-do-dia-20\/#webpage\",\"url\":\"https:\/\/abrelivros.org.br\/site\/escolas-podem-escolher-livro-didatico-a-partir-do-dia-20\/\",\"name\":\"Escolas podem escolher livro did\\u00e1tico a partir do dia 20 &raquo; Abrelivros\",\"isPartOf\":{\"@id\":\"https:\/\/abrelivros.org.br\/site\/#website\"},\"datePublished\":\"2007-05-16T16:23:00+00:00\",\"dateModified\":\"2007-05-16T16:23:00+00:00\",\"author\":{\"@id\":\"https:\/\/abrelivros.org.br\/site\/#\/schema\/person\/2b867f13a717bb230f1a3555505f5593\"},\"breadcrumb\":{\"@id\":\"https:\/\/abrelivros.org.br\/site\/escolas-podem-escolher-livro-didatico-a-partir-do-dia-20\/#breadcrumb\"},\"inLanguage\":\"pt-BR\",\"potentialAction\":[{\"@type\":\"ReadAction\",\"target\":[\"https:\/\/abrelivros.org.br\/site\/escolas-podem-escolher-livro-didatico-a-partir-do-dia-20\/\"]}]},{\"@type\":\"BreadcrumbList\",\"@id\":\"https:\/\/abrelivros.org.br\/site\/escolas-podem-escolher-livro-didatico-a-partir-do-dia-20\/#breadcrumb\",\"itemListElement\":[{\"@type\":\"ListItem\",\"position\":1,\"item\":{\"@type\":\"WebPage\",\"@id\":\"https:\/\/abrelivros.org.br\/site\/\",\"url\":\"https:\/\/abrelivros.org.br\/site\/\",\"name\":\"In\\u00edcio\"}},{\"@type\":\"ListItem\",\"position\":2,\"item\":{\"@type\":\"WebPage\",\"@id\":\"https:\/\/abrelivros.org.br\/site\/category\/noticias\/\",\"url\":\"https:\/\/abrelivros.org.br\/site\/category\/noticias\/\",\"name\":\"Not\\u00edcias\"}},{\"@type\":\"ListItem\",\"position\":3,\"item\":{\"@type\":\"WebPage\",\"@id\":\"https:\/\/abrelivros.org.br\/site\/category\/noticias\/noticias-da-imprensa\/\",\"url\":\"https:\/\/abrelivros.org.br\/site\/category\/noticias\/noticias-da-imprensa\/\",\"name\":\"Not\\u00edcias da imprensa\"}},{\"@type\":\"ListItem\",\"position\":4,\"item\":{\"@type\":\"WebPage\",\"@id\":\"https:\/\/abrelivros.org.br\/site\/escolas-podem-escolher-livro-didatico-a-partir-do-dia-20\/\",\"url\":\"https:\/\/abrelivros.org.br\/site\/escolas-podem-escolher-livro-didatico-a-partir-do-dia-20\/\",\"name\":\"Escolas podem escolher livro did\\u00e1tico a partir do dia 20\"}}]},{\"@type\":\"Person\",\"@id\":\"https:\/\/abrelivros.org.br\/site\/#\/schema\/person\/2b867f13a717bb230f1a3555505f5593\",\"name\":\"\\u00a0\",\"image\":{\"@type\":\"ImageObject\",\"@id\":\"https:\/\/abrelivros.org.br\/site\/#personlogo\",\"inLanguage\":\"pt-BR\",\"url\":\"https:\/\/secure.gravatar.com\/avatar\/e80b7f5231be2fff5040a8023da424898002831c5439420df182ae62676d2a6f?s=96&d=mm&r=g\",\"caption\":\"\\u00a0\"}}]}<\/script>\n<!-- \/ Yoast SEO plugin. -->","_links":{"self":[{"href":"https:\/\/abrelivros.org.br\/site\/wp-json\/wp\/v2\/posts\/1759","targetHints":{"allow":["GET"]}}],"collection":[{"href":"https:\/\/abrelivros.org.br\/site\/wp-json\/wp\/v2\/posts"}],"about":[{"href":"https:\/\/abrelivros.org.br\/site\/wp-json\/wp\/v2\/types\/post"}],"author":[{"embeddable":true,"href":"https:\/\/abrelivros.org.br\/site\/wp-json\/wp\/v2\/users\/1"}],"replies":[{"embeddable":true,"href":"https:\/\/abrelivros.org.br\/site\/wp-json\/wp\/v2\/comments?post=1759"}],"version-history":[{"count":0,"href":"https:\/\/abrelivros.org.br\/site\/wp-json\/wp\/v2\/posts\/1759\/revisions"}],"wp:attachment":[{"href":"https:\/\/abrelivros.org.br\/site\/wp-json\/wp\/v2\/media?parent=1759"}],"wp:term":[{"taxonomy":"category","embeddable":true,"href":"https:\/\/abrelivros.org.br\/site\/wp-json\/wp\/v2\/categories?post=1759"},{"taxonomy":"post_tag","embeddable":true,"href":"https:\/\/abrelivros.org.br\/site\/wp-json\/wp\/v2\/tags?post=1759"}],"curies":[{"name":"wp","href":"https:\/\/api.w.org\/{rel}","templated":true}]}}