{"id":1753,"date":"2007-05-30T15:56:00","date_gmt":"2007-05-30T18:56:00","guid":{"rendered":"https:\/\/abrelivros.org.br\/site\/2007\/05\/30\/encontro-em-manaus-poe-em-debate-o-livro-didatico-da-educacao-basica\/"},"modified":"2007-05-30T15:56:00","modified_gmt":"2007-05-30T18:56:00","slug":"encontro-em-manaus-poe-em-debate-o-livro-didatico-da-educacao-basica","status":"publish","type":"post","link":"https:\/\/abrelivros.org.br\/site\/encontro-em-manaus-poe-em-debate-o-livro-didatico-da-educacao-basica\/","title":{"rendered":"Encontro em Manaus p\u00f5e em debate o livro did\u00e1tico da educa\u00e7\u00e3o b\u00e1sica"},"content":{"rendered":"<p>Aspectos relacionados \u00e0 escolha, avalia\u00e7\u00e3o e distribui\u00e7\u00e3o dos livros did\u00e1ticos aos estudantes da educa\u00e7\u00e3o b\u00e1sica de toda a rede p\u00fablica brasileira come\u00e7aram a ser debatidos na ter\u00e7a-feira, dia 29, em Manaus, no 11\u00ba Encontro Nacional dos Programas do Livro Did\u00e1tico. Estar\u00e3o reunidos na capital amazonense at\u00e9 sexta-feira, 1\u00ba de junho, cerca de 250 participantes de todos os estados. \u00a0<br \/> \u00a0<br \/> Na solenidade de abertura, o presidente Fundo Nacional de Desenvolvimento da Educa\u00e7\u00e3o (FNDE\/MEC), Daniel Balaban, salientou que os programas do livro did\u00e1tico t\u00eam se aprimorado gra\u00e7as \u00e0 troca de id\u00e9ias e informa\u00e7\u00f5es durante os encontros nacionais. Como exemplo de iniciativas decorrentes dos debates t\u00e9cnicos, ele citou a cria\u00e7\u00e3o do Sistema de Controle de Remanejamento e Reserva T\u00e9cnica (Siscort) e o estabelecimento do C\u00f3digo de Conduta dos programas do livro. \u201cA educa\u00e7\u00e3o tem de ser um compromisso de todos, e s\u00f3 quando cada brasileiro assumi-la como sua responsabilidade \u00e9 que conseguiremos alcan\u00e7ar os n\u00edveis de qualidade dos pa\u00edses desenvolvidos\u201d, disse Balaban. \u00a0<br \/> \u00a0<br \/> O secret\u00e1rio de Educa\u00e7\u00e3o do Amazonas, Gede\u00e3o Timoteo Amorim, disse que os programas federais do livro did\u00e1tico s\u00e3o fundamentais para o desenvolvimento da educa\u00e7\u00e3o na regi\u00e3o. \u201cNa amaz\u00f4nia, h\u00e1 estudantes que estudam em escolas t\u00e3o long\u00ednquas que s\u00e3o necess\u00e1rios sete dias de canoa para chegar\u201d, afirmou. \u201cApostar na educa\u00e7\u00e3o \u00e9 a sa\u00edda para o nosso Pa\u00eds, e o Amazonas est\u00e1 apostando nesse desafio.\u201d\u00a0<br \/> \u00a0<br \/> No encontro, tamb\u00e9m ser\u00e3o debatidas as pol\u00edticas e a\u00e7\u00f5es do Minist\u00e9rio da Educa\u00e7\u00e3o no campo do livro e dos materiais did\u00e1ticos para os alunos da educa\u00e7\u00e3o especial e para aqueles matriculados nas classes de alfabetiza\u00e7\u00e3o de jovens e adultos.\u00a0<\/p>\n<p><\/p>\n","protected":false},"excerpt":{"rendered":"<p>Aspectos relacionados \u00e0 escolha, avalia\u00e7\u00e3o e distribui\u00e7\u00e3o dos livros did\u00e1ticos aos estudantes da educa\u00e7\u00e3o b\u00e1sica de toda a rede p\u00fablica brasileira come\u00e7aram a ser debatidos na ter\u00e7a-feira, dia 29, em Manaus, no 11\u00ba Encontro Nacional dos Programas do Livro Did\u00e1tico. Estar\u00e3o reunidos na capital amazonense at\u00e9 sexta-feira, 1\u00ba de junho, cerca de 250 participantes de [&hellip;]<\/p>\n","protected":false},"author":1,"featured_media":0,"comment_status":"closed","ping_status":"closed","sticky":false,"template":"","format":"standard","meta":{"footnotes":"","_links_to":"","_links_to_target":""},"categories":[9],"tags":[],"class_list":["post-1753","post","type-post","status-publish","format-standard","hentry","category-noticias-da-imprensa"],"yoast_head":"<!-- This site is optimized with the Yoast SEO plugin v15.1 - https:\/\/yoast.com\/wordpress\/plugins\/seo\/ -->\n<title>Encontro em Manaus p\u00f5e em debate o livro did\u00e1tico da educa\u00e7\u00e3o b\u00e1sica &raquo; Abrelivros<\/title>\n<meta name=\"robots\" content=\"index, follow, max-snippet:-1, max-image-preview:large, max-video-preview:-1\" \/>\n<link rel=\"canonical\" href=\"https:\/\/abrelivros.org.br\/site\/encontro-em-manaus-poe-em-debate-o-livro-didatico-da-educacao-basica\/\" \/>\n<meta property=\"og:locale\" content=\"pt_BR\" \/>\n<meta property=\"og:type\" content=\"article\" \/>\n<meta property=\"og:title\" content=\"Encontro em Manaus p\u00f5e em debate o livro did\u00e1tico da educa\u00e7\u00e3o b\u00e1sica &raquo; Abrelivros\" \/>\n<meta property=\"og:description\" content=\"Aspectos relacionados \u00e0 escolha, avalia\u00e7\u00e3o e distribui\u00e7\u00e3o dos livros did\u00e1ticos aos estudantes da educa\u00e7\u00e3o b\u00e1sica de toda a rede p\u00fablica brasileira come\u00e7aram a ser debatidos na ter\u00e7a-feira, dia 29, em Manaus, no 11\u00ba Encontro Nacional dos Programas do Livro Did\u00e1tico. Estar\u00e3o reunidos na capital amazonense at\u00e9 sexta-feira, 1\u00ba de junho, cerca de 250 participantes de [&hellip;]\" \/>\n<meta property=\"og:url\" content=\"https:\/\/abrelivros.org.br\/site\/encontro-em-manaus-poe-em-debate-o-livro-didatico-da-educacao-basica\/\" \/>\n<meta property=\"og:site_name\" content=\"Abrelivros\" \/>\n<meta property=\"article:published_time\" content=\"2007-05-30T18:56:00+00:00\" \/>\n<meta name=\"twitter:card\" content=\"summary_large_image\" \/>\n<script type=\"application\/ld+json\" class=\"yoast-schema-graph\">{\"@context\":\"https:\/\/schema.org\",\"@graph\":[{\"@type\":\"WebSite\",\"@id\":\"https:\/\/abrelivros.org.br\/site\/#website\",\"url\":\"https:\/\/abrelivros.org.br\/site\/\",\"name\":\"Abrelivros\",\"description\":\"\",\"potentialAction\":[{\"@type\":\"SearchAction\",\"target\":\"https:\/\/abrelivros.org.br\/site\/?s={search_term_string}\",\"query-input\":\"required name=search_term_string\"}],\"inLanguage\":\"pt-BR\"},{\"@type\":\"WebPage\",\"@id\":\"https:\/\/abrelivros.org.br\/site\/encontro-em-manaus-poe-em-debate-o-livro-didatico-da-educacao-basica\/#webpage\",\"url\":\"https:\/\/abrelivros.org.br\/site\/encontro-em-manaus-poe-em-debate-o-livro-didatico-da-educacao-basica\/\",\"name\":\"Encontro em Manaus p\\u00f5e em debate o livro did\\u00e1tico da educa\\u00e7\\u00e3o b\\u00e1sica &raquo; Abrelivros\",\"isPartOf\":{\"@id\":\"https:\/\/abrelivros.org.br\/site\/#website\"},\"datePublished\":\"2007-05-30T18:56:00+00:00\",\"dateModified\":\"2007-05-30T18:56:00+00:00\",\"author\":{\"@id\":\"https:\/\/abrelivros.org.br\/site\/#\/schema\/person\/2b867f13a717bb230f1a3555505f5593\"},\"breadcrumb\":{\"@id\":\"https:\/\/abrelivros.org.br\/site\/encontro-em-manaus-poe-em-debate-o-livro-didatico-da-educacao-basica\/#breadcrumb\"},\"inLanguage\":\"pt-BR\",\"potentialAction\":[{\"@type\":\"ReadAction\",\"target\":[\"https:\/\/abrelivros.org.br\/site\/encontro-em-manaus-poe-em-debate-o-livro-didatico-da-educacao-basica\/\"]}]},{\"@type\":\"BreadcrumbList\",\"@id\":\"https:\/\/abrelivros.org.br\/site\/encontro-em-manaus-poe-em-debate-o-livro-didatico-da-educacao-basica\/#breadcrumb\",\"itemListElement\":[{\"@type\":\"ListItem\",\"position\":1,\"item\":{\"@type\":\"WebPage\",\"@id\":\"https:\/\/abrelivros.org.br\/site\/\",\"url\":\"https:\/\/abrelivros.org.br\/site\/\",\"name\":\"In\\u00edcio\"}},{\"@type\":\"ListItem\",\"position\":2,\"item\":{\"@type\":\"WebPage\",\"@id\":\"https:\/\/abrelivros.org.br\/site\/category\/noticias\/\",\"url\":\"https:\/\/abrelivros.org.br\/site\/category\/noticias\/\",\"name\":\"Not\\u00edcias\"}},{\"@type\":\"ListItem\",\"position\":3,\"item\":{\"@type\":\"WebPage\",\"@id\":\"https:\/\/abrelivros.org.br\/site\/category\/noticias\/noticias-da-imprensa\/\",\"url\":\"https:\/\/abrelivros.org.br\/site\/category\/noticias\/noticias-da-imprensa\/\",\"name\":\"Not\\u00edcias da imprensa\"}},{\"@type\":\"ListItem\",\"position\":4,\"item\":{\"@type\":\"WebPage\",\"@id\":\"https:\/\/abrelivros.org.br\/site\/encontro-em-manaus-poe-em-debate-o-livro-didatico-da-educacao-basica\/\",\"url\":\"https:\/\/abrelivros.org.br\/site\/encontro-em-manaus-poe-em-debate-o-livro-didatico-da-educacao-basica\/\",\"name\":\"Encontro em Manaus p\\u00f5e em debate o livro did\\u00e1tico da educa\\u00e7\\u00e3o b\\u00e1sica\"}}]},{\"@type\":\"Person\",\"@id\":\"https:\/\/abrelivros.org.br\/site\/#\/schema\/person\/2b867f13a717bb230f1a3555505f5593\",\"name\":\"\\u00a0\",\"image\":{\"@type\":\"ImageObject\",\"@id\":\"https:\/\/abrelivros.org.br\/site\/#personlogo\",\"inLanguage\":\"pt-BR\",\"url\":\"https:\/\/secure.gravatar.com\/avatar\/e80b7f5231be2fff5040a8023da424898002831c5439420df182ae62676d2a6f?s=96&d=mm&r=g\",\"caption\":\"\\u00a0\"}}]}<\/script>\n<!-- \/ Yoast SEO plugin. -->","_links":{"self":[{"href":"https:\/\/abrelivros.org.br\/site\/wp-json\/wp\/v2\/posts\/1753","targetHints":{"allow":["GET"]}}],"collection":[{"href":"https:\/\/abrelivros.org.br\/site\/wp-json\/wp\/v2\/posts"}],"about":[{"href":"https:\/\/abrelivros.org.br\/site\/wp-json\/wp\/v2\/types\/post"}],"author":[{"embeddable":true,"href":"https:\/\/abrelivros.org.br\/site\/wp-json\/wp\/v2\/users\/1"}],"replies":[{"embeddable":true,"href":"https:\/\/abrelivros.org.br\/site\/wp-json\/wp\/v2\/comments?post=1753"}],"version-history":[{"count":0,"href":"https:\/\/abrelivros.org.br\/site\/wp-json\/wp\/v2\/posts\/1753\/revisions"}],"wp:attachment":[{"href":"https:\/\/abrelivros.org.br\/site\/wp-json\/wp\/v2\/media?parent=1753"}],"wp:term":[{"taxonomy":"category","embeddable":true,"href":"https:\/\/abrelivros.org.br\/site\/wp-json\/wp\/v2\/categories?post=1753"},{"taxonomy":"post_tag","embeddable":true,"href":"https:\/\/abrelivros.org.br\/site\/wp-json\/wp\/v2\/tags?post=1753"}],"curies":[{"name":"wp","href":"https:\/\/api.w.org\/{rel}","templated":true}]}}