{"id":1749,"date":"2007-06-04T09:59:00","date_gmt":"2007-06-04T12:59:00","guid":{"rendered":"https:\/\/abrelivros.org.br\/site\/2007\/06\/04\/maria-do-pilar-e-a-nova-secretaria-de-educacao-basica\/"},"modified":"2007-06-04T09:59:00","modified_gmt":"2007-06-04T12:59:00","slug":"maria-do-pilar-e-a-nova-secretaria-de-educacao-basica","status":"publish","type":"post","link":"https:\/\/abrelivros.org.br\/site\/maria-do-pilar-e-a-nova-secretaria-de-educacao-basica\/","title":{"rendered":"Maria do Pilar \u00e9 a nova secret\u00e1ria de Educa\u00e7\u00e3o B\u00e1sica"},"content":{"rendered":"<p>Atual secret\u00e1ria municipal de educa\u00e7\u00e3o da prefeitura de Belo Horizonte (MG), Maria do Pilar Lacerda Almeida e Silva deixar\u00e1 o cargo para assumir a Secretaria de Educa\u00e7\u00e3o B\u00e1sica (SEB\/MEC) no dia 5 de junho. A nomea\u00e7\u00e3o foi publicada no Di\u00e1rio Oficial da Uni\u00e3o de 30 de maio.&nbsp;<br \/> &nbsp;<br \/> Mineira de Tim\u00f3teo, Maria do Pilar \u00e9 professora licenciada em hist\u00f3ria pela Universidade Federal de Minas Gerais e especialista em gest\u00e3o de sistemas educacionais pela Pontif\u00edcia Universidade Cat\u00f3lica de Minas. Pilar lecionou durante 25 anos em seu estado, de 1976 a 2001.&nbsp;<br \/> &nbsp;<br \/> Maria do Pilar \u00e9 presidente da Uni\u00e3o Nacional dos Dirigentes Municipais de Educa\u00e7\u00e3o (Undime). H\u00e1 dois anos no cargo, a professora participou das discuss\u00f5es para a cria\u00e7\u00e3o do Fundo de Manuten\u00e7\u00e3o e Desenvolvimento da Educa\u00e7\u00e3o B\u00e1sica (Fundeb). Agora, deixa a presid\u00eancia da entidade para se dedicar \u00e0 SEB.&nbsp;<br \/> &nbsp;<br \/> A experi\u00eancia profissional da nova secret\u00e1ria inclui assessoria na \u00e1rea pedag\u00f3gica de diversas prefeituras de Minas Gerais e de outros estados e a  consultoria do programa de Aperfei\u00e7oamento dos Secret\u00e1rios Municipais de Educa\u00e7\u00e3o do MEC, entre 1999 e 2001, al\u00e9m de participa\u00e7\u00e3o na equipe pedag\u00f3gica que elaborou e implementou a Escola Plural \u2013 movimento de renova\u00e7\u00e3o pedag\u00f3gica da prefeitura de Belo Horizonte. &nbsp;<\/p>\n","protected":false},"excerpt":{"rendered":"<p>Atual secret\u00e1ria municipal de educa\u00e7\u00e3o da prefeitura de Belo Horizonte (MG), Maria do Pilar Lacerda Almeida e Silva deixar\u00e1 o cargo para assumir a Secretaria de Educa\u00e7\u00e3o B\u00e1sica (SEB\/MEC) no dia 5 de junho. A nomea\u00e7\u00e3o foi publicada no Di\u00e1rio Oficial da Uni\u00e3o de 30 de maio.&nbsp; &nbsp; Mineira de Tim\u00f3teo, Maria do Pilar \u00e9 [&hellip;]<\/p>\n","protected":false},"author":1,"featured_media":0,"comment_status":"closed","ping_status":"closed","sticky":false,"template":"","format":"standard","meta":{"footnotes":"","_links_to":"","_links_to_target":""},"categories":[9],"tags":[],"class_list":["post-1749","post","type-post","status-publish","format-standard","hentry","category-noticias-da-imprensa"],"yoast_head":"<!-- This site is optimized with the Yoast SEO plugin v15.1 - https:\/\/yoast.com\/wordpress\/plugins\/seo\/ -->\n<title>Maria do Pilar \u00e9 a nova secret\u00e1ria de Educa\u00e7\u00e3o B\u00e1sica &raquo; Abrelivros<\/title>\n<meta name=\"robots\" content=\"index, follow, max-snippet:-1, max-image-preview:large, max-video-preview:-1\" \/>\n<link rel=\"canonical\" href=\"https:\/\/abrelivros.org.br\/site\/maria-do-pilar-e-a-nova-secretaria-de-educacao-basica\/\" \/>\n<meta property=\"og:locale\" content=\"pt_BR\" \/>\n<meta property=\"og:type\" content=\"article\" \/>\n<meta property=\"og:title\" content=\"Maria do Pilar \u00e9 a nova secret\u00e1ria de Educa\u00e7\u00e3o B\u00e1sica &raquo; Abrelivros\" \/>\n<meta property=\"og:description\" content=\"Atual secret\u00e1ria municipal de educa\u00e7\u00e3o da prefeitura de Belo Horizonte (MG), Maria do Pilar Lacerda Almeida e Silva deixar\u00e1 o cargo para assumir a Secretaria de Educa\u00e7\u00e3o B\u00e1sica (SEB\/MEC) no dia 5 de junho. A nomea\u00e7\u00e3o foi publicada no Di\u00e1rio Oficial da Uni\u00e3o de 30 de maio.&nbsp; &nbsp; Mineira de Tim\u00f3teo, Maria do Pilar \u00e9 [&hellip;]\" \/>\n<meta property=\"og:url\" content=\"https:\/\/abrelivros.org.br\/site\/maria-do-pilar-e-a-nova-secretaria-de-educacao-basica\/\" \/>\n<meta property=\"og:site_name\" content=\"Abrelivros\" \/>\n<meta property=\"article:published_time\" content=\"2007-06-04T12:59:00+00:00\" \/>\n<meta name=\"twitter:card\" content=\"summary_large_image\" \/>\n<script type=\"application\/ld+json\" class=\"yoast-schema-graph\">{\"@context\":\"https:\/\/schema.org\",\"@graph\":[{\"@type\":\"WebSite\",\"@id\":\"https:\/\/abrelivros.org.br\/site\/#website\",\"url\":\"https:\/\/abrelivros.org.br\/site\/\",\"name\":\"Abrelivros\",\"description\":\"\",\"potentialAction\":[{\"@type\":\"SearchAction\",\"target\":\"https:\/\/abrelivros.org.br\/site\/?s={search_term_string}\",\"query-input\":\"required name=search_term_string\"}],\"inLanguage\":\"pt-BR\"},{\"@type\":\"WebPage\",\"@id\":\"https:\/\/abrelivros.org.br\/site\/maria-do-pilar-e-a-nova-secretaria-de-educacao-basica\/#webpage\",\"url\":\"https:\/\/abrelivros.org.br\/site\/maria-do-pilar-e-a-nova-secretaria-de-educacao-basica\/\",\"name\":\"Maria do Pilar \\u00e9 a nova secret\\u00e1ria de Educa\\u00e7\\u00e3o B\\u00e1sica &raquo; Abrelivros\",\"isPartOf\":{\"@id\":\"https:\/\/abrelivros.org.br\/site\/#website\"},\"datePublished\":\"2007-06-04T12:59:00+00:00\",\"dateModified\":\"2007-06-04T12:59:00+00:00\",\"author\":{\"@id\":\"https:\/\/abrelivros.org.br\/site\/#\/schema\/person\/2b867f13a717bb230f1a3555505f5593\"},\"breadcrumb\":{\"@id\":\"https:\/\/abrelivros.org.br\/site\/maria-do-pilar-e-a-nova-secretaria-de-educacao-basica\/#breadcrumb\"},\"inLanguage\":\"pt-BR\",\"potentialAction\":[{\"@type\":\"ReadAction\",\"target\":[\"https:\/\/abrelivros.org.br\/site\/maria-do-pilar-e-a-nova-secretaria-de-educacao-basica\/\"]}]},{\"@type\":\"BreadcrumbList\",\"@id\":\"https:\/\/abrelivros.org.br\/site\/maria-do-pilar-e-a-nova-secretaria-de-educacao-basica\/#breadcrumb\",\"itemListElement\":[{\"@type\":\"ListItem\",\"position\":1,\"item\":{\"@type\":\"WebPage\",\"@id\":\"https:\/\/abrelivros.org.br\/site\/\",\"url\":\"https:\/\/abrelivros.org.br\/site\/\",\"name\":\"In\\u00edcio\"}},{\"@type\":\"ListItem\",\"position\":2,\"item\":{\"@type\":\"WebPage\",\"@id\":\"https:\/\/abrelivros.org.br\/site\/category\/noticias\/\",\"url\":\"https:\/\/abrelivros.org.br\/site\/category\/noticias\/\",\"name\":\"Not\\u00edcias\"}},{\"@type\":\"ListItem\",\"position\":3,\"item\":{\"@type\":\"WebPage\",\"@id\":\"https:\/\/abrelivros.org.br\/site\/category\/noticias\/noticias-da-imprensa\/\",\"url\":\"https:\/\/abrelivros.org.br\/site\/category\/noticias\/noticias-da-imprensa\/\",\"name\":\"Not\\u00edcias da imprensa\"}},{\"@type\":\"ListItem\",\"position\":4,\"item\":{\"@type\":\"WebPage\",\"@id\":\"https:\/\/abrelivros.org.br\/site\/maria-do-pilar-e-a-nova-secretaria-de-educacao-basica\/\",\"url\":\"https:\/\/abrelivros.org.br\/site\/maria-do-pilar-e-a-nova-secretaria-de-educacao-basica\/\",\"name\":\"Maria do Pilar \\u00e9 a nova secret\\u00e1ria de Educa\\u00e7\\u00e3o B\\u00e1sica\"}}]},{\"@type\":\"Person\",\"@id\":\"https:\/\/abrelivros.org.br\/site\/#\/schema\/person\/2b867f13a717bb230f1a3555505f5593\",\"name\":\"\\u00a0\",\"image\":{\"@type\":\"ImageObject\",\"@id\":\"https:\/\/abrelivros.org.br\/site\/#personlogo\",\"inLanguage\":\"pt-BR\",\"url\":\"https:\/\/secure.gravatar.com\/avatar\/e80b7f5231be2fff5040a8023da424898002831c5439420df182ae62676d2a6f?s=96&d=mm&r=g\",\"caption\":\"\\u00a0\"}}]}<\/script>\n<!-- \/ Yoast SEO plugin. -->","_links":{"self":[{"href":"https:\/\/abrelivros.org.br\/site\/wp-json\/wp\/v2\/posts\/1749","targetHints":{"allow":["GET"]}}],"collection":[{"href":"https:\/\/abrelivros.org.br\/site\/wp-json\/wp\/v2\/posts"}],"about":[{"href":"https:\/\/abrelivros.org.br\/site\/wp-json\/wp\/v2\/types\/post"}],"author":[{"embeddable":true,"href":"https:\/\/abrelivros.org.br\/site\/wp-json\/wp\/v2\/users\/1"}],"replies":[{"embeddable":true,"href":"https:\/\/abrelivros.org.br\/site\/wp-json\/wp\/v2\/comments?post=1749"}],"version-history":[{"count":0,"href":"https:\/\/abrelivros.org.br\/site\/wp-json\/wp\/v2\/posts\/1749\/revisions"}],"wp:attachment":[{"href":"https:\/\/abrelivros.org.br\/site\/wp-json\/wp\/v2\/media?parent=1749"}],"wp:term":[{"taxonomy":"category","embeddable":true,"href":"https:\/\/abrelivros.org.br\/site\/wp-json\/wp\/v2\/categories?post=1749"},{"taxonomy":"post_tag","embeddable":true,"href":"https:\/\/abrelivros.org.br\/site\/wp-json\/wp\/v2\/tags?post=1749"}],"curies":[{"name":"wp","href":"https:\/\/api.w.org\/{rel}","templated":true}]}}