{"id":1748,"date":"2007-06-04T10:01:00","date_gmt":"2007-06-04T13:01:00","guid":{"rendered":"https:\/\/abrelivros.org.br\/site\/2007\/06\/04\/francisco-das-chagas-e-o-novo-secretario-executivo-adjunto-do-mec\/"},"modified":"2007-06-04T10:01:00","modified_gmt":"2007-06-04T13:01:00","slug":"francisco-das-chagas-e-o-novo-secretario-executivo-adjunto-do-mec","status":"publish","type":"post","link":"https:\/\/abrelivros.org.br\/site\/francisco-das-chagas-e-o-novo-secretario-executivo-adjunto-do-mec\/","title":{"rendered":"Francisco das Chagas \u00e9 o novo secret\u00e1rio executivo adjunto do MEC"},"content":{"rendered":"<p>O professor Francisco das Chagas Fernandes deixa a Secretaria de Educa\u00e7\u00e3o B\u00e1sica (SEB) para assumir o cargo de secret\u00e1rio executivo adjunto do Minist\u00e9rio da Educa\u00e7\u00e3o. A nomea\u00e7\u00e3o foi publicada no Di\u00e1rio Oficial da Uni\u00e3o de 30 de maio. &nbsp;<br \/> &nbsp;<br \/> Formado em letras pela Universidade Federal do Rio Grande do Norte, o potiguar esteve \u00e0 frente da SEB nos \u00faltimos tr\u00eas anos, onde trabalhou pela redefini\u00e7\u00e3o do financiamento da educa\u00e7\u00e3o b\u00e1sica, com a substitui\u00e7\u00e3o do Fundo de Manuten\u00e7\u00e3o e Desenvolvimento do Ensino Fundamental e de  Valoriza\u00e7\u00e3o do Magist\u00e9rio (Fundef) pelo Fundo de Desenvolvimento da Educa\u00e7\u00e3o B\u00e1sica (Fundeb). O ensino fundamental de nove anos e a valoriza\u00e7\u00e3o dos profissionais da educa\u00e7\u00e3o tamb\u00e9m tiveram relev\u00e2ncia no seu per\u00edodo administrativo. &nbsp;<br \/> &nbsp;<br \/> Antes de assumir a SEB, Chagas foi diretor do Sindicato dos Trabalhadores em Educa\u00e7\u00e3o em seu estado, diretor da Confedera\u00e7\u00e3o Nacional dos Trabalhadores em Educa\u00e7\u00e3o, professor da rede estadual do Rio Grande do Norte e ainda dirigiu o Fundef. Chagas tamb\u00e9m foi membro do Conselho Nacional de Educa\u00e7\u00e3o, ao mesmo tempo em que dirigiu a SEB.&nbsp;<br \/> &nbsp;<br \/> O professor assumir\u00e1 o cargo de secret\u00e1rio executivo adjunto no dia 5 de junho, quando a nova secret\u00e1ria de Educa\u00e7\u00e3o B\u00e1sica, Maria do Pilar Lacerda Almeida e Silva, tamb\u00e9m tomar\u00e1 posse. &nbsp;<\/p>\n","protected":false},"excerpt":{"rendered":"<p>O professor Francisco das Chagas Fernandes deixa a Secretaria de Educa\u00e7\u00e3o B\u00e1sica (SEB) para assumir o cargo de secret\u00e1rio executivo adjunto do Minist\u00e9rio da Educa\u00e7\u00e3o. A nomea\u00e7\u00e3o foi publicada no Di\u00e1rio Oficial da Uni\u00e3o de 30 de maio. &nbsp; &nbsp; Formado em letras pela Universidade Federal do Rio Grande do Norte, o potiguar esteve \u00e0 [&hellip;]<\/p>\n","protected":false},"author":1,"featured_media":0,"comment_status":"closed","ping_status":"closed","sticky":false,"template":"","format":"standard","meta":{"footnotes":"","_links_to":"","_links_to_target":""},"categories":[9],"tags":[],"class_list":["post-1748","post","type-post","status-publish","format-standard","hentry","category-noticias-da-imprensa"],"yoast_head":"<!-- This site is optimized with the Yoast SEO plugin v15.1 - https:\/\/yoast.com\/wordpress\/plugins\/seo\/ -->\n<title>Francisco das Chagas \u00e9 o novo secret\u00e1rio executivo adjunto do MEC &raquo; Abrelivros<\/title>\n<meta name=\"robots\" content=\"index, follow, max-snippet:-1, max-image-preview:large, max-video-preview:-1\" \/>\n<link rel=\"canonical\" href=\"https:\/\/abrelivros.org.br\/site\/francisco-das-chagas-e-o-novo-secretario-executivo-adjunto-do-mec\/\" \/>\n<meta property=\"og:locale\" content=\"pt_BR\" \/>\n<meta property=\"og:type\" content=\"article\" \/>\n<meta property=\"og:title\" content=\"Francisco das Chagas \u00e9 o novo secret\u00e1rio executivo adjunto do MEC &raquo; Abrelivros\" \/>\n<meta property=\"og:description\" content=\"O professor Francisco das Chagas Fernandes deixa a Secretaria de Educa\u00e7\u00e3o B\u00e1sica (SEB) para assumir o cargo de secret\u00e1rio executivo adjunto do Minist\u00e9rio da Educa\u00e7\u00e3o. A nomea\u00e7\u00e3o foi publicada no Di\u00e1rio Oficial da Uni\u00e3o de 30 de maio. &nbsp; &nbsp; Formado em letras pela Universidade Federal do Rio Grande do Norte, o potiguar esteve \u00e0 [&hellip;]\" \/>\n<meta property=\"og:url\" content=\"https:\/\/abrelivros.org.br\/site\/francisco-das-chagas-e-o-novo-secretario-executivo-adjunto-do-mec\/\" \/>\n<meta property=\"og:site_name\" content=\"Abrelivros\" \/>\n<meta property=\"article:published_time\" content=\"2007-06-04T13:01:00+00:00\" \/>\n<meta name=\"twitter:card\" content=\"summary_large_image\" \/>\n<script type=\"application\/ld+json\" class=\"yoast-schema-graph\">{\"@context\":\"https:\/\/schema.org\",\"@graph\":[{\"@type\":\"WebSite\",\"@id\":\"https:\/\/abrelivros.org.br\/site\/#website\",\"url\":\"https:\/\/abrelivros.org.br\/site\/\",\"name\":\"Abrelivros\",\"description\":\"\",\"potentialAction\":[{\"@type\":\"SearchAction\",\"target\":\"https:\/\/abrelivros.org.br\/site\/?s={search_term_string}\",\"query-input\":\"required name=search_term_string\"}],\"inLanguage\":\"pt-BR\"},{\"@type\":\"WebPage\",\"@id\":\"https:\/\/abrelivros.org.br\/site\/francisco-das-chagas-e-o-novo-secretario-executivo-adjunto-do-mec\/#webpage\",\"url\":\"https:\/\/abrelivros.org.br\/site\/francisco-das-chagas-e-o-novo-secretario-executivo-adjunto-do-mec\/\",\"name\":\"Francisco das Chagas \\u00e9 o novo secret\\u00e1rio executivo adjunto do MEC &raquo; Abrelivros\",\"isPartOf\":{\"@id\":\"https:\/\/abrelivros.org.br\/site\/#website\"},\"datePublished\":\"2007-06-04T13:01:00+00:00\",\"dateModified\":\"2007-06-04T13:01:00+00:00\",\"author\":{\"@id\":\"https:\/\/abrelivros.org.br\/site\/#\/schema\/person\/2b867f13a717bb230f1a3555505f5593\"},\"breadcrumb\":{\"@id\":\"https:\/\/abrelivros.org.br\/site\/francisco-das-chagas-e-o-novo-secretario-executivo-adjunto-do-mec\/#breadcrumb\"},\"inLanguage\":\"pt-BR\",\"potentialAction\":[{\"@type\":\"ReadAction\",\"target\":[\"https:\/\/abrelivros.org.br\/site\/francisco-das-chagas-e-o-novo-secretario-executivo-adjunto-do-mec\/\"]}]},{\"@type\":\"BreadcrumbList\",\"@id\":\"https:\/\/abrelivros.org.br\/site\/francisco-das-chagas-e-o-novo-secretario-executivo-adjunto-do-mec\/#breadcrumb\",\"itemListElement\":[{\"@type\":\"ListItem\",\"position\":1,\"item\":{\"@type\":\"WebPage\",\"@id\":\"https:\/\/abrelivros.org.br\/site\/\",\"url\":\"https:\/\/abrelivros.org.br\/site\/\",\"name\":\"In\\u00edcio\"}},{\"@type\":\"ListItem\",\"position\":2,\"item\":{\"@type\":\"WebPage\",\"@id\":\"https:\/\/abrelivros.org.br\/site\/category\/noticias\/\",\"url\":\"https:\/\/abrelivros.org.br\/site\/category\/noticias\/\",\"name\":\"Not\\u00edcias\"}},{\"@type\":\"ListItem\",\"position\":3,\"item\":{\"@type\":\"WebPage\",\"@id\":\"https:\/\/abrelivros.org.br\/site\/category\/noticias\/noticias-da-imprensa\/\",\"url\":\"https:\/\/abrelivros.org.br\/site\/category\/noticias\/noticias-da-imprensa\/\",\"name\":\"Not\\u00edcias da imprensa\"}},{\"@type\":\"ListItem\",\"position\":4,\"item\":{\"@type\":\"WebPage\",\"@id\":\"https:\/\/abrelivros.org.br\/site\/francisco-das-chagas-e-o-novo-secretario-executivo-adjunto-do-mec\/\",\"url\":\"https:\/\/abrelivros.org.br\/site\/francisco-das-chagas-e-o-novo-secretario-executivo-adjunto-do-mec\/\",\"name\":\"Francisco das Chagas \\u00e9 o novo secret\\u00e1rio executivo adjunto do MEC\"}}]},{\"@type\":\"Person\",\"@id\":\"https:\/\/abrelivros.org.br\/site\/#\/schema\/person\/2b867f13a717bb230f1a3555505f5593\",\"name\":\"\\u00a0\",\"image\":{\"@type\":\"ImageObject\",\"@id\":\"https:\/\/abrelivros.org.br\/site\/#personlogo\",\"inLanguage\":\"pt-BR\",\"url\":\"https:\/\/secure.gravatar.com\/avatar\/e80b7f5231be2fff5040a8023da424898002831c5439420df182ae62676d2a6f?s=96&d=mm&r=g\",\"caption\":\"\\u00a0\"}}]}<\/script>\n<!-- \/ Yoast SEO plugin. -->","_links":{"self":[{"href":"https:\/\/abrelivros.org.br\/site\/wp-json\/wp\/v2\/posts\/1748","targetHints":{"allow":["GET"]}}],"collection":[{"href":"https:\/\/abrelivros.org.br\/site\/wp-json\/wp\/v2\/posts"}],"about":[{"href":"https:\/\/abrelivros.org.br\/site\/wp-json\/wp\/v2\/types\/post"}],"author":[{"embeddable":true,"href":"https:\/\/abrelivros.org.br\/site\/wp-json\/wp\/v2\/users\/1"}],"replies":[{"embeddable":true,"href":"https:\/\/abrelivros.org.br\/site\/wp-json\/wp\/v2\/comments?post=1748"}],"version-history":[{"count":0,"href":"https:\/\/abrelivros.org.br\/site\/wp-json\/wp\/v2\/posts\/1748\/revisions"}],"wp:attachment":[{"href":"https:\/\/abrelivros.org.br\/site\/wp-json\/wp\/v2\/media?parent=1748"}],"wp:term":[{"taxonomy":"category","embeddable":true,"href":"https:\/\/abrelivros.org.br\/site\/wp-json\/wp\/v2\/categories?post=1748"},{"taxonomy":"post_tag","embeddable":true,"href":"https:\/\/abrelivros.org.br\/site\/wp-json\/wp\/v2\/tags?post=1748"}],"curies":[{"name":"wp","href":"https:\/\/api.w.org\/{rel}","templated":true}]}}