{"id":1747,"date":"2007-06-05T17:56:00","date_gmt":"2007-06-05T20:56:00","guid":{"rendered":"https:\/\/abrelivros.org.br\/site\/2007\/06\/05\/itau-lanca-enciclopedia-de-literatura\/"},"modified":"2007-06-05T17:56:00","modified_gmt":"2007-06-05T20:56:00","slug":"itau-lanca-enciclopedia-de-literatura","status":"publish","type":"post","link":"https:\/\/abrelivros.org.br\/site\/itau-lanca-enciclopedia-de-literatura\/","title":{"rendered":"Ita\u00fa lan\u00e7a enciclop\u00e9dia de literatura"},"content":{"rendered":"<p>O Ita\u00fa Cultural relan\u00e7a hoje sua p\u00e1gina na internet com uma novidade: uma enciclop\u00e9dia de literatura brasileira, com 130 verbetes, irm\u00e3 ca\u00e7ula das duas enciclop\u00e9dias j\u00e1 existentes, dedicadas \u00e0s artes virtuais (que tem 3.000 verbetes) e ao teatro (que possui 700). O endere\u00e7o permanece o mesmo: <a href=\"http:\/\/www.itaulcultural.org.br\/\" target=\"_blank\" rel=\"noopener noreferrer\">www.itaulcultural.org.br<\/a>.\u00a0<br \/> \u00a0<br \/> A enciclop\u00e9dia das letras nacionais conta com pesquisa em sete categorias. A busca por nomes d\u00e1 acesso \u00e0s biografias dos escritores. Em obras, \u00e9 poss\u00edvel pesquisar e ler poemas, contos, cr\u00f4nicas e, quando houver dom\u00ednio p\u00fablico ou negocia\u00e7\u00e3o de direitos autorais, trechos de cap\u00edtulos de alguns romances.\u00a0<br \/> \u00a0<br \/> A entrada \u201cdefini\u00e7\u00f5es\u201c traz explica\u00e7\u00f5es sobre g\u00eaneros liter\u00e1rios, movimentos etc. Em \u201cvida liter\u00e1ria\u201c, \u00e9 poss\u00edvel ler textos sobre institui\u00e7\u00f5es importantes no mundo das letras brasileiras, como a Biblioteca Nacional, a editora Jos\u00e9 Olympio, e revistas liter\u00e1rias hist\u00f3ricas como a \u201cKlaxon\u201c. Clicando em \u201clugares\u201c, h\u00e1 acesso a links de centros de estudo da literatura nacional no Brasil e no exterior, al\u00e9m de sites de revistas liter\u00e1rias f\u00edsicas ou virtuais.\u00a0<br \/> \u00a0<br \/> Uma novidade interessante \u00e9 o acesso a \u00e1udios e v\u00eddeos com depoimentos, entrevistas com autores ou ainda leituras de obras. A escritora Ad\u00e9lia Prado est\u00e1 entre os favorecidos pela ferramenta multim\u00eddia. O material foi selecionado dos arquivos do Encontro de Interroga\u00e7\u00e3o e outros eventos feitos pelo Ita\u00fa Cultural.\u00a0<br \/> \u00a0<br \/> Outro aspecto interessante da enciclop\u00e9dia de literatura \u00e9 a sua conex\u00e3o com as de artes visuais e teatro. Um exemplo \u00e9 o verbete dedicado ao poeta Ferreira Gullar, colunista da Folha, que, ao mencionar o \u201cManifesto Neoconcreto\u201c apresenta um link para a artista pl\u00e1stica Lygia Pape (1927-2004), que tamb\u00e9m assinou o documento, em 1959. O polivalente Santa Rosa \u00e9 outro exemplo: aparece nas tr\u00eas enciclop\u00e9dias por conta de seu trabalho como capista, cen\u00f3grafo e artista pl\u00e1stico.\u00a0<br \/> \u00a0<br \/> \u201cA enciclop\u00e9dia n\u00e3o \u00e9 apenas uma rela\u00e7\u00e3o de autores, mas mostra a complexidade da literatura brasileira, revelada por meio de quest\u00f5es como a ind\u00fastria editorial no pa\u00eds e o contexto social em que certas obra foram criadas, entre outras coisas\u201c, afirma Claudiney Ferreira, respons\u00e1vel pelo conte\u00fado do obra virtual.\u00a0<br \/> \u00a0<br \/><B> Manuten\u00e7\u00e3o\u00a0<br \/> \u00a0<br \/><\/B> Antes de ir ao ar, todos os textos v\u00eam sendo submetidos a um conselho editorial formado por Ferreira, T\u00e2nia Rodrigues, coordenadora das enciclop\u00e9dias da institui\u00e7\u00e3o, o escritor Luiz Ruffato e os professores Fl\u00e1vio Carneiro (Universidade Estadual do Rio de Janeiro) e Regina Dalcastagn\u00e8 (Universidade de Bras\u00edlia).\u00a0<br \/> \u00a0<br \/> O site trar\u00e1 um canal de comunica\u00e7\u00e3o com o leitor, que poder\u00e1 apontar eventuais falhas ou acrescentar informa\u00e7\u00f5es. A equipe do Ita\u00fa Cultural que ir\u00e1 tocar a enciclop\u00e9dia de literatura \u00e9 pequena: s\u00e3o cinco redatores internos, mais cerca de dez colaboradores externos.\u00a0<br \/> \u00a0<br \/> Ainda assim, h\u00e1 promessa de atualiza\u00e7\u00e3o di\u00e1ria: \u201cSe o escritor lan\u00e7ou um livro colocamos no ar. Se morreu, tamb\u00e9m atualizamos\u201c, diz T\u00e2nia.\u00a0<br \/> \u00a0<br \/> A institui\u00e7\u00e3o j\u00e1 tem algumas promessas para o futuro: espera, at\u00e9 o fim de 2008, aumentar para 400 o n\u00famero de verbetes; pretende colocar no ar documentos digitalizados e apresentar an\u00e1lises de obras.\u00a0<br \/> \u00a0<\/p>\n<p><\/p>\n","protected":false},"excerpt":{"rendered":"<p>O Ita\u00fa Cultural relan\u00e7a hoje sua p\u00e1gina na internet com uma novidade: uma enciclop\u00e9dia de literatura brasileira, com 130 verbetes, irm\u00e3 ca\u00e7ula das duas enciclop\u00e9dias j\u00e1 existentes, dedicadas \u00e0s artes virtuais (que tem 3.000 verbetes) e ao teatro (que possui 700). O endere\u00e7o permanece o mesmo: www.itaulcultural.org.br.\u00a0 \u00a0 A enciclop\u00e9dia das letras nacionais conta com [&hellip;]<\/p>\n","protected":false},"author":1,"featured_media":0,"comment_status":"closed","ping_status":"closed","sticky":false,"template":"","format":"standard","meta":{"footnotes":"","_links_to":"","_links_to_target":""},"categories":[9],"tags":[],"class_list":["post-1747","post","type-post","status-publish","format-standard","hentry","category-noticias-da-imprensa"],"yoast_head":"<!-- This site is optimized with the Yoast SEO plugin v15.1 - https:\/\/yoast.com\/wordpress\/plugins\/seo\/ -->\n<title>Ita\u00fa lan\u00e7a enciclop\u00e9dia de literatura &raquo; Abrelivros<\/title>\n<meta name=\"robots\" content=\"index, follow, max-snippet:-1, max-image-preview:large, max-video-preview:-1\" \/>\n<link rel=\"canonical\" href=\"https:\/\/abrelivros.org.br\/site\/itau-lanca-enciclopedia-de-literatura\/\" \/>\n<meta property=\"og:locale\" content=\"pt_BR\" \/>\n<meta property=\"og:type\" content=\"article\" \/>\n<meta property=\"og:title\" content=\"Ita\u00fa lan\u00e7a enciclop\u00e9dia de literatura &raquo; Abrelivros\" \/>\n<meta property=\"og:description\" content=\"O Ita\u00fa Cultural relan\u00e7a hoje sua p\u00e1gina na internet com uma novidade: uma enciclop\u00e9dia de literatura brasileira, com 130 verbetes, irm\u00e3 ca\u00e7ula das duas enciclop\u00e9dias j\u00e1 existentes, dedicadas \u00e0s artes virtuais (que tem 3.000 verbetes) e ao teatro (que possui 700). O endere\u00e7o permanece o mesmo: www.itaulcultural.org.br.\u00a0 \u00a0 A enciclop\u00e9dia das letras nacionais conta com [&hellip;]\" \/>\n<meta property=\"og:url\" content=\"https:\/\/abrelivros.org.br\/site\/itau-lanca-enciclopedia-de-literatura\/\" \/>\n<meta property=\"og:site_name\" content=\"Abrelivros\" \/>\n<meta property=\"article:published_time\" content=\"2007-06-05T20:56:00+00:00\" \/>\n<meta name=\"twitter:card\" content=\"summary_large_image\" \/>\n<script type=\"application\/ld+json\" class=\"yoast-schema-graph\">{\"@context\":\"https:\/\/schema.org\",\"@graph\":[{\"@type\":\"WebSite\",\"@id\":\"https:\/\/abrelivros.org.br\/site\/#website\",\"url\":\"https:\/\/abrelivros.org.br\/site\/\",\"name\":\"Abrelivros\",\"description\":\"\",\"potentialAction\":[{\"@type\":\"SearchAction\",\"target\":\"https:\/\/abrelivros.org.br\/site\/?s={search_term_string}\",\"query-input\":\"required name=search_term_string\"}],\"inLanguage\":\"pt-BR\"},{\"@type\":\"WebPage\",\"@id\":\"https:\/\/abrelivros.org.br\/site\/itau-lanca-enciclopedia-de-literatura\/#webpage\",\"url\":\"https:\/\/abrelivros.org.br\/site\/itau-lanca-enciclopedia-de-literatura\/\",\"name\":\"Ita\\u00fa lan\\u00e7a enciclop\\u00e9dia de literatura &raquo; Abrelivros\",\"isPartOf\":{\"@id\":\"https:\/\/abrelivros.org.br\/site\/#website\"},\"datePublished\":\"2007-06-05T20:56:00+00:00\",\"dateModified\":\"2007-06-05T20:56:00+00:00\",\"author\":{\"@id\":\"https:\/\/abrelivros.org.br\/site\/#\/schema\/person\/2b867f13a717bb230f1a3555505f5593\"},\"breadcrumb\":{\"@id\":\"https:\/\/abrelivros.org.br\/site\/itau-lanca-enciclopedia-de-literatura\/#breadcrumb\"},\"inLanguage\":\"pt-BR\",\"potentialAction\":[{\"@type\":\"ReadAction\",\"target\":[\"https:\/\/abrelivros.org.br\/site\/itau-lanca-enciclopedia-de-literatura\/\"]}]},{\"@type\":\"BreadcrumbList\",\"@id\":\"https:\/\/abrelivros.org.br\/site\/itau-lanca-enciclopedia-de-literatura\/#breadcrumb\",\"itemListElement\":[{\"@type\":\"ListItem\",\"position\":1,\"item\":{\"@type\":\"WebPage\",\"@id\":\"https:\/\/abrelivros.org.br\/site\/\",\"url\":\"https:\/\/abrelivros.org.br\/site\/\",\"name\":\"In\\u00edcio\"}},{\"@type\":\"ListItem\",\"position\":2,\"item\":{\"@type\":\"WebPage\",\"@id\":\"https:\/\/abrelivros.org.br\/site\/category\/noticias\/\",\"url\":\"https:\/\/abrelivros.org.br\/site\/category\/noticias\/\",\"name\":\"Not\\u00edcias\"}},{\"@type\":\"ListItem\",\"position\":3,\"item\":{\"@type\":\"WebPage\",\"@id\":\"https:\/\/abrelivros.org.br\/site\/category\/noticias\/noticias-da-imprensa\/\",\"url\":\"https:\/\/abrelivros.org.br\/site\/category\/noticias\/noticias-da-imprensa\/\",\"name\":\"Not\\u00edcias da imprensa\"}},{\"@type\":\"ListItem\",\"position\":4,\"item\":{\"@type\":\"WebPage\",\"@id\":\"https:\/\/abrelivros.org.br\/site\/itau-lanca-enciclopedia-de-literatura\/\",\"url\":\"https:\/\/abrelivros.org.br\/site\/itau-lanca-enciclopedia-de-literatura\/\",\"name\":\"Ita\\u00fa lan\\u00e7a enciclop\\u00e9dia de literatura\"}}]},{\"@type\":\"Person\",\"@id\":\"https:\/\/abrelivros.org.br\/site\/#\/schema\/person\/2b867f13a717bb230f1a3555505f5593\",\"name\":\"\\u00a0\",\"image\":{\"@type\":\"ImageObject\",\"@id\":\"https:\/\/abrelivros.org.br\/site\/#personlogo\",\"inLanguage\":\"pt-BR\",\"url\":\"https:\/\/secure.gravatar.com\/avatar\/e80b7f5231be2fff5040a8023da424898002831c5439420df182ae62676d2a6f?s=96&d=mm&r=g\",\"caption\":\"\\u00a0\"}}]}<\/script>\n<!-- \/ Yoast SEO plugin. -->","_links":{"self":[{"href":"https:\/\/abrelivros.org.br\/site\/wp-json\/wp\/v2\/posts\/1747","targetHints":{"allow":["GET"]}}],"collection":[{"href":"https:\/\/abrelivros.org.br\/site\/wp-json\/wp\/v2\/posts"}],"about":[{"href":"https:\/\/abrelivros.org.br\/site\/wp-json\/wp\/v2\/types\/post"}],"author":[{"embeddable":true,"href":"https:\/\/abrelivros.org.br\/site\/wp-json\/wp\/v2\/users\/1"}],"replies":[{"embeddable":true,"href":"https:\/\/abrelivros.org.br\/site\/wp-json\/wp\/v2\/comments?post=1747"}],"version-history":[{"count":0,"href":"https:\/\/abrelivros.org.br\/site\/wp-json\/wp\/v2\/posts\/1747\/revisions"}],"wp:attachment":[{"href":"https:\/\/abrelivros.org.br\/site\/wp-json\/wp\/v2\/media?parent=1747"}],"wp:term":[{"taxonomy":"category","embeddable":true,"href":"https:\/\/abrelivros.org.br\/site\/wp-json\/wp\/v2\/categories?post=1747"},{"taxonomy":"post_tag","embeddable":true,"href":"https:\/\/abrelivros.org.br\/site\/wp-json\/wp\/v2\/tags?post=1747"}],"curies":[{"name":"wp","href":"https:\/\/api.w.org\/{rel}","templated":true}]}}