{"id":1745,"date":"2007-06-06T16:01:00","date_gmt":"2007-06-06T19:01:00","guid":{"rendered":"https:\/\/abrelivros.org.br\/site\/2007\/06\/06\/ministro-empossa-mais-dois-integrantes-de-sua-equipe\/"},"modified":"2007-06-06T16:01:00","modified_gmt":"2007-06-06T19:01:00","slug":"ministro-empossa-mais-dois-integrantes-de-sua-equipe","status":"publish","type":"post","link":"https:\/\/abrelivros.org.br\/site\/ministro-empossa-mais-dois-integrantes-de-sua-equipe\/","title":{"rendered":"Ministro empossa mais dois integrantes de sua equipe"},"content":{"rendered":"<p>O ministro da Educa\u00e7\u00e3o, Fernando Haddad, empossou nesta ter\u00e7a-feira, 5, mais dois integrantes de sua equipe. Maria do Pilar Lacerda Almeida e Silva, ex-secret\u00e1ria de educa\u00e7\u00e3o de Belo Horizonte (MG), assume o cargo de secret\u00e1ria de Educa\u00e7\u00e3o B\u00e1sica, e Francisco Chagas Fernandes, ex-secret\u00e1rio de Educa\u00e7\u00e3o B\u00e1sica, tomou posse como secret\u00e1rio executivo adjunto do MEC.\u00a0<br \/> \u00a0<br \/> Na cerim\u00f4nia de posse, Chagas falou das tarefas que recebeu ao assumir a Secretaria de Educa\u00e7\u00e3o B\u00e1sica (SEB), em 2004, em uma esp\u00e9cie de despedida: financiamento para a educa\u00e7\u00e3o b\u00e1sica, processo de valoriza\u00e7\u00e3o do professor e ensino fundamental com nove anos, entre outras. \u201cEssas a\u00e7\u00f5es foram fundamentais para o novo ciclo educacional no pa\u00eds\u201d, disse. Chagas agradeceu a confian\u00e7a do ministro e o envolvimento da sua equipe durante o per\u00edodo em que esteve \u00e0 frente da SEB.\u00a0<br \/> \u00a0<br \/> A nova titular da secretaria, Maria do Pilar, disse, em discurso emocionado, que est\u00e1 muito feliz. \u201c\u00c9 um cen\u00e1rio muito favor\u00e1vel com o Plano de Desenvolvimento da Educa\u00e7\u00e3o (PDE)\u201d, afirmou. Segundo Pilar, \u201co desafio \u00e9 grande: melhorar radicalmente a escola brasileira em um pa\u00eds que n\u00e3o pensou na minoria\u201d. Para isso, o envolvimento do Conselho Nacional de Secret\u00e1rios de Educa\u00e7\u00e3o (Consed), da Uni\u00e3o Nacional dos Dirigentes Municipais de Educa\u00e7\u00e3o (Undime) e das organiza\u00e7\u00f5es n\u00e3o-governamentais, entre outras institui\u00e7\u00f5es, \u00e9 fundamental. \u201cO objetivo \u00e9 mobilizar este pa\u00eds para a constru\u00e7\u00e3o de uma escola p\u00fablica e democr\u00e1tica\u201d, disse. Ao se dirigir ao ex-secret\u00e1rio da SEB, Francisco Chagas, Maria do Pilar ressaltou que eles v\u00e3o trabalhar em parceria.\u00a0<br \/> \u00a0<br \/><B> Qualidade <\/B>\u2014 Haddad destacou a qualidade dos integrantes de sua nova equipe. \u201cS\u00e3o duas pessoas com envergadura intelectual que v\u00e3o compor a equipe do Minist\u00e9rio da Educa\u00e7\u00e3o. J\u00e1 temos um plano, o PDE, e essas pessoas v\u00e3o execut\u00e1-lo da melhor maneira poss\u00edvel\u201d, afirmou. O ministro falou, ainda, da import\u00e2ncia da participa\u00e7\u00e3o de outros segmentos da sociedade, que n\u00e3o t\u00eam como foco a educa\u00e7\u00e3o, para transformar o pa\u00eds. \u201cApesar dos avan\u00e7os dos \u00faltimos anos serem significativos, como o Fundeb, n\u00f3s sabemos que ainda \u00e9 pouco. H\u00e1 muito o que se fazer. \u00c9 preciso que a cultura da educa\u00e7\u00e3o envolva toda a sociedade.\u201d\u00a0<br \/> \u00a0<br \/> O secret\u00e1rio executivo, Jos\u00e9 Henrique Paim Fernandes; o secret\u00e1rio de Educa\u00e7\u00e3o Continuada, Alfabetiza\u00e7\u00e3o e Diversidade, Andr\u00e9 L\u00e1zaro; o secret\u00e1rio de Educa\u00e7\u00e3o Superior, Ronaldo Mota; secret\u00e1rios estaduais de educa\u00e7\u00e3o, deputados federais, representantes da Undime, do Consed e de ONGs estiveram presentes na cerim\u00f4nia de posse. \u00a0<\/p>\n<p><\/p>\n","protected":false},"excerpt":{"rendered":"<p>O ministro da Educa\u00e7\u00e3o, Fernando Haddad, empossou nesta ter\u00e7a-feira, 5, mais dois integrantes de sua equipe. Maria do Pilar Lacerda Almeida e Silva, ex-secret\u00e1ria de educa\u00e7\u00e3o de Belo Horizonte (MG), assume o cargo de secret\u00e1ria de Educa\u00e7\u00e3o B\u00e1sica, e Francisco Chagas Fernandes, ex-secret\u00e1rio de Educa\u00e7\u00e3o B\u00e1sica, tomou posse como secret\u00e1rio executivo adjunto do MEC.\u00a0 \u00a0 [&hellip;]<\/p>\n","protected":false},"author":1,"featured_media":0,"comment_status":"closed","ping_status":"closed","sticky":false,"template":"","format":"standard","meta":{"footnotes":"","_links_to":"","_links_to_target":""},"categories":[9],"tags":[],"class_list":["post-1745","post","type-post","status-publish","format-standard","hentry","category-noticias-da-imprensa"],"yoast_head":"<!-- This site is optimized with the Yoast SEO plugin v15.1 - https:\/\/yoast.com\/wordpress\/plugins\/seo\/ -->\n<title>Ministro empossa mais dois integrantes de sua equipe &raquo; Abrelivros<\/title>\n<meta name=\"robots\" content=\"index, follow, max-snippet:-1, max-image-preview:large, max-video-preview:-1\" \/>\n<link rel=\"canonical\" href=\"https:\/\/abrelivros.org.br\/site\/ministro-empossa-mais-dois-integrantes-de-sua-equipe\/\" \/>\n<meta property=\"og:locale\" content=\"pt_BR\" \/>\n<meta property=\"og:type\" content=\"article\" \/>\n<meta property=\"og:title\" content=\"Ministro empossa mais dois integrantes de sua equipe &raquo; Abrelivros\" \/>\n<meta property=\"og:description\" content=\"O ministro da Educa\u00e7\u00e3o, Fernando Haddad, empossou nesta ter\u00e7a-feira, 5, mais dois integrantes de sua equipe. Maria do Pilar Lacerda Almeida e Silva, ex-secret\u00e1ria de educa\u00e7\u00e3o de Belo Horizonte (MG), assume o cargo de secret\u00e1ria de Educa\u00e7\u00e3o B\u00e1sica, e Francisco Chagas Fernandes, ex-secret\u00e1rio de Educa\u00e7\u00e3o B\u00e1sica, tomou posse como secret\u00e1rio executivo adjunto do MEC.\u00a0 \u00a0 [&hellip;]\" \/>\n<meta property=\"og:url\" content=\"https:\/\/abrelivros.org.br\/site\/ministro-empossa-mais-dois-integrantes-de-sua-equipe\/\" \/>\n<meta property=\"og:site_name\" content=\"Abrelivros\" \/>\n<meta property=\"article:published_time\" content=\"2007-06-06T19:01:00+00:00\" \/>\n<meta name=\"twitter:card\" content=\"summary_large_image\" \/>\n<script type=\"application\/ld+json\" class=\"yoast-schema-graph\">{\"@context\":\"https:\/\/schema.org\",\"@graph\":[{\"@type\":\"WebSite\",\"@id\":\"https:\/\/abrelivros.org.br\/site\/#website\",\"url\":\"https:\/\/abrelivros.org.br\/site\/\",\"name\":\"Abrelivros\",\"description\":\"\",\"potentialAction\":[{\"@type\":\"SearchAction\",\"target\":\"https:\/\/abrelivros.org.br\/site\/?s={search_term_string}\",\"query-input\":\"required name=search_term_string\"}],\"inLanguage\":\"pt-BR\"},{\"@type\":\"WebPage\",\"@id\":\"https:\/\/abrelivros.org.br\/site\/ministro-empossa-mais-dois-integrantes-de-sua-equipe\/#webpage\",\"url\":\"https:\/\/abrelivros.org.br\/site\/ministro-empossa-mais-dois-integrantes-de-sua-equipe\/\",\"name\":\"Ministro empossa mais dois integrantes de sua equipe &raquo; Abrelivros\",\"isPartOf\":{\"@id\":\"https:\/\/abrelivros.org.br\/site\/#website\"},\"datePublished\":\"2007-06-06T19:01:00+00:00\",\"dateModified\":\"2007-06-06T19:01:00+00:00\",\"author\":{\"@id\":\"https:\/\/abrelivros.org.br\/site\/#\/schema\/person\/2b867f13a717bb230f1a3555505f5593\"},\"breadcrumb\":{\"@id\":\"https:\/\/abrelivros.org.br\/site\/ministro-empossa-mais-dois-integrantes-de-sua-equipe\/#breadcrumb\"},\"inLanguage\":\"pt-BR\",\"potentialAction\":[{\"@type\":\"ReadAction\",\"target\":[\"https:\/\/abrelivros.org.br\/site\/ministro-empossa-mais-dois-integrantes-de-sua-equipe\/\"]}]},{\"@type\":\"BreadcrumbList\",\"@id\":\"https:\/\/abrelivros.org.br\/site\/ministro-empossa-mais-dois-integrantes-de-sua-equipe\/#breadcrumb\",\"itemListElement\":[{\"@type\":\"ListItem\",\"position\":1,\"item\":{\"@type\":\"WebPage\",\"@id\":\"https:\/\/abrelivros.org.br\/site\/\",\"url\":\"https:\/\/abrelivros.org.br\/site\/\",\"name\":\"In\\u00edcio\"}},{\"@type\":\"ListItem\",\"position\":2,\"item\":{\"@type\":\"WebPage\",\"@id\":\"https:\/\/abrelivros.org.br\/site\/category\/noticias\/\",\"url\":\"https:\/\/abrelivros.org.br\/site\/category\/noticias\/\",\"name\":\"Not\\u00edcias\"}},{\"@type\":\"ListItem\",\"position\":3,\"item\":{\"@type\":\"WebPage\",\"@id\":\"https:\/\/abrelivros.org.br\/site\/category\/noticias\/noticias-da-imprensa\/\",\"url\":\"https:\/\/abrelivros.org.br\/site\/category\/noticias\/noticias-da-imprensa\/\",\"name\":\"Not\\u00edcias da imprensa\"}},{\"@type\":\"ListItem\",\"position\":4,\"item\":{\"@type\":\"WebPage\",\"@id\":\"https:\/\/abrelivros.org.br\/site\/ministro-empossa-mais-dois-integrantes-de-sua-equipe\/\",\"url\":\"https:\/\/abrelivros.org.br\/site\/ministro-empossa-mais-dois-integrantes-de-sua-equipe\/\",\"name\":\"Ministro empossa mais dois integrantes de sua equipe\"}}]},{\"@type\":\"Person\",\"@id\":\"https:\/\/abrelivros.org.br\/site\/#\/schema\/person\/2b867f13a717bb230f1a3555505f5593\",\"name\":\"\\u00a0\",\"image\":{\"@type\":\"ImageObject\",\"@id\":\"https:\/\/abrelivros.org.br\/site\/#personlogo\",\"inLanguage\":\"pt-BR\",\"url\":\"https:\/\/secure.gravatar.com\/avatar\/e80b7f5231be2fff5040a8023da424898002831c5439420df182ae62676d2a6f?s=96&d=mm&r=g\",\"caption\":\"\\u00a0\"}}]}<\/script>\n<!-- \/ Yoast SEO plugin. -->","_links":{"self":[{"href":"https:\/\/abrelivros.org.br\/site\/wp-json\/wp\/v2\/posts\/1745","targetHints":{"allow":["GET"]}}],"collection":[{"href":"https:\/\/abrelivros.org.br\/site\/wp-json\/wp\/v2\/posts"}],"about":[{"href":"https:\/\/abrelivros.org.br\/site\/wp-json\/wp\/v2\/types\/post"}],"author":[{"embeddable":true,"href":"https:\/\/abrelivros.org.br\/site\/wp-json\/wp\/v2\/users\/1"}],"replies":[{"embeddable":true,"href":"https:\/\/abrelivros.org.br\/site\/wp-json\/wp\/v2\/comments?post=1745"}],"version-history":[{"count":0,"href":"https:\/\/abrelivros.org.br\/site\/wp-json\/wp\/v2\/posts\/1745\/revisions"}],"wp:attachment":[{"href":"https:\/\/abrelivros.org.br\/site\/wp-json\/wp\/v2\/media?parent=1745"}],"wp:term":[{"taxonomy":"category","embeddable":true,"href":"https:\/\/abrelivros.org.br\/site\/wp-json\/wp\/v2\/categories?post=1745"},{"taxonomy":"post_tag","embeddable":true,"href":"https:\/\/abrelivros.org.br\/site\/wp-json\/wp\/v2\/tags?post=1745"}],"curies":[{"name":"wp","href":"https:\/\/api.w.org\/{rel}","templated":true}]}}