{"id":1743,"date":"2007-06-11T12:27:00","date_gmt":"2007-06-11T15:27:00","guid":{"rendered":"https:\/\/abrelivros.org.br\/site\/2007\/06\/11\/11o-encontro-tecnico-nacional-dos-programas-do-livro-em-manaus-define-novidades-para-os-proximos-anos-no-setor-educacional\/"},"modified":"2007-06-11T12:27:00","modified_gmt":"2007-06-11T15:27:00","slug":"11o-encontro-tecnico-nacional-dos-programas-do-livro-em-manaus-define-novidades-para-os-proximos-anos-no-setor-educacional","status":"publish","type":"post","link":"https:\/\/abrelivros.org.br\/site\/11o-encontro-tecnico-nacional-dos-programas-do-livro-em-manaus-define-novidades-para-os-proximos-anos-no-setor-educacional\/","title":{"rendered":"11\u00ba Encontro T\u00e9cnico Nacional dos Programas do Livro em Manaus define novidades para os pr\u00f3ximos anos no setor educacional"},"content":{"rendered":"<p>A partir de 2011, livros did\u00e1ticos de l\u00edngua estrangeira far\u00e3o parte do PNLD. A decis\u00e3o foi anunciada no 11\u00ba Encontro T\u00e9cnico Nacional dos Programas do Livro, promovido pelo Fundo Nacional de desenvolvimento da educa\u00e7\u00e3o &#8211; FNDE. Outro an\u00fancio importante \u00e9 que a partir do ano que vem ser\u00e3o ampliados os investimentos para livros em braile. Tamb\u00e9m o Programa Nacional Biblioteca da Escola ser\u00e1 oferecido para praticamente todos os locais de ensino no pa\u00eds, praticamente sem restri\u00e7\u00f5es quanto ao n\u00famero de alunos. &nbsp;<br \/> &nbsp;<br \/> O encontro, que ocorreu de 30 de maio a 1\u00ba de junho, contou, pela primeira vez, com entidades representantes dos autores e editores de livros entre os debatedores.  Al\u00e9m da Abrelivros, estiveram presentes representantes da Associa\u00e7\u00e3o Brasileira dos Autores de Livros Educativos (Abrale), C\u00e2mara Brasileira de Livros (CBL) e Liga Brasileira de Editoras (Libre). &nbsp;<br \/> &nbsp;<br \/> Al\u00e9m de propor inova\u00e7\u00f5es e melhorias, o evento teve como objetivo avaliar a execu\u00e7\u00e3o do Programa Nacional do Livro Did\u00e1tico para o Ensino Fundamental e M\u00e9dio e do Programa Nacional Biblioteca da Escola. O encontro contou tamb\u00e9m com a participa\u00e7\u00e3o da Secretaria de Educa\u00e7\u00e3o B\u00e1sica, Secretaria de Educa\u00e7\u00e3o especial, Instituto Nacional de Estudos e Pesquisas Educacionais, Funda\u00e7\u00e3o Dorina Nowill, Uni\u00e3o nacional dos Dirigentes Municipais de educa\u00e7\u00e3o, Empresas Brasileiras de Correios e tel\u00e9grafos, entre outros convidados. &nbsp;<br \/> &nbsp;<br \/> Abrelivros &#8211;  A entidade participou da palestra \u201cAutores e Editores nos Programas do Livro\u201d. Junto com a Abrale, CBL e Libre, foram discutidos aspectos relativos ao setor. Em sua palestra, Jo\u00e3o Arinos, presidente da Abrelivros, defendeu que o Brasil tem um dos melhores programas de compra e distribui\u00e7\u00e3o de livros did\u00e1ticos, refor\u00e7ando a import\u00e2ncia da livre escolha do professor.  \u201cO Brasil pode se considerar o Pa\u00eds com o melhor programa de distribui\u00e7\u00e3o de livros do mundo e o sucesso disso se deve, em muito, a boa parceria desenvolvida nos \u00faltimos anos pelo MEC, FNDE e editoras, o que d\u00e1 ao professor grande amplitude de escolha\u201d, afirma.&nbsp;<br \/> &nbsp;<br \/> Arinos demonstrou ainda aos participantes como funciona o ciclo de vida do livro did\u00e1tico para o Governo e a complexidade da elabora\u00e7\u00e3o de projetos como o PNLD. N\u00fameros relativos a produ\u00e7\u00e3o de conte\u00fado editorial e produ\u00e7\u00e3o industrial tamb\u00e9m foram apresentados, destacando que somente o PNLD responde por 39% de toda a produ\u00e7\u00e3o gr\u00e1fica de livros no pa\u00eds. &nbsp;<br \/> &nbsp;<br \/> O encontro \u2013 A necessidade da participa\u00e7\u00e3o de todos os setores da sociedade para a melhoria da educa\u00e7\u00e3o brasileira foi \u00e0 t\u00f4nica do encontro.  Daniel Balaban, presidente do Fundo Nacional de Desenvolvimento da Educa\u00e7\u00e3o (FNDE), abriu o encontro afirmando que \u201ca educa\u00e7\u00e3o tem de ser um compromisso de todos e s\u00f3 quando cada brasileiro assum\u00ed-la como sua responsabilidade \u00e9 que conseguiremos alcan\u00e7ar os n\u00edveis de qualidade dos pa\u00edses desenvolvidos\u201d. &nbsp;<br \/> &nbsp;<br \/> Durante os tr\u00eas dias do encontro, alguns aspectos relativos \u00e0 log\u00edstica dos programas foram colocados em debates pelos 250 participantes. Durante as mesas foram discutidas quest\u00f5es como a regionaliza\u00e7\u00e3o do conte\u00fado dos livros, defendida como est\u00edmulo para professores e alunos. A falta de livros em algumas escolas, fato que for\u00e7ou o Governo a efetuar uma compra extra junto \u00e0s editoras, tamb\u00e9m foi apontado como uma a\u00e7\u00e3o que deve ser melhorada. Os participantes apontaram que essa falha se deve por conta de o MEC utilizar como base de c\u00e1lculo um censo de dois anos atr\u00e1s. &nbsp;<br \/> &nbsp;<\/p>\n","protected":false},"excerpt":{"rendered":"<p>A partir de 2011, livros did\u00e1ticos de l\u00edngua estrangeira far\u00e3o parte do PNLD. A decis\u00e3o foi anunciada no 11\u00ba Encontro T\u00e9cnico Nacional dos Programas do Livro, promovido pelo Fundo Nacional de desenvolvimento da educa\u00e7\u00e3o &#8211; FNDE. Outro an\u00fancio importante \u00e9 que a partir do ano que vem ser\u00e3o ampliados os investimentos para livros em braile. [&hellip;]<\/p>\n","protected":false},"author":1,"featured_media":0,"comment_status":"closed","ping_status":"closed","sticky":false,"template":"","format":"standard","meta":{"footnotes":"","_links_to":"","_links_to_target":""},"categories":[9],"tags":[],"class_list":["post-1743","post","type-post","status-publish","format-standard","hentry","category-noticias-da-imprensa"],"yoast_head":"<!-- This site is optimized with the Yoast SEO plugin v15.1 - https:\/\/yoast.com\/wordpress\/plugins\/seo\/ -->\n<title>11\u00ba Encontro T\u00e9cnico Nacional dos Programas do Livro em Manaus define novidades para os pr\u00f3ximos anos no setor educacional &raquo; Abrelivros<\/title>\n<meta name=\"robots\" content=\"index, follow, max-snippet:-1, max-image-preview:large, max-video-preview:-1\" \/>\n<link rel=\"canonical\" href=\"https:\/\/abrelivros.org.br\/site\/11o-encontro-tecnico-nacional-dos-programas-do-livro-em-manaus-define-novidades-para-os-proximos-anos-no-setor-educacional\/\" \/>\n<meta property=\"og:locale\" content=\"pt_BR\" \/>\n<meta property=\"og:type\" content=\"article\" \/>\n<meta property=\"og:title\" content=\"11\u00ba Encontro T\u00e9cnico Nacional dos Programas do Livro em Manaus define novidades para os pr\u00f3ximos anos no setor educacional &raquo; Abrelivros\" \/>\n<meta property=\"og:description\" content=\"A partir de 2011, livros did\u00e1ticos de l\u00edngua estrangeira far\u00e3o parte do PNLD. A decis\u00e3o foi anunciada no 11\u00ba Encontro T\u00e9cnico Nacional dos Programas do Livro, promovido pelo Fundo Nacional de desenvolvimento da educa\u00e7\u00e3o &#8211; FNDE. Outro an\u00fancio importante \u00e9 que a partir do ano que vem ser\u00e3o ampliados os investimentos para livros em braile. [&hellip;]\" \/>\n<meta property=\"og:url\" content=\"https:\/\/abrelivros.org.br\/site\/11o-encontro-tecnico-nacional-dos-programas-do-livro-em-manaus-define-novidades-para-os-proximos-anos-no-setor-educacional\/\" \/>\n<meta property=\"og:site_name\" content=\"Abrelivros\" \/>\n<meta property=\"article:published_time\" content=\"2007-06-11T15:27:00+00:00\" \/>\n<meta name=\"twitter:card\" content=\"summary_large_image\" \/>\n<script type=\"application\/ld+json\" class=\"yoast-schema-graph\">{\"@context\":\"https:\/\/schema.org\",\"@graph\":[{\"@type\":\"WebSite\",\"@id\":\"https:\/\/abrelivros.org.br\/site\/#website\",\"url\":\"https:\/\/abrelivros.org.br\/site\/\",\"name\":\"Abrelivros\",\"description\":\"\",\"potentialAction\":[{\"@type\":\"SearchAction\",\"target\":\"https:\/\/abrelivros.org.br\/site\/?s={search_term_string}\",\"query-input\":\"required name=search_term_string\"}],\"inLanguage\":\"pt-BR\"},{\"@type\":\"WebPage\",\"@id\":\"https:\/\/abrelivros.org.br\/site\/11o-encontro-tecnico-nacional-dos-programas-do-livro-em-manaus-define-novidades-para-os-proximos-anos-no-setor-educacional\/#webpage\",\"url\":\"https:\/\/abrelivros.org.br\/site\/11o-encontro-tecnico-nacional-dos-programas-do-livro-em-manaus-define-novidades-para-os-proximos-anos-no-setor-educacional\/\",\"name\":\"11\\u00ba Encontro T\\u00e9cnico Nacional dos Programas do Livro em Manaus define novidades para os pr\\u00f3ximos anos no setor educacional &raquo; Abrelivros\",\"isPartOf\":{\"@id\":\"https:\/\/abrelivros.org.br\/site\/#website\"},\"datePublished\":\"2007-06-11T15:27:00+00:00\",\"dateModified\":\"2007-06-11T15:27:00+00:00\",\"author\":{\"@id\":\"https:\/\/abrelivros.org.br\/site\/#\/schema\/person\/2b867f13a717bb230f1a3555505f5593\"},\"breadcrumb\":{\"@id\":\"https:\/\/abrelivros.org.br\/site\/11o-encontro-tecnico-nacional-dos-programas-do-livro-em-manaus-define-novidades-para-os-proximos-anos-no-setor-educacional\/#breadcrumb\"},\"inLanguage\":\"pt-BR\",\"potentialAction\":[{\"@type\":\"ReadAction\",\"target\":[\"https:\/\/abrelivros.org.br\/site\/11o-encontro-tecnico-nacional-dos-programas-do-livro-em-manaus-define-novidades-para-os-proximos-anos-no-setor-educacional\/\"]}]},{\"@type\":\"BreadcrumbList\",\"@id\":\"https:\/\/abrelivros.org.br\/site\/11o-encontro-tecnico-nacional-dos-programas-do-livro-em-manaus-define-novidades-para-os-proximos-anos-no-setor-educacional\/#breadcrumb\",\"itemListElement\":[{\"@type\":\"ListItem\",\"position\":1,\"item\":{\"@type\":\"WebPage\",\"@id\":\"https:\/\/abrelivros.org.br\/site\/\",\"url\":\"https:\/\/abrelivros.org.br\/site\/\",\"name\":\"In\\u00edcio\"}},{\"@type\":\"ListItem\",\"position\":2,\"item\":{\"@type\":\"WebPage\",\"@id\":\"https:\/\/abrelivros.org.br\/site\/category\/noticias\/\",\"url\":\"https:\/\/abrelivros.org.br\/site\/category\/noticias\/\",\"name\":\"Not\\u00edcias\"}},{\"@type\":\"ListItem\",\"position\":3,\"item\":{\"@type\":\"WebPage\",\"@id\":\"https:\/\/abrelivros.org.br\/site\/category\/noticias\/noticias-da-imprensa\/\",\"url\":\"https:\/\/abrelivros.org.br\/site\/category\/noticias\/noticias-da-imprensa\/\",\"name\":\"Not\\u00edcias da imprensa\"}},{\"@type\":\"ListItem\",\"position\":4,\"item\":{\"@type\":\"WebPage\",\"@id\":\"https:\/\/abrelivros.org.br\/site\/11o-encontro-tecnico-nacional-dos-programas-do-livro-em-manaus-define-novidades-para-os-proximos-anos-no-setor-educacional\/\",\"url\":\"https:\/\/abrelivros.org.br\/site\/11o-encontro-tecnico-nacional-dos-programas-do-livro-em-manaus-define-novidades-para-os-proximos-anos-no-setor-educacional\/\",\"name\":\"11\\u00ba Encontro T\\u00e9cnico Nacional dos Programas do Livro em Manaus define novidades para os pr\\u00f3ximos anos no setor educacional\"}}]},{\"@type\":\"Person\",\"@id\":\"https:\/\/abrelivros.org.br\/site\/#\/schema\/person\/2b867f13a717bb230f1a3555505f5593\",\"name\":\"\\u00a0\",\"image\":{\"@type\":\"ImageObject\",\"@id\":\"https:\/\/abrelivros.org.br\/site\/#personlogo\",\"inLanguage\":\"pt-BR\",\"url\":\"https:\/\/secure.gravatar.com\/avatar\/e80b7f5231be2fff5040a8023da424898002831c5439420df182ae62676d2a6f?s=96&d=mm&r=g\",\"caption\":\"\\u00a0\"}}]}<\/script>\n<!-- \/ Yoast SEO plugin. -->","_links":{"self":[{"href":"https:\/\/abrelivros.org.br\/site\/wp-json\/wp\/v2\/posts\/1743","targetHints":{"allow":["GET"]}}],"collection":[{"href":"https:\/\/abrelivros.org.br\/site\/wp-json\/wp\/v2\/posts"}],"about":[{"href":"https:\/\/abrelivros.org.br\/site\/wp-json\/wp\/v2\/types\/post"}],"author":[{"embeddable":true,"href":"https:\/\/abrelivros.org.br\/site\/wp-json\/wp\/v2\/users\/1"}],"replies":[{"embeddable":true,"href":"https:\/\/abrelivros.org.br\/site\/wp-json\/wp\/v2\/comments?post=1743"}],"version-history":[{"count":0,"href":"https:\/\/abrelivros.org.br\/site\/wp-json\/wp\/v2\/posts\/1743\/revisions"}],"wp:attachment":[{"href":"https:\/\/abrelivros.org.br\/site\/wp-json\/wp\/v2\/media?parent=1743"}],"wp:term":[{"taxonomy":"category","embeddable":true,"href":"https:\/\/abrelivros.org.br\/site\/wp-json\/wp\/v2\/categories?post=1743"},{"taxonomy":"post_tag","embeddable":true,"href":"https:\/\/abrelivros.org.br\/site\/wp-json\/wp\/v2\/tags?post=1743"}],"curies":[{"name":"wp","href":"https:\/\/api.w.org\/{rel}","templated":true}]}}