{"id":17410,"date":"2022-07-20T11:32:34","date_gmt":"2022-07-20T14:32:34","guid":{"rendered":"https:\/\/abrelivros.org.br\/site\/?p=17410"},"modified":"2022-07-25T11:36:08","modified_gmt":"2022-07-25T14:36:08","slug":"inscricoes-para-concurso-de-poesias-sobre-os-200-anos-da-independencia-do-brasil-comecam-em-agosto","status":"publish","type":"post","link":"https:\/\/abrelivros.org.br\/site\/inscricoes-para-concurso-de-poesias-sobre-os-200-anos-da-independencia-do-brasil-comecam-em-agosto\/","title":{"rendered":"Inscri\u00e7\u00f5es para concurso de poesias sobre os 200 anos da Independ\u00eancia do Brasil come\u00e7am em agosto"},"content":{"rendered":"<p>Os estudantes interessados em participar do concurso de poesias \u201cBrasil 200 anos de independ\u00eancia: Lendo nossa hist\u00f3ria, escrevendo nosso futuro\u201d, lan\u00e7ado pelo Fundo Nacional de Desenvolvimento da Educa\u00e7\u00e3o (FNDE), devem ficar atentos ao cronograma do certame. As inscri\u00e7\u00f5es est\u00e3o marcadas para o per\u00edodo entre 1\u00ba de agosto e 2 de setembro de 2022. Ou seja, os alunos devem estar com os poemas prontos nessa \u00e9poca para garantir a participa\u00e7\u00e3o no concurso.<!--more--><\/p>\n<p>Podem se inscrever estudantes dos anos finais do ensino fundamental (6\u00ba ao 9\u00ba ano) matriculados em escolas das redes p\u00fablicas de todo o pa\u00eds. As inscri\u00e7\u00f5es devem ser feitas pelos gestores escolares, no sistema <a href=\"http:\/\/pddeinterativo.mec.gov.br\/\">PDDE Interativo<\/a>. Cada unidade de ensino pode inscrever apenas um estudante. Caso haja mais interessados, a escola deve realizar um concurso interno pr\u00e9vio para escolher o participante.<\/p>\n<p>Os melhores textos po\u00e9ticos de cada regi\u00e3o, inspirados na tem\u00e1tica dos 200 anos da Independ\u00eancia do Brasil, v\u00e3o integrar a quarta capa de livros did\u00e1ticos que comp\u00f5em o Programa Nacional do Livro e do Material Did\u00e1tico (PNLD 2024). Veja todas as regras no <a href=\"https:\/\/www.gov.br\/fnde\/pt-br\/acesso-a-informacao\/acoes-e-programas\/programas\/programas-do-livro\/consultas-editais\/editais\/edital-de-convocacao-02-2022-cgpli-concurso-brasil-200-anos-de-independencia-lendo-nossa-historia-escrevendo-nosso-futuro\">edital<\/a> do certame.<\/p>\n","protected":false},"excerpt":{"rendered":"<p>Os estudantes interessados em participar do concurso de poesias \u201cBrasil 200 anos de independ\u00eancia: Lendo nossa hist\u00f3ria, escrevendo nosso futuro\u201d, lan\u00e7ado pelo Fundo Nacional de Desenvolvimento da Educa\u00e7\u00e3o (FNDE), devem ficar atentos ao cronograma do certame. As inscri\u00e7\u00f5es est\u00e3o marcadas para o per\u00edodo entre 1\u00ba de agosto e 2 de setembro de 2022. Ou seja, [&hellip;]<\/p>\n","protected":false},"author":4,"featured_media":0,"comment_status":"closed","ping_status":"closed","sticky":false,"template":"","format":"standard","meta":{"footnotes":"","_links_to":"","_links_to_target":""},"categories":[13,10,15],"tags":[],"class_list":["post-17410","post","type-post","status-publish","format-standard","hentry","category-noticias-eventos","category-pnld-programa-nacional-do-livro-e-do-material-didatico","category-programas-pnld-sp"],"yoast_head":"<!-- This site is optimized with the Yoast SEO plugin v15.1 - https:\/\/yoast.com\/wordpress\/plugins\/seo\/ -->\n<title>Inscri\u00e7\u00f5es para concurso de poesias sobre os 200 anos da Independ\u00eancia do Brasil come\u00e7am em agosto &raquo; Abrelivros<\/title>\n<meta name=\"robots\" content=\"index, follow, max-snippet:-1, max-image-preview:large, max-video-preview:-1\" \/>\n<link rel=\"canonical\" href=\"https:\/\/abrelivros.org.br\/site\/inscricoes-para-concurso-de-poesias-sobre-os-200-anos-da-independencia-do-brasil-comecam-em-agosto\/\" \/>\n<meta property=\"og:locale\" content=\"pt_BR\" \/>\n<meta property=\"og:type\" content=\"article\" \/>\n<meta property=\"og:title\" content=\"Inscri\u00e7\u00f5es para concurso de poesias sobre os 200 anos da Independ\u00eancia do Brasil come\u00e7am em agosto &raquo; Abrelivros\" \/>\n<meta property=\"og:description\" content=\"Os estudantes interessados em participar do concurso de poesias \u201cBrasil 200 anos de independ\u00eancia: Lendo nossa hist\u00f3ria, escrevendo nosso futuro\u201d, lan\u00e7ado pelo Fundo Nacional de Desenvolvimento da Educa\u00e7\u00e3o (FNDE), devem ficar atentos ao cronograma do certame. As inscri\u00e7\u00f5es est\u00e3o marcadas para o per\u00edodo entre 1\u00ba de agosto e 2 de setembro de 2022. Ou seja, [&hellip;]\" \/>\n<meta property=\"og:url\" content=\"https:\/\/abrelivros.org.br\/site\/inscricoes-para-concurso-de-poesias-sobre-os-200-anos-da-independencia-do-brasil-comecam-em-agosto\/\" \/>\n<meta property=\"og:site_name\" content=\"Abrelivros\" \/>\n<meta property=\"article:published_time\" content=\"2022-07-20T14:32:34+00:00\" \/>\n<meta property=\"article:modified_time\" content=\"2022-07-25T14:36:08+00:00\" \/>\n<meta name=\"twitter:card\" content=\"summary_large_image\" \/>\n<script type=\"application\/ld+json\" class=\"yoast-schema-graph\">{\"@context\":\"https:\/\/schema.org\",\"@graph\":[{\"@type\":\"WebSite\",\"@id\":\"https:\/\/abrelivros.org.br\/site\/#website\",\"url\":\"https:\/\/abrelivros.org.br\/site\/\",\"name\":\"Abrelivros\",\"description\":\"\",\"potentialAction\":[{\"@type\":\"SearchAction\",\"target\":\"https:\/\/abrelivros.org.br\/site\/?s={search_term_string}\",\"query-input\":\"required name=search_term_string\"}],\"inLanguage\":\"pt-BR\"},{\"@type\":\"WebPage\",\"@id\":\"https:\/\/abrelivros.org.br\/site\/inscricoes-para-concurso-de-poesias-sobre-os-200-anos-da-independencia-do-brasil-comecam-em-agosto\/#webpage\",\"url\":\"https:\/\/abrelivros.org.br\/site\/inscricoes-para-concurso-de-poesias-sobre-os-200-anos-da-independencia-do-brasil-comecam-em-agosto\/\",\"name\":\"Inscri\\u00e7\\u00f5es para concurso de poesias sobre os 200 anos da Independ\\u00eancia do Brasil come\\u00e7am em agosto &raquo; Abrelivros\",\"isPartOf\":{\"@id\":\"https:\/\/abrelivros.org.br\/site\/#website\"},\"datePublished\":\"2022-07-20T14:32:34+00:00\",\"dateModified\":\"2022-07-25T14:36:08+00:00\",\"author\":{\"@id\":\"https:\/\/abrelivros.org.br\/site\/#\/schema\/person\/65db80e26409802ce15ac5feec6a15fd\"},\"breadcrumb\":{\"@id\":\"https:\/\/abrelivros.org.br\/site\/inscricoes-para-concurso-de-poesias-sobre-os-200-anos-da-independencia-do-brasil-comecam-em-agosto\/#breadcrumb\"},\"inLanguage\":\"pt-BR\",\"potentialAction\":[{\"@type\":\"ReadAction\",\"target\":[\"https:\/\/abrelivros.org.br\/site\/inscricoes-para-concurso-de-poesias-sobre-os-200-anos-da-independencia-do-brasil-comecam-em-agosto\/\"]}]},{\"@type\":\"BreadcrumbList\",\"@id\":\"https:\/\/abrelivros.org.br\/site\/inscricoes-para-concurso-de-poesias-sobre-os-200-anos-da-independencia-do-brasil-comecam-em-agosto\/#breadcrumb\",\"itemListElement\":[{\"@type\":\"ListItem\",\"position\":1,\"item\":{\"@type\":\"WebPage\",\"@id\":\"https:\/\/abrelivros.org.br\/site\/\",\"url\":\"https:\/\/abrelivros.org.br\/site\/\",\"name\":\"In\\u00edcio\"}},{\"@type\":\"ListItem\",\"position\":2,\"item\":{\"@type\":\"WebPage\",\"@id\":\"https:\/\/abrelivros.org.br\/site\/category\/pnld\/\",\"url\":\"https:\/\/abrelivros.org.br\/site\/category\/pnld\/\",\"name\":\"PNLD\"}},{\"@type\":\"ListItem\",\"position\":3,\"item\":{\"@type\":\"WebPage\",\"@id\":\"https:\/\/abrelivros.org.br\/site\/category\/pnld\/pnld-programa-nacional-do-livro-e-do-material-didatico\/\",\"url\":\"https:\/\/abrelivros.org.br\/site\/category\/pnld\/pnld-programa-nacional-do-livro-e-do-material-didatico\/\",\"name\":\"PNLD \\u2013 Programa Nacional do Livro e do Material Did\\u00e1tico\"}},{\"@type\":\"ListItem\",\"position\":4,\"item\":{\"@type\":\"WebPage\",\"@id\":\"https:\/\/abrelivros.org.br\/site\/inscricoes-para-concurso-de-poesias-sobre-os-200-anos-da-independencia-do-brasil-comecam-em-agosto\/\",\"url\":\"https:\/\/abrelivros.org.br\/site\/inscricoes-para-concurso-de-poesias-sobre-os-200-anos-da-independencia-do-brasil-comecam-em-agosto\/\",\"name\":\"Inscri\\u00e7\\u00f5es para concurso de poesias sobre os 200 anos da Independ\\u00eancia do Brasil come\\u00e7am em agosto\"}}]},{\"@type\":\"Person\",\"@id\":\"https:\/\/abrelivros.org.br\/site\/#\/schema\/person\/65db80e26409802ce15ac5feec6a15fd\",\"name\":\"Reda\\u00e7\\u00e3o Abrelivros\",\"image\":{\"@type\":\"ImageObject\",\"@id\":\"https:\/\/abrelivros.org.br\/site\/#personlogo\",\"inLanguage\":\"pt-BR\",\"url\":\"https:\/\/secure.gravatar.com\/avatar\/c4e57f9c7e3482965bd428192061218520756c39080b1d1820b679fa5e9af192?s=96&d=mm&r=g\",\"caption\":\"Reda\\u00e7\\u00e3o Abrelivros\"}}]}<\/script>\n<!-- \/ Yoast SEO plugin. -->","_links":{"self":[{"href":"https:\/\/abrelivros.org.br\/site\/wp-json\/wp\/v2\/posts\/17410","targetHints":{"allow":["GET"]}}],"collection":[{"href":"https:\/\/abrelivros.org.br\/site\/wp-json\/wp\/v2\/posts"}],"about":[{"href":"https:\/\/abrelivros.org.br\/site\/wp-json\/wp\/v2\/types\/post"}],"author":[{"embeddable":true,"href":"https:\/\/abrelivros.org.br\/site\/wp-json\/wp\/v2\/users\/4"}],"replies":[{"embeddable":true,"href":"https:\/\/abrelivros.org.br\/site\/wp-json\/wp\/v2\/comments?post=17410"}],"version-history":[{"count":3,"href":"https:\/\/abrelivros.org.br\/site\/wp-json\/wp\/v2\/posts\/17410\/revisions"}],"predecessor-version":[{"id":17413,"href":"https:\/\/abrelivros.org.br\/site\/wp-json\/wp\/v2\/posts\/17410\/revisions\/17413"}],"wp:attachment":[{"href":"https:\/\/abrelivros.org.br\/site\/wp-json\/wp\/v2\/media?parent=17410"}],"wp:term":[{"taxonomy":"category","embeddable":true,"href":"https:\/\/abrelivros.org.br\/site\/wp-json\/wp\/v2\/categories?post=17410"},{"taxonomy":"post_tag","embeddable":true,"href":"https:\/\/abrelivros.org.br\/site\/wp-json\/wp\/v2\/tags?post=17410"}],"curies":[{"name":"wp","href":"https:\/\/api.w.org\/{rel}","templated":true}]}}