{"id":1741,"date":"2007-06-12T10:26:00","date_gmt":"2007-06-12T13:26:00","guid":{"rendered":"https:\/\/abrelivros.org.br\/site\/2007\/06\/12\/boletim-pnll-6\/"},"modified":"2007-06-12T10:26:00","modified_gmt":"2007-06-12T13:26:00","slug":"boletim-pnll-6","status":"publish","type":"post","link":"https:\/\/abrelivros.org.br\/site\/boletim-pnll-6\/","title":{"rendered":"Boletim PNLL"},"content":{"rendered":"<p><B>Encontro debate propostas para o PNLL\u00a0<br \/><\/B> \u00a0<br \/> O Conselho Diretivo e o Comit\u00ea Executivo do PNLL esteve reunido no Rio de Janeiro no final de maio, na Casa da Leitura\/Proler, para debater propostas de a\u00e7\u00e3o para o PNLL a serem realizadas em 2007. Entre os temas discutidos, a busca de um consenso metodol\u00f3gico na forma\u00e7\u00e3o de mediadores de leitura, o plano de implanta\u00e7\u00e3o da rede de bibliotecas de acesso p\u00fablico e o desenvolvimento de a\u00e7\u00f5es sist\u00eamicas para a divulga\u00e7\u00e3o de autores nacionais e da l\u00edngua portuguesa. Tamb\u00e9m foram analisadas propostas para a divulga\u00e7\u00e3o do PNLL, principalmente na Am\u00e9rica Latina.\u00a0<br \/>  \u00a0<br \/><B> Escritores fazem propostas para democratizar a leitura\u00a0<br \/><\/B> \u00a0<br \/> Em encontro entre escritores e o secret\u00e1rio-executivo do PNLL, Jos\u00e9 Castilho Marques Neto, no Ita\u00fa Cultural, foram apresentadas e discutidas propostas para a democratiza\u00e7\u00e3o do acesso aos livros e \u00e0 literatura: Caravanas de Autores, Jornadas Liter\u00e1rias e a cria\u00e7\u00e3o de um Fundo Nacional pela Literatura, o Livro, a Leitura e as Bibliotecas. O documento com as propostas dos autores, j\u00e1 entregue ao Ministro Gilberto Gil em novembro de 2004,  foi entregue a Castilho na ocasi\u00e3o. Nele, prop\u00f5em-se tamb\u00e9m a realiza\u00e7\u00e3o de um senso liter\u00e1rio para mapear a produ\u00e7\u00e3o e a forma\u00e7\u00e3o de um acervo livre de direitos autorais, para democratizar o acesso ao conhecimento. Os escritores contam com um representante no Conselho Diretivo do PNLL e t\u00eam assento na C\u00e2mara Setorial do Livro, Literatura e Leitura fazendo parte ativa deste processo.\u00a0<br \/>  \u00a0<br \/><B> Sal\u00e3o Nacional de Poesia \u2013 Campoesia\u00a0<br \/><\/B> \u00a0<br \/> Em Campo Largo, no Paran\u00e1, um painel de discuss\u00e3o sobre a arte po\u00e9tica brasileira aproxima artistas e p\u00fablico. O Sal\u00e3o Nacional de Poesia, que integra o Eixo 3 (Valoriza\u00e7\u00e3o da Leitura e Comunica\u00e7\u00e3o) do PNLL, acontece em setembro e oferece, al\u00e9m de palestras e oficinas liter\u00e1rias, atividades culturais como performances, recitais, varal de poesias, poesia circular, narra\u00e7\u00e3o de hist\u00f3rias, teatro, filmes, m\u00fasicas, dan\u00e7as, lan\u00e7amentos de livros e exposi\u00e7\u00f5es. O Campoesia, como o sal\u00e3o \u00e9 conhecido, tem aumentado o interesse pela leitura e a freq\u00fc\u00eancia de usu\u00e1rios da Biblioteca P\u00fablica Municipal de Campo Largo. Para mais informa\u00e7\u00f5es, <a href=\"http:\/\/campolargo.pr.gov.br\/campoesia\/\" target=\"_blank\" rel=\"noopener noreferrer\">clique aqui<\/a>.\u00a0<br \/>  \u00a0<br \/><B> Samuel Pinheiro Guimar\u00e3es vence o Juca Pato\u00a0<br \/> \u00a0<br \/><\/B> Samuel Pinheiro Guimar\u00e3es, secret\u00e1rio-geral do Itamaraty, \u00e9 o vencedor do Trof\u00e9u Juca Pato de Intelectual do Ano de 2006. outorgado pela UBE (Uni\u00e3o Brasileira de Escritores). Candidato \u00fanico, o embaixador receber\u00e1 o trof\u00e9u pelo seu livro Desafios brasileiros na era dos gigantes. Segundo o jornal Folha de S. Paulo (acesso restrito), a inscri\u00e7\u00e3o de Pinheiro Guimar\u00e3es \u201cfoi assinada por mais de 30 membros da UBE, entre eles Lygia Fagundes Telles, Anna Maria Martins, Milton Godoy Campos e Aud\u00e1lio Dantas\u201d.\u00a0<br \/>  \u00a0<br \/><B> Ainda h\u00e1 vagas para a 12\u00aa Jornada Nacional de Literatura\u00a0<br \/><\/B> \u00a0<br \/> Em apenas 28 minutos, no \u00faltimo dia 4 de junho, as 4,5 mil vagas para a 12\u00aa Jornada Nacional de Literatura de Passo Fundo, no Rio Grande do Sul, foram preenchidas. Mas como muitos ainda n\u00e3o confirmaram a sua inscri\u00e7\u00e3o por meio do pagamento banc\u00e1rio, ainda \u00e9 poss\u00edvel participar da Jornada propriamente dita, dos debates, das confer\u00eancias, dos shows musicais, dos espet\u00e1culos teatrais e das exposi\u00e7\u00f5es. Mais informa\u00e7\u00f5es no site w<a href=\"http:\/\/www.jornadadeliteratura.upf.br\/\" target=\"_blank\" rel=\"noopener noreferrer\">www.jornadadeliteratura.upf.br<\/a>.\u00a0<br \/>  \u00a0<br \/><B> Biblioteca virtual paulista\u00a0<br \/> \u00a0<br \/><\/B> Acesso a dados sobre educa\u00e7\u00e3o, sa\u00fade, emprego e t\u00f3picos sobre os direitos das crian\u00e7as, dos portadores de necessidades especiais e da terceira idade. Este \u00e9 apenas um dos aspectos da Biblioteca Virtual do Governo do Estado de S\u00e3o Paulo, que integra o Eixo 1 (Democratiza\u00e7\u00e3o do acesso) do PNLL. O site do projeto tamb\u00e9m permite acesso \u00e0s bases de legisla\u00e7\u00e3o estadual, federal e de munic\u00edpios paulistas; resolu\u00e7\u00f5es de Secretarias e \u00f3rg\u00e3os p\u00fablicos estaduais; informa\u00e7\u00f5es sobre o sistema de compras e outros servi\u00e7os p\u00fablicos; textos sobre os aspectos hist\u00f3ricos, geogr\u00e1ficos e tur\u00edsticos de S\u00e3o Paulo; e orienta\u00e7\u00e3o de pesquisa escolar. Para conhecer a Biblioteca Virtual, <a href=\"http:\/\/www.bibliotecavirtual.sp.gov.br\/\" target=\"_blank\" rel=\"noopener noreferrer\">clique aqui<\/a>.\u00a0<br \/>  \u00a0<br \/><B> Pr\u00eamio VivaLeitura 2007 em Belo Horizonte\u00a0<br \/> \u00a0<br \/><\/B> Durante a reuni\u00e3o de apresenta\u00e7\u00e3o do 8\u00ba Sal\u00e3o do Livro e Encontro de Literatura de Belo Horizonte, o secret\u00e1rio-executivo do PNLL, Jos\u00e9 Castilho Marques Neto, falou sobre o Plano Nacional do Livro e Leitura e o Pr\u00eamio VivaLeitura. O eventou contou tamb\u00e9m com a presen\u00e7a de Maria Antonieta Cunha, secret\u00e1ria Municipal de Cultura, e de representantes da OEI e da Funda\u00e7\u00e3o Santillana. As inscri\u00e7\u00f5es para o Pr\u00eamio VivaLeitura 2007 podem ser feitas pela Internet ou via postal (carta registrada, com aviso de recebimento, endere\u00e7ada a: Pr\u00eamio Vivaleitura, Caixa Postal 710377, CEP 03410-970, S\u00e3o Paulo \u2013 SP). O prazo encerra no dia 9 de julho. Os trabalhos podem ser inscritos em tr\u00eas categorias: bibliotecas (p\u00fablicas, privadas e comunit\u00e1rias); escolas (p\u00fablicas e privadas); e sociedade (empresas, ONGs, pessoas f\u00edsicas, universidades e institui\u00e7\u00f5es sociais). Em cada categoria, os vencedores receber\u00e3o R$ 25 mil.\u00a0<br \/>  \u00a0<br \/><B> Programa\u00e7\u00e3o on-line do Sal\u00e3o de BH\u00a0<br \/> \u00a0<br \/><\/B> O 8\u00ba Sal\u00e3o do Livro e Encontro de Literatura de Belo Horizonte ocorrer\u00e1 de 14 a 24 de junho na Serraria Souza Pinto. O tema este ano \u00e9 a literatura italiana, com uma s\u00e9rie de mesas-redondas debatendo obras e autores deste pa\u00eds, tantos os cl\u00e1ssicos quanto os expoentes contempor\u00e2neos. Para conferir a programa\u00e7\u00e3o completa, acesse o site <a href=\"www.salaodolivro.com.br\" target=\"_blank\" rel=\"noopener noreferrer\">www.salaodolivro.com.br<\/a>.\u00a0<br \/>  \u00a0<br \/><B> Preparativos para a unifica\u00e7\u00e3o ortogr\u00e1fica\u00a0<br \/> \u00a0<br \/><\/B> O Minist\u00e9rio da Educa\u00e7\u00e3o aguarda a defini\u00e7\u00e3o da Comunidade de Pa\u00edses de L\u00edngua Portuguesa (CPLP) sobre a vig\u00eancia do Acordo Ortogr\u00e1fico da L\u00edngua Portuguesa para iniciar a modifica\u00e7\u00e3o dos livros did\u00e1ticos distribu\u00eddos nas redes p\u00fablicas de educa\u00e7\u00e3o b\u00e1sica. O objetivo do acordo \u00e9 unificar a ortografia da l\u00edngua portuguesa que, atualmente, \u00e9 o \u00fanico idioma do Ocidente que tem duas grafias oficiais: a do Brasil e a de Portugal.\u00a0<br \/>  \u00a0<br \/><B> I Simp\u00f3sio de Estudos Ling\u00fc\u00edsticos e Liter\u00e1rios\u00a0<br \/> \u00a0<br \/><\/B> Tem in\u00edcio nesta quarta, 13 de junho, o I Simp\u00f3sio de Estudos Ling\u00fc\u00edsticos e Liter\u00e1rios, em Uberaba (MG), na Universidade Federal do Tri\u00e2ngulo Mineiro. O tema escolhido \u00e9 Leitura, escrita e forma\u00e7\u00e3o de professores. Entre as palestras, est\u00e1 a de Eliana Yunes, coordenadora geral da C\u00e1tedra UNESCO de Leitura \/ PUC-Rio, que ser\u00e1 proferida no \u00faltimo dia do evento (15 de junho), \u00e0s 13h30, e abordar\u00e1 o RELER: Rede de Estudos Avan\u00e7ados em Leitura. O Simp\u00f3sio integra o Calend\u00e1rio Anual de Atividades e Eventos.<br \/>  \u00a0<br \/><B> 1.556 comunica\u00e7\u00f5es inscritas no 16\u00ba COLE\u00a0<br \/> \u00a0<br \/><\/B> Os organizadores do 16\u00ba COLE est\u00e3o anunciando a inscri\u00e7\u00e3o de 1.556 comunica\u00e7\u00f5es. O evento acontece em Campinas, entre os dias 10 a 13 de julho e as inscri\u00e7\u00f5es continuam abertas, podendo ser efetuada pela Internet. Para congressistas vinculados ao PROLER, haver\u00e1 uma reuni\u00e3o durante as atividades do COLE.\u00a0<br \/>  \u00a0<br \/><B> Exposi\u00e7\u00e3o no Rio de Janeiro apresenta a escrita ind\u00edgena\u00a0<br \/> \u00a0<br \/><\/B> A exposi\u00e7\u00e3o Tempos de Escrita, aberta no \u00faltimo dia 6 de junho no Rio de Janeiro, traz 20 pain\u00e9is fotogr\u00e1ficos que revelam a nova rela\u00e7\u00e3o de 11 povos ind\u00edgenas com a escrita. Segundo mat\u00e9ria no Portal do Mec, \u201ctodas as institui\u00e7\u00f5es participantes do Programa de Forma\u00e7\u00e3o Superior e Licenciaturas Ind\u00edgenas (Prolind) foram convidadas pela Secretaria de Educa\u00e7\u00e3o Continuada, Alfabetiza\u00e7\u00e3o e Diversidade (Secad\/MEC) a enviar registros fotogr\u00e1ficos de suas experi\u00eancias para a mostra\u201d. A exposi\u00e7\u00e3o pode ser conferida no Museu do \u00cdndio, entidade ligada \u00e0 Funda\u00e7\u00e3o Nacional do \u00cdndio (Funai).\u00a0<br \/>  \u00a0<\/p>\n<p><\/p>\n","protected":false},"excerpt":{"rendered":"<p>Encontro debate propostas para o PNLL\u00a0 \u00a0 O Conselho Diretivo e o Comit\u00ea Executivo do PNLL esteve reunido no Rio de Janeiro no final de maio, na Casa da Leitura\/Proler, para debater propostas de a\u00e7\u00e3o para o PNLL a serem realizadas em 2007. Entre os temas discutidos, a busca de um consenso metodol\u00f3gico na forma\u00e7\u00e3o [&hellip;]<\/p>\n","protected":false},"author":1,"featured_media":0,"comment_status":"closed","ping_status":"closed","sticky":false,"template":"","format":"standard","meta":{"footnotes":"","_links_to":"","_links_to_target":""},"categories":[9],"tags":[],"class_list":["post-1741","post","type-post","status-publish","format-standard","hentry","category-noticias-da-imprensa"],"yoast_head":"<!-- This site is optimized with the Yoast SEO plugin v15.1 - https:\/\/yoast.com\/wordpress\/plugins\/seo\/ -->\n<title>Boletim PNLL &raquo; Abrelivros<\/title>\n<meta name=\"robots\" content=\"index, follow, max-snippet:-1, max-image-preview:large, max-video-preview:-1\" \/>\n<link rel=\"canonical\" href=\"https:\/\/abrelivros.org.br\/site\/boletim-pnll-6\/\" \/>\n<meta property=\"og:locale\" content=\"pt_BR\" \/>\n<meta property=\"og:type\" content=\"article\" \/>\n<meta property=\"og:title\" content=\"Boletim PNLL &raquo; Abrelivros\" \/>\n<meta property=\"og:description\" content=\"Encontro debate propostas para o PNLL\u00a0 \u00a0 O Conselho Diretivo e o Comit\u00ea Executivo do PNLL esteve reunido no Rio de Janeiro no final de maio, na Casa da Leitura\/Proler, para debater propostas de a\u00e7\u00e3o para o PNLL a serem realizadas em 2007. Entre os temas discutidos, a busca de um consenso metodol\u00f3gico na forma\u00e7\u00e3o [&hellip;]\" \/>\n<meta property=\"og:url\" content=\"https:\/\/abrelivros.org.br\/site\/boletim-pnll-6\/\" \/>\n<meta property=\"og:site_name\" content=\"Abrelivros\" \/>\n<meta property=\"article:published_time\" content=\"2007-06-12T13:26:00+00:00\" \/>\n<meta name=\"twitter:card\" content=\"summary_large_image\" \/>\n<script type=\"application\/ld+json\" class=\"yoast-schema-graph\">{\"@context\":\"https:\/\/schema.org\",\"@graph\":[{\"@type\":\"WebSite\",\"@id\":\"https:\/\/abrelivros.org.br\/site\/#website\",\"url\":\"https:\/\/abrelivros.org.br\/site\/\",\"name\":\"Abrelivros\",\"description\":\"\",\"potentialAction\":[{\"@type\":\"SearchAction\",\"target\":\"https:\/\/abrelivros.org.br\/site\/?s={search_term_string}\",\"query-input\":\"required name=search_term_string\"}],\"inLanguage\":\"pt-BR\"},{\"@type\":\"WebPage\",\"@id\":\"https:\/\/abrelivros.org.br\/site\/boletim-pnll-6\/#webpage\",\"url\":\"https:\/\/abrelivros.org.br\/site\/boletim-pnll-6\/\",\"name\":\"Boletim PNLL &raquo; Abrelivros\",\"isPartOf\":{\"@id\":\"https:\/\/abrelivros.org.br\/site\/#website\"},\"datePublished\":\"2007-06-12T13:26:00+00:00\",\"dateModified\":\"2007-06-12T13:26:00+00:00\",\"author\":{\"@id\":\"https:\/\/abrelivros.org.br\/site\/#\/schema\/person\/2b867f13a717bb230f1a3555505f5593\"},\"breadcrumb\":{\"@id\":\"https:\/\/abrelivros.org.br\/site\/boletim-pnll-6\/#breadcrumb\"},\"inLanguage\":\"pt-BR\",\"potentialAction\":[{\"@type\":\"ReadAction\",\"target\":[\"https:\/\/abrelivros.org.br\/site\/boletim-pnll-6\/\"]}]},{\"@type\":\"BreadcrumbList\",\"@id\":\"https:\/\/abrelivros.org.br\/site\/boletim-pnll-6\/#breadcrumb\",\"itemListElement\":[{\"@type\":\"ListItem\",\"position\":1,\"item\":{\"@type\":\"WebPage\",\"@id\":\"https:\/\/abrelivros.org.br\/site\/\",\"url\":\"https:\/\/abrelivros.org.br\/site\/\",\"name\":\"In\\u00edcio\"}},{\"@type\":\"ListItem\",\"position\":2,\"item\":{\"@type\":\"WebPage\",\"@id\":\"https:\/\/abrelivros.org.br\/site\/category\/noticias\/\",\"url\":\"https:\/\/abrelivros.org.br\/site\/category\/noticias\/\",\"name\":\"Not\\u00edcias\"}},{\"@type\":\"ListItem\",\"position\":3,\"item\":{\"@type\":\"WebPage\",\"@id\":\"https:\/\/abrelivros.org.br\/site\/category\/noticias\/noticias-da-imprensa\/\",\"url\":\"https:\/\/abrelivros.org.br\/site\/category\/noticias\/noticias-da-imprensa\/\",\"name\":\"Not\\u00edcias da imprensa\"}},{\"@type\":\"ListItem\",\"position\":4,\"item\":{\"@type\":\"WebPage\",\"@id\":\"https:\/\/abrelivros.org.br\/site\/boletim-pnll-6\/\",\"url\":\"https:\/\/abrelivros.org.br\/site\/boletim-pnll-6\/\",\"name\":\"Boletim PNLL\"}}]},{\"@type\":\"Person\",\"@id\":\"https:\/\/abrelivros.org.br\/site\/#\/schema\/person\/2b867f13a717bb230f1a3555505f5593\",\"name\":\"\\u00a0\",\"image\":{\"@type\":\"ImageObject\",\"@id\":\"https:\/\/abrelivros.org.br\/site\/#personlogo\",\"inLanguage\":\"pt-BR\",\"url\":\"https:\/\/secure.gravatar.com\/avatar\/e80b7f5231be2fff5040a8023da424898002831c5439420df182ae62676d2a6f?s=96&d=mm&r=g\",\"caption\":\"\\u00a0\"}}]}<\/script>\n<!-- \/ Yoast SEO plugin. -->","_links":{"self":[{"href":"https:\/\/abrelivros.org.br\/site\/wp-json\/wp\/v2\/posts\/1741","targetHints":{"allow":["GET"]}}],"collection":[{"href":"https:\/\/abrelivros.org.br\/site\/wp-json\/wp\/v2\/posts"}],"about":[{"href":"https:\/\/abrelivros.org.br\/site\/wp-json\/wp\/v2\/types\/post"}],"author":[{"embeddable":true,"href":"https:\/\/abrelivros.org.br\/site\/wp-json\/wp\/v2\/users\/1"}],"replies":[{"embeddable":true,"href":"https:\/\/abrelivros.org.br\/site\/wp-json\/wp\/v2\/comments?post=1741"}],"version-history":[{"count":0,"href":"https:\/\/abrelivros.org.br\/site\/wp-json\/wp\/v2\/posts\/1741\/revisions"}],"wp:attachment":[{"href":"https:\/\/abrelivros.org.br\/site\/wp-json\/wp\/v2\/media?parent=1741"}],"wp:term":[{"taxonomy":"category","embeddable":true,"href":"https:\/\/abrelivros.org.br\/site\/wp-json\/wp\/v2\/categories?post=1741"},{"taxonomy":"post_tag","embeddable":true,"href":"https:\/\/abrelivros.org.br\/site\/wp-json\/wp\/v2\/tags?post=1741"}],"curies":[{"name":"wp","href":"https:\/\/api.w.org\/{rel}","templated":true}]}}