{"id":17406,"date":"2022-07-20T11:18:39","date_gmt":"2022-07-20T14:18:39","guid":{"rendered":"https:\/\/abrelivros.org.br\/site\/?p=17406"},"modified":"2022-07-25T11:24:59","modified_gmt":"2022-07-25T14:24:59","slug":"fnde-disponibiliza-livros-acessiveis-do-pnld-2020-literario","status":"publish","type":"post","link":"https:\/\/abrelivros.org.br\/site\/fnde-disponibiliza-livros-acessiveis-do-pnld-2020-literario\/","title":{"rendered":"FNDE disponibiliza livros acess\u00edveis do PNLD 2020 Liter\u00e1rio"},"content":{"rendered":"<p>Escolas podem solicitar o acervo de livros acess\u00edveis em formato EPUB para os anos finais do ensino fundamental.<!--more--><\/p>\n<p>O Fundo Nacional de Desenvolvimento da Educa\u00e7\u00e3o (FNDE), por meio do Programa Nacional do Livro e do Material Did\u00e1tico (PNLD), disponibiliza livros acess\u00edveis em formato EPUB (Eletronic Publication, ou Publica\u00e7\u00e3o Eletr\u00f4nica) para estudantes cegos, com baixa vis\u00e3o, com surdocegueira e com dislexia. O material em EPUB permite a amplia\u00e7\u00e3o dos caracteres, a audi\u00e7\u00e3o do conte\u00fado do livro e o uso de contraste para leitura, podendo atender tamb\u00e9m estudantes com defici\u00eancias motoras.<\/p>\n<p>Est\u00e3o dispon\u00edveis para solicita\u00e7\u00e3o todo o acervo do PNLD 2020 Liter\u00e1rio em formato EPUB, destinado aos anos finais do ensino fundamental. As solicita\u00e7\u00f5es podem ser feitas no sistema PDDE Interativo\/SIMEC pelo gestor escolar.<\/p>\n<p>O passo a passo para solicitar os livros em EPUB no PDDE Interativo\/SIMEC <a href=\"https:\/\/www.gov.br\/fnde\/pt-br\/acesso-a-informacao\/acoes-e-programas\/programas\/programas-do-livro\/pnld\/manuais-pdde-simec\">consta no manual do PDDE<\/a>.<\/p>\n<p>Novas informa\u00e7\u00f5es sobre o PNLD est\u00e3o constantemente disponibilizadas no <a href=\"https:\/\/www.gov.br\/fnde\/pt-br\/acesso-a-informacao\/acoes-e-programas\/programas\/programas-do-livro\/pnld\/manuais-pdde-simec\">portal do FNDE<\/a>.<\/p>\n","protected":false},"excerpt":{"rendered":"<p>Escolas podem solicitar o acervo de livros acess\u00edveis em formato EPUB para os anos finais do ensino fundamental.<\/p>\n","protected":false},"author":4,"featured_media":0,"comment_status":"closed","ping_status":"closed","sticky":false,"template":"","format":"standard","meta":{"footnotes":"","_links_to":"","_links_to_target":""},"categories":[10,15],"tags":[],"class_list":["post-17406","post","type-post","status-publish","format-standard","hentry","category-pnld-programa-nacional-do-livro-e-do-material-didatico","category-programas-pnld-sp"],"yoast_head":"<!-- This site is optimized with the Yoast SEO plugin v15.1 - https:\/\/yoast.com\/wordpress\/plugins\/seo\/ -->\n<title>FNDE disponibiliza livros acess\u00edveis do PNLD 2020 Liter\u00e1rio &raquo; Abrelivros<\/title>\n<meta name=\"robots\" content=\"index, follow, max-snippet:-1, max-image-preview:large, max-video-preview:-1\" \/>\n<link rel=\"canonical\" href=\"https:\/\/abrelivros.org.br\/site\/fnde-disponibiliza-livros-acessiveis-do-pnld-2020-literario\/\" \/>\n<meta property=\"og:locale\" content=\"pt_BR\" \/>\n<meta property=\"og:type\" content=\"article\" \/>\n<meta property=\"og:title\" content=\"FNDE disponibiliza livros acess\u00edveis do PNLD 2020 Liter\u00e1rio &raquo; Abrelivros\" \/>\n<meta property=\"og:description\" content=\"Escolas podem solicitar o acervo de livros acess\u00edveis em formato EPUB para os anos finais do ensino fundamental.\" \/>\n<meta property=\"og:url\" content=\"https:\/\/abrelivros.org.br\/site\/fnde-disponibiliza-livros-acessiveis-do-pnld-2020-literario\/\" \/>\n<meta property=\"og:site_name\" content=\"Abrelivros\" \/>\n<meta property=\"article:published_time\" content=\"2022-07-20T14:18:39+00:00\" \/>\n<meta property=\"article:modified_time\" content=\"2022-07-25T14:24:59+00:00\" \/>\n<meta name=\"twitter:card\" content=\"summary_large_image\" \/>\n<script type=\"application\/ld+json\" class=\"yoast-schema-graph\">{\"@context\":\"https:\/\/schema.org\",\"@graph\":[{\"@type\":\"WebSite\",\"@id\":\"https:\/\/abrelivros.org.br\/site\/#website\",\"url\":\"https:\/\/abrelivros.org.br\/site\/\",\"name\":\"Abrelivros\",\"description\":\"\",\"potentialAction\":[{\"@type\":\"SearchAction\",\"target\":\"https:\/\/abrelivros.org.br\/site\/?s={search_term_string}\",\"query-input\":\"required name=search_term_string\"}],\"inLanguage\":\"pt-BR\"},{\"@type\":\"WebPage\",\"@id\":\"https:\/\/abrelivros.org.br\/site\/fnde-disponibiliza-livros-acessiveis-do-pnld-2020-literario\/#webpage\",\"url\":\"https:\/\/abrelivros.org.br\/site\/fnde-disponibiliza-livros-acessiveis-do-pnld-2020-literario\/\",\"name\":\"FNDE disponibiliza livros acess\\u00edveis do PNLD 2020 Liter\\u00e1rio &raquo; Abrelivros\",\"isPartOf\":{\"@id\":\"https:\/\/abrelivros.org.br\/site\/#website\"},\"datePublished\":\"2022-07-20T14:18:39+00:00\",\"dateModified\":\"2022-07-25T14:24:59+00:00\",\"author\":{\"@id\":\"https:\/\/abrelivros.org.br\/site\/#\/schema\/person\/65db80e26409802ce15ac5feec6a15fd\"},\"breadcrumb\":{\"@id\":\"https:\/\/abrelivros.org.br\/site\/fnde-disponibiliza-livros-acessiveis-do-pnld-2020-literario\/#breadcrumb\"},\"inLanguage\":\"pt-BR\",\"potentialAction\":[{\"@type\":\"ReadAction\",\"target\":[\"https:\/\/abrelivros.org.br\/site\/fnde-disponibiliza-livros-acessiveis-do-pnld-2020-literario\/\"]}]},{\"@type\":\"BreadcrumbList\",\"@id\":\"https:\/\/abrelivros.org.br\/site\/fnde-disponibiliza-livros-acessiveis-do-pnld-2020-literario\/#breadcrumb\",\"itemListElement\":[{\"@type\":\"ListItem\",\"position\":1,\"item\":{\"@type\":\"WebPage\",\"@id\":\"https:\/\/abrelivros.org.br\/site\/\",\"url\":\"https:\/\/abrelivros.org.br\/site\/\",\"name\":\"In\\u00edcio\"}},{\"@type\":\"ListItem\",\"position\":2,\"item\":{\"@type\":\"WebPage\",\"@id\":\"https:\/\/abrelivros.org.br\/site\/category\/pnld\/\",\"url\":\"https:\/\/abrelivros.org.br\/site\/category\/pnld\/\",\"name\":\"PNLD\"}},{\"@type\":\"ListItem\",\"position\":3,\"item\":{\"@type\":\"WebPage\",\"@id\":\"https:\/\/abrelivros.org.br\/site\/category\/pnld\/pnld-programa-nacional-do-livro-e-do-material-didatico\/\",\"url\":\"https:\/\/abrelivros.org.br\/site\/category\/pnld\/pnld-programa-nacional-do-livro-e-do-material-didatico\/\",\"name\":\"PNLD \\u2013 Programa Nacional do Livro e do Material Did\\u00e1tico\"}},{\"@type\":\"ListItem\",\"position\":4,\"item\":{\"@type\":\"WebPage\",\"@id\":\"https:\/\/abrelivros.org.br\/site\/fnde-disponibiliza-livros-acessiveis-do-pnld-2020-literario\/\",\"url\":\"https:\/\/abrelivros.org.br\/site\/fnde-disponibiliza-livros-acessiveis-do-pnld-2020-literario\/\",\"name\":\"FNDE disponibiliza livros acess\\u00edveis do PNLD 2020 Liter\\u00e1rio\"}}]},{\"@type\":\"Person\",\"@id\":\"https:\/\/abrelivros.org.br\/site\/#\/schema\/person\/65db80e26409802ce15ac5feec6a15fd\",\"name\":\"Reda\\u00e7\\u00e3o Abrelivros\",\"image\":{\"@type\":\"ImageObject\",\"@id\":\"https:\/\/abrelivros.org.br\/site\/#personlogo\",\"inLanguage\":\"pt-BR\",\"url\":\"https:\/\/secure.gravatar.com\/avatar\/c4e57f9c7e3482965bd428192061218520756c39080b1d1820b679fa5e9af192?s=96&d=mm&r=g\",\"caption\":\"Reda\\u00e7\\u00e3o Abrelivros\"}}]}<\/script>\n<!-- \/ Yoast SEO plugin. -->","_links":{"self":[{"href":"https:\/\/abrelivros.org.br\/site\/wp-json\/wp\/v2\/posts\/17406","targetHints":{"allow":["GET"]}}],"collection":[{"href":"https:\/\/abrelivros.org.br\/site\/wp-json\/wp\/v2\/posts"}],"about":[{"href":"https:\/\/abrelivros.org.br\/site\/wp-json\/wp\/v2\/types\/post"}],"author":[{"embeddable":true,"href":"https:\/\/abrelivros.org.br\/site\/wp-json\/wp\/v2\/users\/4"}],"replies":[{"embeddable":true,"href":"https:\/\/abrelivros.org.br\/site\/wp-json\/wp\/v2\/comments?post=17406"}],"version-history":[{"count":1,"href":"https:\/\/abrelivros.org.br\/site\/wp-json\/wp\/v2\/posts\/17406\/revisions"}],"predecessor-version":[{"id":17407,"href":"https:\/\/abrelivros.org.br\/site\/wp-json\/wp\/v2\/posts\/17406\/revisions\/17407"}],"wp:attachment":[{"href":"https:\/\/abrelivros.org.br\/site\/wp-json\/wp\/v2\/media?parent=17406"}],"wp:term":[{"taxonomy":"category","embeddable":true,"href":"https:\/\/abrelivros.org.br\/site\/wp-json\/wp\/v2\/categories?post=17406"},{"taxonomy":"post_tag","embeddable":true,"href":"https:\/\/abrelivros.org.br\/site\/wp-json\/wp\/v2\/tags?post=17406"}],"curies":[{"name":"wp","href":"https:\/\/api.w.org\/{rel}","templated":true}]}}