{"id":1740,"date":"2007-06-14T16:35:00","date_gmt":"2007-06-14T19:35:00","guid":{"rendered":"https:\/\/abrelivros.org.br\/site\/2007\/06\/14\/secretaria-pede-que-gestores-preencham-corretamente-o-censo-escolar\/"},"modified":"2007-06-14T16:35:00","modified_gmt":"2007-06-14T19:35:00","slug":"secretaria-pede-que-gestores-preencham-corretamente-o-censo-escolar","status":"publish","type":"post","link":"https:\/\/abrelivros.org.br\/site\/secretaria-pede-que-gestores-preencham-corretamente-o-censo-escolar\/","title":{"rendered":"Secret\u00e1ria pede que gestores preencham corretamente o Censo Escolar"},"content":{"rendered":"<p>A rec\u00e9m-empossada secret\u00e1ria de Educa\u00e7\u00e3o B\u00e1sica do MEC, Maria do Pilar Lacerda, afirmou nesta quarta-feira, 13, durante a cerim\u00f4nia de lan\u00e7amento do Plano de Desenvolvimento da Educa\u00e7\u00e3o, em S\u00e3o Lu\u00eds (MA), que n\u00e3o existem quest\u00f5es f\u00e1ceis na educa\u00e7\u00e3o, \u201ccaso contr\u00e1rio, j\u00e1 teriam sido resolvidas\u201d. Ela falou sobre algumas diretrizes do Compromisso Todos pela Educa\u00e7\u00e3o e explicou como se d\u00e1 a ades\u00e3o dos munic\u00edpios.<\/p>\n<p> Segundo Pilar, medidas como o \u00cdndice de Desenvolvimento da Educa\u00e7\u00e3o B\u00e1sica (Ideb), tornam acess\u00edvel a participa\u00e7\u00e3o da comunidade no processo educacional. Ela tamb\u00e9m fez um pedido aos gestores municipais para que preencham corretamente os dados do Censo Escolar, de modo que n\u00e3o haja distor\u00e7\u00e3o nas informa\u00e7\u00f5es sobre taxas de evas\u00e3o, aprova\u00e7\u00e3o e repet\u00eancia, indicadores que influenciam no Ideb. \u201cA ades\u00e3o ao compromisso tem que ser construtiva, para que todos apontem caminhos para melhorar a educa\u00e7\u00e3o no pa\u00eds\u201d, ressaltou. \u201cQueremos atingir metas at\u00e9 2022, mas n\u00e3o vamos esperar at\u00e9 l\u00e1\u201d, enfatizou a secret\u00e1ria. \u00a0<\/p>\n<p><\/p>\n","protected":false},"excerpt":{"rendered":"<p>A rec\u00e9m-empossada secret\u00e1ria de Educa\u00e7\u00e3o B\u00e1sica do MEC, Maria do Pilar Lacerda, afirmou nesta quarta-feira, 13, durante a cerim\u00f4nia de lan\u00e7amento do Plano de Desenvolvimento da Educa\u00e7\u00e3o, em S\u00e3o Lu\u00eds (MA), que n\u00e3o existem quest\u00f5es f\u00e1ceis na educa\u00e7\u00e3o, \u201ccaso contr\u00e1rio, j\u00e1 teriam sido resolvidas\u201d. Ela falou sobre algumas diretrizes do Compromisso Todos pela Educa\u00e7\u00e3o e [&hellip;]<\/p>\n","protected":false},"author":1,"featured_media":0,"comment_status":"closed","ping_status":"closed","sticky":false,"template":"","format":"standard","meta":{"footnotes":"","_links_to":"","_links_to_target":""},"categories":[9],"tags":[],"class_list":["post-1740","post","type-post","status-publish","format-standard","hentry","category-noticias-da-imprensa"],"yoast_head":"<!-- This site is optimized with the Yoast SEO plugin v15.1 - https:\/\/yoast.com\/wordpress\/plugins\/seo\/ -->\n<title>Secret\u00e1ria pede que gestores preencham corretamente o Censo Escolar &raquo; Abrelivros<\/title>\n<meta name=\"robots\" content=\"index, follow, max-snippet:-1, max-image-preview:large, max-video-preview:-1\" \/>\n<link rel=\"canonical\" href=\"https:\/\/abrelivros.org.br\/site\/secretaria-pede-que-gestores-preencham-corretamente-o-censo-escolar\/\" \/>\n<meta property=\"og:locale\" content=\"pt_BR\" \/>\n<meta property=\"og:type\" content=\"article\" \/>\n<meta property=\"og:title\" content=\"Secret\u00e1ria pede que gestores preencham corretamente o Censo Escolar &raquo; Abrelivros\" \/>\n<meta property=\"og:description\" content=\"A rec\u00e9m-empossada secret\u00e1ria de Educa\u00e7\u00e3o B\u00e1sica do MEC, Maria do Pilar Lacerda, afirmou nesta quarta-feira, 13, durante a cerim\u00f4nia de lan\u00e7amento do Plano de Desenvolvimento da Educa\u00e7\u00e3o, em S\u00e3o Lu\u00eds (MA), que n\u00e3o existem quest\u00f5es f\u00e1ceis na educa\u00e7\u00e3o, \u201ccaso contr\u00e1rio, j\u00e1 teriam sido resolvidas\u201d. Ela falou sobre algumas diretrizes do Compromisso Todos pela Educa\u00e7\u00e3o e [&hellip;]\" \/>\n<meta property=\"og:url\" content=\"https:\/\/abrelivros.org.br\/site\/secretaria-pede-que-gestores-preencham-corretamente-o-censo-escolar\/\" \/>\n<meta property=\"og:site_name\" content=\"Abrelivros\" \/>\n<meta property=\"article:published_time\" content=\"2007-06-14T19:35:00+00:00\" \/>\n<meta name=\"twitter:card\" content=\"summary_large_image\" \/>\n<script type=\"application\/ld+json\" class=\"yoast-schema-graph\">{\"@context\":\"https:\/\/schema.org\",\"@graph\":[{\"@type\":\"WebSite\",\"@id\":\"https:\/\/abrelivros.org.br\/site\/#website\",\"url\":\"https:\/\/abrelivros.org.br\/site\/\",\"name\":\"Abrelivros\",\"description\":\"\",\"potentialAction\":[{\"@type\":\"SearchAction\",\"target\":\"https:\/\/abrelivros.org.br\/site\/?s={search_term_string}\",\"query-input\":\"required name=search_term_string\"}],\"inLanguage\":\"pt-BR\"},{\"@type\":\"WebPage\",\"@id\":\"https:\/\/abrelivros.org.br\/site\/secretaria-pede-que-gestores-preencham-corretamente-o-censo-escolar\/#webpage\",\"url\":\"https:\/\/abrelivros.org.br\/site\/secretaria-pede-que-gestores-preencham-corretamente-o-censo-escolar\/\",\"name\":\"Secret\\u00e1ria pede que gestores preencham corretamente o Censo Escolar &raquo; Abrelivros\",\"isPartOf\":{\"@id\":\"https:\/\/abrelivros.org.br\/site\/#website\"},\"datePublished\":\"2007-06-14T19:35:00+00:00\",\"dateModified\":\"2007-06-14T19:35:00+00:00\",\"author\":{\"@id\":\"https:\/\/abrelivros.org.br\/site\/#\/schema\/person\/2b867f13a717bb230f1a3555505f5593\"},\"breadcrumb\":{\"@id\":\"https:\/\/abrelivros.org.br\/site\/secretaria-pede-que-gestores-preencham-corretamente-o-censo-escolar\/#breadcrumb\"},\"inLanguage\":\"pt-BR\",\"potentialAction\":[{\"@type\":\"ReadAction\",\"target\":[\"https:\/\/abrelivros.org.br\/site\/secretaria-pede-que-gestores-preencham-corretamente-o-censo-escolar\/\"]}]},{\"@type\":\"BreadcrumbList\",\"@id\":\"https:\/\/abrelivros.org.br\/site\/secretaria-pede-que-gestores-preencham-corretamente-o-censo-escolar\/#breadcrumb\",\"itemListElement\":[{\"@type\":\"ListItem\",\"position\":1,\"item\":{\"@type\":\"WebPage\",\"@id\":\"https:\/\/abrelivros.org.br\/site\/\",\"url\":\"https:\/\/abrelivros.org.br\/site\/\",\"name\":\"In\\u00edcio\"}},{\"@type\":\"ListItem\",\"position\":2,\"item\":{\"@type\":\"WebPage\",\"@id\":\"https:\/\/abrelivros.org.br\/site\/category\/noticias\/\",\"url\":\"https:\/\/abrelivros.org.br\/site\/category\/noticias\/\",\"name\":\"Not\\u00edcias\"}},{\"@type\":\"ListItem\",\"position\":3,\"item\":{\"@type\":\"WebPage\",\"@id\":\"https:\/\/abrelivros.org.br\/site\/category\/noticias\/noticias-da-imprensa\/\",\"url\":\"https:\/\/abrelivros.org.br\/site\/category\/noticias\/noticias-da-imprensa\/\",\"name\":\"Not\\u00edcias da imprensa\"}},{\"@type\":\"ListItem\",\"position\":4,\"item\":{\"@type\":\"WebPage\",\"@id\":\"https:\/\/abrelivros.org.br\/site\/secretaria-pede-que-gestores-preencham-corretamente-o-censo-escolar\/\",\"url\":\"https:\/\/abrelivros.org.br\/site\/secretaria-pede-que-gestores-preencham-corretamente-o-censo-escolar\/\",\"name\":\"Secret\\u00e1ria pede que gestores preencham corretamente o Censo Escolar\"}}]},{\"@type\":\"Person\",\"@id\":\"https:\/\/abrelivros.org.br\/site\/#\/schema\/person\/2b867f13a717bb230f1a3555505f5593\",\"name\":\"\\u00a0\",\"image\":{\"@type\":\"ImageObject\",\"@id\":\"https:\/\/abrelivros.org.br\/site\/#personlogo\",\"inLanguage\":\"pt-BR\",\"url\":\"https:\/\/secure.gravatar.com\/avatar\/e80b7f5231be2fff5040a8023da424898002831c5439420df182ae62676d2a6f?s=96&d=mm&r=g\",\"caption\":\"\\u00a0\"}}]}<\/script>\n<!-- \/ Yoast SEO plugin. -->","_links":{"self":[{"href":"https:\/\/abrelivros.org.br\/site\/wp-json\/wp\/v2\/posts\/1740","targetHints":{"allow":["GET"]}}],"collection":[{"href":"https:\/\/abrelivros.org.br\/site\/wp-json\/wp\/v2\/posts"}],"about":[{"href":"https:\/\/abrelivros.org.br\/site\/wp-json\/wp\/v2\/types\/post"}],"author":[{"embeddable":true,"href":"https:\/\/abrelivros.org.br\/site\/wp-json\/wp\/v2\/users\/1"}],"replies":[{"embeddable":true,"href":"https:\/\/abrelivros.org.br\/site\/wp-json\/wp\/v2\/comments?post=1740"}],"version-history":[{"count":0,"href":"https:\/\/abrelivros.org.br\/site\/wp-json\/wp\/v2\/posts\/1740\/revisions"}],"wp:attachment":[{"href":"https:\/\/abrelivros.org.br\/site\/wp-json\/wp\/v2\/media?parent=1740"}],"wp:term":[{"taxonomy":"category","embeddable":true,"href":"https:\/\/abrelivros.org.br\/site\/wp-json\/wp\/v2\/categories?post=1740"},{"taxonomy":"post_tag","embeddable":true,"href":"https:\/\/abrelivros.org.br\/site\/wp-json\/wp\/v2\/tags?post=1740"}],"curies":[{"name":"wp","href":"https:\/\/api.w.org\/{rel}","templated":true}]}}