{"id":17388,"date":"2022-07-04T10:40:21","date_gmt":"2022-07-04T13:40:21","guid":{"rendered":"https:\/\/abrelivros.org.br\/site\/?p=17388"},"modified":"2022-07-05T10:43:51","modified_gmt":"2022-07-05T13:43:51","slug":"fnde-participa-da-bienal-do-livro-de-sao-paulo","status":"publish","type":"post","link":"https:\/\/abrelivros.org.br\/site\/fnde-participa-da-bienal-do-livro-de-sao-paulo\/","title":{"rendered":"FNDE participa da Bienal do Livro de S\u00e3o Paulo"},"content":{"rendered":"<p>O Fundo Nacional de Desenvolvimento da Educa\u00e7\u00e3o (FNDE) participa da 26\u00aa Bienal Internacional do Livro de S\u00e3o Paulo. Durante o evento, que segue at\u00e9 10 de julho, no Expo Center Norte, na capital paulista, a autarquia apresenta as principais a\u00e7\u00f5es do Programa Nacional do Livro e do Material Did\u00e1tico (PNLD), que adquire e distribui milh\u00f5es de livros did\u00e1ticos e liter\u00e1rios, todos os anos, para escolas p\u00fablicas de todo o pa\u00eds.<!--more--><\/p>\n<p>Al\u00e9m de buscar uma aproxima\u00e7\u00e3o maior com o p\u00fablico presente na Bienal, sobretudo estudantes e professores, o estande do FNDE promove conta\u00e7\u00e3o de hist\u00f3rias e vai receber os vencedores dos concursos Sua Arte no Livro Did\u00e1tico e do Selo Comemorativo PNLD Era Digital.<\/p>\n<p>O FNDE participa do evento desde 1986, com o objetivo de divulgar as a\u00e7\u00f5es do PNLD. Durante os nove dias da Bienal, o p\u00fablico presente vai poder entender um pouco mais sobre a execu\u00e7\u00e3o do PNLD e conhecer livros e materiais disponibilizados pelo programa nas escolas de educa\u00e7\u00e3o b\u00e1sica.<\/p>\n<p>Nesse fim de semana, a equipe respons\u00e1vel pelo Programa Nacional do Livro e do Material Did\u00e1tico (PNLD) esteve na bienal e aproveitou para visitar o Ateli\u00ea da Escrita, produtor de livros em braille, e a Funda\u00e7\u00e3o Dorina Nowill, que h\u00e1 mais de 70 anos se dedica \u00e0 inclus\u00e3o social das pessoas cegas e com baixa vis\u00e3o.<\/p>\n<p><strong>Bienal \u2013<\/strong> Evento que re\u00fane editoras, livrarias, distribuidoras e autores do Brasil e de outros pa\u00edses, a cada dois anos, a Bienal deste ano ter\u00e1 uma programa\u00e7\u00e3o multicultural que inclui literatura, gastronomia, cultura e neg\u00f3cios. O evento \u00e9 palco para celebrar a transforma\u00e7\u00e3o que os livros fazem na vida das pessoas e, nesta edi\u00e7\u00e3o, tem Portugal como convidado de honra, em comemora\u00e7\u00e3o aos 200 anos da Independ\u00eancia do Brasil.<\/p>\n<p>S\u00e3o 1.500 horas de programa\u00e7\u00e3o cultural e nove espa\u00e7os oficiais com atividades relacionadas ao universo liter\u00e1rio. Em nove dias de evento, a Bienal espera receber 600 mil visitantes, sendo grande parte desse p\u00fablico formado por estudantes e professores.<\/p>\n","protected":false},"excerpt":{"rendered":"<p>O Fundo Nacional de Desenvolvimento da Educa\u00e7\u00e3o (FNDE) participa da 26\u00aa Bienal Internacional do Livro de S\u00e3o Paulo. Durante o evento, que segue at\u00e9 10 de julho, no Expo Center Norte, na capital paulista, a autarquia apresenta as principais a\u00e7\u00f5es do Programa Nacional do Livro e do Material Did\u00e1tico (PNLD), que adquire e distribui milh\u00f5es [&hellip;]<\/p>\n","protected":false},"author":4,"featured_media":0,"comment_status":"closed","ping_status":"closed","sticky":false,"template":"","format":"standard","meta":{"footnotes":"","_links_to":"","_links_to_target":""},"categories":[13,10],"tags":[],"class_list":["post-17388","post","type-post","status-publish","format-standard","hentry","category-noticias-eventos","category-pnld-programa-nacional-do-livro-e-do-material-didatico"],"yoast_head":"<!-- This site is optimized with the Yoast SEO plugin v15.1 - https:\/\/yoast.com\/wordpress\/plugins\/seo\/ -->\n<title>FNDE participa da Bienal do Livro de S\u00e3o Paulo &raquo; Abrelivros<\/title>\n<meta name=\"robots\" content=\"index, follow, max-snippet:-1, max-image-preview:large, max-video-preview:-1\" \/>\n<link rel=\"canonical\" href=\"https:\/\/abrelivros.org.br\/site\/fnde-participa-da-bienal-do-livro-de-sao-paulo\/\" \/>\n<meta property=\"og:locale\" content=\"pt_BR\" \/>\n<meta property=\"og:type\" content=\"article\" \/>\n<meta property=\"og:title\" content=\"FNDE participa da Bienal do Livro de S\u00e3o Paulo &raquo; Abrelivros\" \/>\n<meta property=\"og:description\" content=\"O Fundo Nacional de Desenvolvimento da Educa\u00e7\u00e3o (FNDE) participa da 26\u00aa Bienal Internacional do Livro de S\u00e3o Paulo. Durante o evento, que segue at\u00e9 10 de julho, no Expo Center Norte, na capital paulista, a autarquia apresenta as principais a\u00e7\u00f5es do Programa Nacional do Livro e do Material Did\u00e1tico (PNLD), que adquire e distribui milh\u00f5es [&hellip;]\" \/>\n<meta property=\"og:url\" content=\"https:\/\/abrelivros.org.br\/site\/fnde-participa-da-bienal-do-livro-de-sao-paulo\/\" \/>\n<meta property=\"og:site_name\" content=\"Abrelivros\" \/>\n<meta property=\"article:published_time\" content=\"2022-07-04T13:40:21+00:00\" \/>\n<meta property=\"article:modified_time\" content=\"2022-07-05T13:43:51+00:00\" \/>\n<meta name=\"twitter:card\" content=\"summary_large_image\" \/>\n<script type=\"application\/ld+json\" class=\"yoast-schema-graph\">{\"@context\":\"https:\/\/schema.org\",\"@graph\":[{\"@type\":\"WebSite\",\"@id\":\"https:\/\/abrelivros.org.br\/site\/#website\",\"url\":\"https:\/\/abrelivros.org.br\/site\/\",\"name\":\"Abrelivros\",\"description\":\"\",\"potentialAction\":[{\"@type\":\"SearchAction\",\"target\":\"https:\/\/abrelivros.org.br\/site\/?s={search_term_string}\",\"query-input\":\"required name=search_term_string\"}],\"inLanguage\":\"pt-BR\"},{\"@type\":\"WebPage\",\"@id\":\"https:\/\/abrelivros.org.br\/site\/fnde-participa-da-bienal-do-livro-de-sao-paulo\/#webpage\",\"url\":\"https:\/\/abrelivros.org.br\/site\/fnde-participa-da-bienal-do-livro-de-sao-paulo\/\",\"name\":\"FNDE participa da Bienal do Livro de S\\u00e3o Paulo &raquo; Abrelivros\",\"isPartOf\":{\"@id\":\"https:\/\/abrelivros.org.br\/site\/#website\"},\"datePublished\":\"2022-07-04T13:40:21+00:00\",\"dateModified\":\"2022-07-05T13:43:51+00:00\",\"author\":{\"@id\":\"https:\/\/abrelivros.org.br\/site\/#\/schema\/person\/65db80e26409802ce15ac5feec6a15fd\"},\"breadcrumb\":{\"@id\":\"https:\/\/abrelivros.org.br\/site\/fnde-participa-da-bienal-do-livro-de-sao-paulo\/#breadcrumb\"},\"inLanguage\":\"pt-BR\",\"potentialAction\":[{\"@type\":\"ReadAction\",\"target\":[\"https:\/\/abrelivros.org.br\/site\/fnde-participa-da-bienal-do-livro-de-sao-paulo\/\"]}]},{\"@type\":\"BreadcrumbList\",\"@id\":\"https:\/\/abrelivros.org.br\/site\/fnde-participa-da-bienal-do-livro-de-sao-paulo\/#breadcrumb\",\"itemListElement\":[{\"@type\":\"ListItem\",\"position\":1,\"item\":{\"@type\":\"WebPage\",\"@id\":\"https:\/\/abrelivros.org.br\/site\/\",\"url\":\"https:\/\/abrelivros.org.br\/site\/\",\"name\":\"In\\u00edcio\"}},{\"@type\":\"ListItem\",\"position\":2,\"item\":{\"@type\":\"WebPage\",\"@id\":\"https:\/\/abrelivros.org.br\/site\/category\/institucional\/\",\"url\":\"https:\/\/abrelivros.org.br\/site\/category\/institucional\/\",\"name\":\"Institucional\"}},{\"@type\":\"ListItem\",\"position\":3,\"item\":{\"@type\":\"WebPage\",\"@id\":\"https:\/\/abrelivros.org.br\/site\/category\/institucional\/noticias-eventos\/\",\"url\":\"https:\/\/abrelivros.org.br\/site\/category\/institucional\/noticias-eventos\/\",\"name\":\"Not\\u00edcias: Eventos\"}},{\"@type\":\"ListItem\",\"position\":4,\"item\":{\"@type\":\"WebPage\",\"@id\":\"https:\/\/abrelivros.org.br\/site\/fnde-participa-da-bienal-do-livro-de-sao-paulo\/\",\"url\":\"https:\/\/abrelivros.org.br\/site\/fnde-participa-da-bienal-do-livro-de-sao-paulo\/\",\"name\":\"FNDE participa da Bienal do Livro de S\\u00e3o Paulo\"}}]},{\"@type\":\"Person\",\"@id\":\"https:\/\/abrelivros.org.br\/site\/#\/schema\/person\/65db80e26409802ce15ac5feec6a15fd\",\"name\":\"Reda\\u00e7\\u00e3o Abrelivros\",\"image\":{\"@type\":\"ImageObject\",\"@id\":\"https:\/\/abrelivros.org.br\/site\/#personlogo\",\"inLanguage\":\"pt-BR\",\"url\":\"https:\/\/secure.gravatar.com\/avatar\/c4e57f9c7e3482965bd428192061218520756c39080b1d1820b679fa5e9af192?s=96&d=mm&r=g\",\"caption\":\"Reda\\u00e7\\u00e3o Abrelivros\"}}]}<\/script>\n<!-- \/ Yoast SEO plugin. -->","_links":{"self":[{"href":"https:\/\/abrelivros.org.br\/site\/wp-json\/wp\/v2\/posts\/17388","targetHints":{"allow":["GET"]}}],"collection":[{"href":"https:\/\/abrelivros.org.br\/site\/wp-json\/wp\/v2\/posts"}],"about":[{"href":"https:\/\/abrelivros.org.br\/site\/wp-json\/wp\/v2\/types\/post"}],"author":[{"embeddable":true,"href":"https:\/\/abrelivros.org.br\/site\/wp-json\/wp\/v2\/users\/4"}],"replies":[{"embeddable":true,"href":"https:\/\/abrelivros.org.br\/site\/wp-json\/wp\/v2\/comments?post=17388"}],"version-history":[{"count":1,"href":"https:\/\/abrelivros.org.br\/site\/wp-json\/wp\/v2\/posts\/17388\/revisions"}],"predecessor-version":[{"id":17389,"href":"https:\/\/abrelivros.org.br\/site\/wp-json\/wp\/v2\/posts\/17388\/revisions\/17389"}],"wp:attachment":[{"href":"https:\/\/abrelivros.org.br\/site\/wp-json\/wp\/v2\/media?parent=17388"}],"wp:term":[{"taxonomy":"category","embeddable":true,"href":"https:\/\/abrelivros.org.br\/site\/wp-json\/wp\/v2\/categories?post=17388"},{"taxonomy":"post_tag","embeddable":true,"href":"https:\/\/abrelivros.org.br\/site\/wp-json\/wp\/v2\/tags?post=17388"}],"curies":[{"name":"wp","href":"https:\/\/api.w.org\/{rel}","templated":true}]}}