{"id":1563,"date":"2006-10-23T15:42:00","date_gmt":"2006-10-23T18:42:00","guid":{"rendered":"https:\/\/abrelivros.org.br\/site\/2006\/10\/23\/boletim-do-livro-e-leitura-2\/"},"modified":"2006-10-23T15:42:00","modified_gmt":"2006-10-23T18:42:00","slug":"boletim-do-livro-e-leitura-2","status":"publish","type":"post","link":"https:\/\/abrelivros.org.br\/site\/boletim-do-livro-e-leitura-2\/","title":{"rendered":"Boletim do Livro e Leitura"},"content":{"rendered":"<p><B> Site do PNLL de cara nova\u00a0<br \/> \u00a0<br \/><\/B> O novo site do <a href=\"http:\/\/www.pnll.gov.br\/\" target=\"_blank\" rel=\"noopener noreferrer\">Plano Nacional do Livro e Leitura<\/a> deve entrar no ar ainda este m\u00eas. As novidades ficam por conta do layout mais amig\u00e1vel e da implementa\u00e7\u00e3o de um eficiente sistema de busca. De forma r\u00e1pida, direto da home, o usu\u00e1rio poder\u00e1 cadastrar seu projeto ou evento e ainda consultar as a\u00e7\u00f5es que j\u00e1 recebem o apoio do PNLL. A p\u00e1gina inicial ainda destaca uma das centenas de a\u00e7\u00f5es do PNLL que pertence a um dos quatro eixos estrat\u00e9gicos e tem\u00e1ticos do programa &#8211; Democratiza\u00e7\u00e3o do Acesso (Eixo 1), Fomento \u00e0 Leitura e Forma\u00e7\u00e3o (Eixo 2), Valoriza\u00e7\u00e3o da Leitura e Comunica\u00e7\u00e3o (Eixo 3) e Apoio \u00e0 Economia do Livro (Eixo 4).\u00a0<br \/>  \u00a0<br \/><B>  Conselho Diretivo e Coordena\u00e7\u00e3o Executiva do PNLL se re\u00fanem no Rio de Janeiro\u00a0<br \/> \u00a0<br \/><\/B> Em 20 de outubro, o Conselho Diretivo e a Coordena\u00e7\u00e3o Executiva do Plano Nacional do Livro e Leitura (PNLL) realizaram sua reuni\u00e3o mensal na Casa da Leitura, sede do PROLER, no Rio de Janeiro. Al\u00e9m de discutir as mudan\u00e7as no site do PNLL e a confec\u00e7\u00e3o de um folder institucional para divulgar o Plano, o Secret\u00e1rio Executivo Jos\u00e9 Castiho Marques Neto informou aos Conselheiros sobre sua participa\u00e7\u00e3o em eventos do PROLER e sobre os incrementos de projetos ao Mapa de A\u00e7\u00f5es do PNLL. Outro assunto em pauta foi a prepara\u00e7\u00e3o para o Encontro Nacional do PNLL, previsto para dezembro. Al\u00e9m de Jos\u00e9 Castilho, estavam presentes na reuni\u00e3o Eliane Pszczol (PROLER), Carlos Alberto Xavier (MEC), Jeanete Beauchamp (MEC), J\u00e9ferson Assum\u00e7\u00e3o (MinC), Muniz Sodr\u00e9 (Biblioteca Nacional\/MinC), M\u00e1rcia Rosetto (FEBAB), Oswaldo Siciliano (CBL) e Ros\u00e1lia Guedes (OEI).\u00a0<br \/>  \u00a0<br \/><B>  Evento marca a Semana Nacional do Livro e da Biblioteca em Fortaleza\u00a0<br \/> \u00a0<br \/><\/B> De 23 a 27 de outubro, a Biblioteca P\u00fablica Governador Menezes Pimentel, no centro de Fortaleza (CE), sedia um evento especial para comemorar a Semana Nacional do Livro e da Biblioteca. Sob o tema \u201cLivro e Biblioteca: Caminhos para a Inclus\u00e3o Social\u201d, a programa\u00e7\u00e3o conta com mesas-redondas, conta\u00e7\u00e3o de hist\u00f3rias, palestras, oficinas e cursos, al\u00e9m de apresenta\u00e7\u00f5es art\u00edsticas e culturais. Haver\u00e1 tamb\u00e9m uma exposi\u00e7\u00e3o de equipamentos e livros em Braille com a participa\u00e7\u00e3o de portadores de defici\u00eancia visual e uma mostra do trabalho desenvolvido pelos deficientes auditivos no laborat\u00f3rio de restaura\u00e7\u00e3o da biblioteca. A semana \u00e9 uma iniciativa do Governo do Estado do Cear\u00e1, Secretaria de Cultura e Sociedade Amigos da Biblioteca P\u00fablica do Cear\u00e1. Mais informa\u00e7\u00f5es pelo telefone (85) 3101-2548.  \u00a0<br \/>  \u00a0<br \/><B>  Semin\u00e1rio discute a promo\u00e7\u00e3o da biblioteca e de seus profissionais\u00a0<br \/> \u00a0<br \/><\/B> Em 22 de outubro, a Federa\u00e7\u00e3o Brasileira de Associa\u00e7\u00f5es de Bibliotec\u00e1rios, Cientistas da Informa\u00e7\u00e3o e Institui\u00e7\u00f5es (FEBAB) promoveu o 3\u00ba Encontro Nacional de Administra\u00e7\u00e3o de Entidades de Classe da \u00c1rea da Informa\u00e7\u00e3o. O encontro aconteceu em Salvador (BA) durante o Semin\u00e1rio Nacional de Bibliotecas Universit\u00e1rias (SNBU) com o intuito de construir uma agenda nacional para promover a biblioteca, os servi\u00e7os de informa\u00e7\u00e3o e os profissionais do setor. Marcia Rosetto, presidente da FEBAB foi uma das palestrantes em um dia marcado por debates e semin\u00e1rios. Na ocasi\u00e3o, a FEBAB e a Associa\u00e7\u00e3o dos Bibliotec\u00e1rios do Distrito Federal (ABDF) lan\u00e7aram o \u201cXXII CBBD \u2013 Congresso Brasileiro de Biblioteconomia, Documenta\u00e7\u00e3o e Ci\u00eancia da Informa\u00e7\u00e3o\u201d que ser\u00e1 realizado nos dias 8 a 11 de julho de 2007, no Centro de Conven\u00e7\u00f5es de Bras\u00edlia (DF). \u00a0<br \/>  \u00a0<br \/><B>  Cadernos promovem leituras compartilhadas\u00a0<br \/> \u00a0<br \/><\/B> Um fasc\u00edculo recheado de informa\u00e7\u00f5es que estimula a leitura sob diferentes aspectos. Trata-se do Caderno de Leituras Compartilhadas, um projeto mantido pela ONG Leia Brasil que edita cinco fasc\u00edculos anuais que tratam de temas transversais da educa\u00e7\u00e3o. O objetivo \u00e9 auxiliar os educadores, bibliotec\u00e1rios e agentes de leitura a estabelecer conex\u00f5es entre a literatura, a realidade e a linguagem de seus alunos. Com tiragem de dez mil exemplares, cada volume apresenta obras liter\u00e1rias, cr\u00f4nicas, artigos de especialistas em leitura e demais \u00e1reas como psicologia, filosofia, sociologia e antropologia, al\u00e9m de trazer entrevistas e extensa bibliografia e filmografia de suporte.\u00a0<br \/>  \u00a0<br \/><B>  Cerlalc estimula a forma\u00e7\u00e3o em direito autoral\u00a0<br \/> \u00a0<br \/><\/B> O Centro Regional para o Fomento ao Livro na Am\u00e9rica Latina e Caribe (Cerlalc) em parceria com a UNESCO desenvolve um programa de forma\u00e7\u00e3o virtual em direito autoral. A id\u00e9ia \u00e9 promover a forma\u00e7\u00e3o em direito de autor entre os profissionais dos pa\u00edses da Am\u00e9rica Latina e Caribe e estimular a cria\u00e7\u00e3o de novas c\u00e1tedras da disciplina nas universidades dos pa\u00edses da regi\u00e3o. Na medida em que aumenta o conhecimento sobre a import\u00e2ncia da prote\u00e7\u00e3o ao direito do autor, a ind\u00fastria cultural se sente mais segura para realizar novos lan\u00e7amentos e ampliar seu investimento na \u00e1rea.  \u00a0<br \/>  \u00a0<br \/><B>  Biblioteca Nacional patrocina o envio de  livros para a Feira de Miami \u00a0<br \/> \u00a0<br \/><\/B> Entre os dias 12 e 19 de novembro, ser\u00e1 realizada a 23\u00aa Feira Internacional do Livro de Miami, uma das maiores feiras de rua do mundo. Neste ano, o Brasil \u00e9 um dos convidados de honra e ter\u00e1 como tema a cidade de Salvador. Para facilitar a presen\u00e7a das editoras brasileiras no evento, a Funda\u00e7\u00e3o Biblioteca Nacional (FBN) custear\u00e1 o transporte dos livros do Rio de Janeiro para Miami. Os editores interessados t\u00eam at\u00e9 28 de outubro para enviar at\u00e9 dez t\u00edtulos de literatura nacional, dicion\u00e1rios e ensaios para a FBN. Obras ligadas a temas e autores baianos s\u00e3o a prefer\u00eancia, mas a FBN informa que todos os livros s\u00e3o bem-vindos. Dois livros de cada t\u00edtulo devem ser enviados como doa\u00e7\u00e3o \u00e0 FBN (Coordenadoria Geral do Livro e da Leitura, Rua da Imprensa, 16, 11\u00ba andar, Rio de Janeiro &#8211; RJ, CEP 20030-120). Ao final da feira, as publica\u00e7\u00f5es ser\u00e3o doadas \u00e0 biblioteca do Centro Cultural Brasil-EUA da Fl\u00f3rida. Mais informa\u00e7\u00f5es pelo telefone (21) 2220-1987 ou pelo e-mail cgll@bn.br. \u00a0<br \/>  \u00a0<br \/><B>  Academia Brasileira de Letras lan\u00e7a pr\u00eamio Afr\u00e2nio Coutinho\u00a0<br \/> \u00a0<br \/><\/B> A Academia Brasileira de Letras, por meio da Biblioteca Rodolfo Garcia (BRG), lan\u00e7a em 26 de outubro o Pr\u00eamio Afr\u00e2nio Coutinho de pesquisa. O tema do Pr\u00eamio Afr\u00e2nio Coutinho 2006\/2007 \u00e9 \u201cDi\u00e1logos com a Cole\u00e7\u00e3o Franklin de Oliveira\u201d cuja linha de pesquisa \u00e9 o estado da cultura no Brasil no per\u00edodo de 1945 a 1965. O pr\u00eamio ter\u00e1 o patroc\u00ednio cultural da Petrobras. Inaugurada h\u00e1 um ano, a BRG conta com um acervo de 70 mil volumes, com enfoque em filosofia, literatura, ling\u00fc\u00edstica, hist\u00f3ria e ci\u00eancias humanas.\u00a0<br \/>  \u00a0<br \/><B>  Um circo de livros no cora\u00e7\u00e3o de S\u00e3o Paulo\u00a0<br \/> \u00a0<br \/><\/B> At\u00e9 27 de outubro, a Pra\u00e7a do Correio, no Anhangaba\u00fa, em S\u00e3o Paulo, ser\u00e1 palco de um grande evento liter\u00e1rio. Batizado de Grande Circo do Livro e desenvolvido pela Laselva Bookstore em parceria com a Prefeitura de S\u00e3o Paulo, o projeto conta com um circo de 700 metros quadrados em que est\u00e3o sendo comercializados mais de oito mil t\u00edtulos de 40 editoras a pre\u00e7os promocionais. O Grande Circo do Livro conta com a presen\u00e7a de artistas cincerses e de alguns autores e tem o objetivo de despertar o interesse pela leitura em crian\u00e7as, jovens e adultos. A Laselva tamb\u00e9m prev\u00ea a doa\u00e7\u00e3o de livros para bibliotecas p\u00fablicas do bairro de M\u00b4Boi Mirim.\u00a0<br \/>  \u00a0<br \/><B>  Moradores de Suzano (SP) ganham uma banca biblioteca\u00a0<br \/> \u00a0<br \/><\/B> A pra\u00e7a do Pa\u00e7o Municipal de Suzano (SP) conta com mais uma atra\u00e7\u00e3o. Trata-se da primeira banca biblioteca da cidade, inaugurada em 18 de outubro. Desenvolvida pela Associa\u00e7\u00e3o Cultural Bas\u00edlio da Gama em parceria com a Petrobras, a banca est\u00e1 equipada com dois computadores, programa de gerenciamento e acervo de 2.500 t\u00edtulos. O projeto faz parte do programa \u201cSemeando Leitura\u201d, da Prefeitura Municipal de Suzano, que prev\u00ea v\u00e1rias a\u00e7\u00f5es de acesso ao livro, incentivo \u00e0 leitura e atividades culturais. Os empr\u00e9stimos de livros poder\u00e3o ser feitos pelos moradores da cidade por at\u00e9 14 dias. Cada usu\u00e1rio pode retirar at\u00e9 tr\u00eas livros por vez, entre romances, ensaios e infanto- juvenis.\u00a0<br \/>  \u00a0<br \/><B>  PAC assina contratos em novembro\u00a0<br \/> \u00a0<br \/><\/B> Quatro editais do Programa de A\u00e7\u00e3o Cultural (PAC), da Secretaria de Estado da Cultura de S\u00e3o Paulo, est\u00e3o na \u00faltima etapa de sele\u00e7\u00e3o. A previs\u00e3o \u00e9 de que at\u00e9 o final de novembro os primeiros contratos ser\u00e3o assinados \u2013 em seguida, ser\u00e1 depositada a primeira parcela dos recursos. Nessa fase est\u00e1 o edital PAC n\u00b0 8, para Projetos de Incentivo \u00e0 Leitura; PAC n\u00b0 10, Programas de \u00c1udio para Promo\u00e7\u00e3o da Literatura. No total, ser\u00e3o liberados R$ 2,8 milh\u00f5es para os quatro editais. Concorrem 240 proponentes habilitados. Ao todo ser\u00e3o 28 editais publicados para mais de 20 \u00e1reas da cultura, desde cultura de raiz \u00e0 erudita.\u00a0<br \/>  \u00a0<br \/><B>  Capes abre inscri\u00e7\u00f5es para divulgar cultura brasileira no exterior \u00a0<br \/> \u00a0<br \/><\/B> A Coordena\u00e7\u00e3o de Aperfei\u00e7oamento de Pessoal de N\u00edvel Superior (Capes\/MEC) abriu inscri\u00e7\u00f5es para o processo de sele\u00e7\u00e3o de leitor em institui\u00e7\u00f5es universit\u00e1rias estrangeiras de nove pa\u00edses. Os candidatos aprovados devem organizar cursos e palestras, divulgando a cultura brasileira nos seguintes pa\u00edses &#8211; Guiana, Camar\u00f5es, Peru, Inglaterra, Uruguai, China, Rep\u00fablica de Trinidad e Tobago, Chile e Rep\u00fablica Dominicana. As inscri\u00e7\u00f5es podem ser feitas at\u00e9 8 de novembro, pelo e-mail edital.cgci@capes.gov.br. Os selecionados tem direito a passagem a\u00e9rea e aux\u00edlio financeiro mensal, entre US$ 1 mil e US$ 1,5 mil, de acordo com o pa\u00eds escolhido. Para mais informa\u00e7\u00f5es acesse o edital.\u00a0<br \/>  \u00a0<br \/><B>  Biblioteca do Museu da B\u00edblia re\u00fane Escrituras Sagradas em mais de mil idiomas \u00a0<br \/> \u00a0<br \/><\/B> Com o objetivo de disponibilizar a B\u00edblia em todos os idiomas e se tornar um centro de refer\u00eancia de novas tradu\u00e7\u00f5es, a Sociedade B\u00edblica do Brasil (SBB) inaugurou em 17 de outubro, a Biblioteca do Museu da B\u00edblia, em Barueri, na grande S\u00e3o Paulo (Av. Pastor Sebasti\u00e3o Davino dos Reis, 67). O acervo de 17 mil volumes que re\u00fane as Escrituras Sagradas em mais de mil idiomas j\u00e1 a posiciona como a maior do g\u00eanero no hemisf\u00e9rio sul. H\u00e1 obras raras, acad\u00eamicas e curiosas, com destaque para a B\u00edblia Hebraico\u2013latim, de 1546 e a B\u00edblia Sacra Vulgata, edi\u00e7\u00e3o de 1669.\u00a0<br \/>  \u00a0<\/p>\n","protected":false},"excerpt":{"rendered":"<p>Site do PNLL de cara nova\u00a0 \u00a0 O novo site do Plano Nacional do Livro e Leitura deve entrar no ar ainda este m\u00eas. As novidades ficam por conta do layout mais amig\u00e1vel e da implementa\u00e7\u00e3o de um eficiente sistema de busca. De forma r\u00e1pida, direto da home, o usu\u00e1rio poder\u00e1 cadastrar seu projeto ou [&hellip;]<\/p>\n","protected":false},"author":1,"featured_media":0,"comment_status":"closed","ping_status":"closed","sticky":false,"template":"","format":"standard","meta":{"footnotes":"","_links_to":"","_links_to_target":""},"categories":[9],"tags":[],"class_list":["post-1563","post","type-post","status-publish","format-standard","hentry","category-noticias-da-imprensa"],"yoast_head":"<!-- This site is optimized with the Yoast SEO plugin v15.1 - https:\/\/yoast.com\/wordpress\/plugins\/seo\/ -->\n<title>Boletim do Livro e Leitura &raquo; Abrelivros<\/title>\n<meta name=\"robots\" content=\"index, follow, max-snippet:-1, max-image-preview:large, max-video-preview:-1\" \/>\n<link rel=\"canonical\" href=\"https:\/\/abrelivros.org.br\/site\/boletim-do-livro-e-leitura-2\/\" \/>\n<meta property=\"og:locale\" content=\"pt_BR\" \/>\n<meta property=\"og:type\" content=\"article\" \/>\n<meta property=\"og:title\" content=\"Boletim do Livro e Leitura &raquo; Abrelivros\" \/>\n<meta property=\"og:description\" content=\"Site do PNLL de cara nova\u00a0 \u00a0 O novo site do Plano Nacional do Livro e Leitura deve entrar no ar ainda este m\u00eas. As novidades ficam por conta do layout mais amig\u00e1vel e da implementa\u00e7\u00e3o de um eficiente sistema de busca. De forma r\u00e1pida, direto da home, o usu\u00e1rio poder\u00e1 cadastrar seu projeto ou [&hellip;]\" \/>\n<meta property=\"og:url\" content=\"https:\/\/abrelivros.org.br\/site\/boletim-do-livro-e-leitura-2\/\" \/>\n<meta property=\"og:site_name\" content=\"Abrelivros\" \/>\n<meta property=\"article:published_time\" content=\"2006-10-23T18:42:00+00:00\" \/>\n<meta name=\"twitter:card\" content=\"summary_large_image\" \/>\n<script type=\"application\/ld+json\" class=\"yoast-schema-graph\">{\"@context\":\"https:\/\/schema.org\",\"@graph\":[{\"@type\":\"WebSite\",\"@id\":\"https:\/\/abrelivros.org.br\/site\/#website\",\"url\":\"https:\/\/abrelivros.org.br\/site\/\",\"name\":\"Abrelivros\",\"description\":\"\",\"potentialAction\":[{\"@type\":\"SearchAction\",\"target\":\"https:\/\/abrelivros.org.br\/site\/?s={search_term_string}\",\"query-input\":\"required name=search_term_string\"}],\"inLanguage\":\"pt-BR\"},{\"@type\":\"WebPage\",\"@id\":\"https:\/\/abrelivros.org.br\/site\/boletim-do-livro-e-leitura-2\/#webpage\",\"url\":\"https:\/\/abrelivros.org.br\/site\/boletim-do-livro-e-leitura-2\/\",\"name\":\"Boletim do Livro e Leitura &raquo; Abrelivros\",\"isPartOf\":{\"@id\":\"https:\/\/abrelivros.org.br\/site\/#website\"},\"datePublished\":\"2006-10-23T18:42:00+00:00\",\"dateModified\":\"2006-10-23T18:42:00+00:00\",\"author\":{\"@id\":\"https:\/\/abrelivros.org.br\/site\/#\/schema\/person\/2b867f13a717bb230f1a3555505f5593\"},\"breadcrumb\":{\"@id\":\"https:\/\/abrelivros.org.br\/site\/boletim-do-livro-e-leitura-2\/#breadcrumb\"},\"inLanguage\":\"pt-BR\",\"potentialAction\":[{\"@type\":\"ReadAction\",\"target\":[\"https:\/\/abrelivros.org.br\/site\/boletim-do-livro-e-leitura-2\/\"]}]},{\"@type\":\"BreadcrumbList\",\"@id\":\"https:\/\/abrelivros.org.br\/site\/boletim-do-livro-e-leitura-2\/#breadcrumb\",\"itemListElement\":[{\"@type\":\"ListItem\",\"position\":1,\"item\":{\"@type\":\"WebPage\",\"@id\":\"https:\/\/abrelivros.org.br\/site\/\",\"url\":\"https:\/\/abrelivros.org.br\/site\/\",\"name\":\"In\\u00edcio\"}},{\"@type\":\"ListItem\",\"position\":2,\"item\":{\"@type\":\"WebPage\",\"@id\":\"https:\/\/abrelivros.org.br\/site\/category\/noticias\/\",\"url\":\"https:\/\/abrelivros.org.br\/site\/category\/noticias\/\",\"name\":\"Not\\u00edcias\"}},{\"@type\":\"ListItem\",\"position\":3,\"item\":{\"@type\":\"WebPage\",\"@id\":\"https:\/\/abrelivros.org.br\/site\/category\/noticias\/noticias-da-imprensa\/\",\"url\":\"https:\/\/abrelivros.org.br\/site\/category\/noticias\/noticias-da-imprensa\/\",\"name\":\"Not\\u00edcias da imprensa\"}},{\"@type\":\"ListItem\",\"position\":4,\"item\":{\"@type\":\"WebPage\",\"@id\":\"https:\/\/abrelivros.org.br\/site\/boletim-do-livro-e-leitura-2\/\",\"url\":\"https:\/\/abrelivros.org.br\/site\/boletim-do-livro-e-leitura-2\/\",\"name\":\"Boletim do Livro e Leitura\"}}]},{\"@type\":\"Person\",\"@id\":\"https:\/\/abrelivros.org.br\/site\/#\/schema\/person\/2b867f13a717bb230f1a3555505f5593\",\"name\":\"\\u00a0\",\"image\":{\"@type\":\"ImageObject\",\"@id\":\"https:\/\/abrelivros.org.br\/site\/#personlogo\",\"inLanguage\":\"pt-BR\",\"url\":\"https:\/\/secure.gravatar.com\/avatar\/e80b7f5231be2fff5040a8023da424898002831c5439420df182ae62676d2a6f?s=96&d=mm&r=g\",\"caption\":\"\\u00a0\"}}]}<\/script>\n<!-- \/ Yoast SEO plugin. -->","_links":{"self":[{"href":"https:\/\/abrelivros.org.br\/site\/wp-json\/wp\/v2\/posts\/1563","targetHints":{"allow":["GET"]}}],"collection":[{"href":"https:\/\/abrelivros.org.br\/site\/wp-json\/wp\/v2\/posts"}],"about":[{"href":"https:\/\/abrelivros.org.br\/site\/wp-json\/wp\/v2\/types\/post"}],"author":[{"embeddable":true,"href":"https:\/\/abrelivros.org.br\/site\/wp-json\/wp\/v2\/users\/1"}],"replies":[{"embeddable":true,"href":"https:\/\/abrelivros.org.br\/site\/wp-json\/wp\/v2\/comments?post=1563"}],"version-history":[{"count":0,"href":"https:\/\/abrelivros.org.br\/site\/wp-json\/wp\/v2\/posts\/1563\/revisions"}],"wp:attachment":[{"href":"https:\/\/abrelivros.org.br\/site\/wp-json\/wp\/v2\/media?parent=1563"}],"wp:term":[{"taxonomy":"category","embeddable":true,"href":"https:\/\/abrelivros.org.br\/site\/wp-json\/wp\/v2\/categories?post=1563"},{"taxonomy":"post_tag","embeddable":true,"href":"https:\/\/abrelivros.org.br\/site\/wp-json\/wp\/v2\/tags?post=1563"}],"curies":[{"name":"wp","href":"https:\/\/api.w.org\/{rel}","templated":true}]}}