{"id":1562,"date":"2006-10-24T11:27:00","date_gmt":"2006-10-24T14:27:00","guid":{"rendered":"https:\/\/abrelivros.org.br\/site\/2006\/10\/24\/ministerio-doa-livros-e-computadores-para-o-projeto-industria-do-conhecimento\/"},"modified":"2006-10-24T11:27:00","modified_gmt":"2006-10-24T14:27:00","slug":"ministerio-doa-livros-e-computadores-para-o-projeto-industria-do-conhecimento","status":"publish","type":"post","link":"https:\/\/abrelivros.org.br\/site\/ministerio-doa-livros-e-computadores-para-o-projeto-industria-do-conhecimento\/","title":{"rendered":"Minist\u00e9rio doa livros e computadores para o projeto Ind\u00fastria do Conhecimento"},"content":{"rendered":"<p>O ministro da Educa\u00e7\u00e3o, Fernando Haddad, assina nesta ter\u00e7a-feira, 24 de outubro, conv\u00eanio que prev\u00ea a entrega de livros e equipamentos ao projeto Ind\u00fastria do Conhecimento, que o Servi\u00e7o Social da Ind\u00fastria (Sesi) apresenta durante as comemora\u00e7\u00f5es da Semana do Livro em Bras\u00edlia. O projeto conta tamb\u00e9m com a parceria da Confedera\u00e7\u00e3o Nacional da Ind\u00fastria (CNI). &nbsp;<br \/> &nbsp;<br \/> Durante o evento, que ocorre em uma arena montada na Esplanada dos Minist\u00e9rios, \u00e0s 11h30, o ministro Fernando Haddad faz a entrega simb\u00f3lica dos primeiros 50 laborat\u00f3rios de inform\u00e1tica e 50 acervos de livros, formados por t\u00edtulos do Programa Nacional Biblioteca da Escola, do Fundo Nacional de Desenvolvimento da Educa\u00e7\u00e3o (FNDE\/MEC).&nbsp;<br \/> &nbsp;<br \/> Os acervos s\u00e3o formados por mil livros cada, das edi\u00e7\u00f5es do Programa Nacional Biblioteca da Escola (PNBE) de 2003 a 2005 e dicion\u00e1rios dirigidos a diversas faixas et\u00e1rias. Entre as obras est\u00e3o romances cl\u00e1ssicos de autores nacionais e estrangeiros, antologias po\u00e9ticas, ensaios, reportagens, contos, cr\u00f4nicas, textos de tradi\u00e7\u00e3o popular, como cordel, pe\u00e7as teatrais, relatos de viagens e biografias.  &nbsp;<br \/> &nbsp;<br \/> O projeto prev\u00ea a instala\u00e7\u00e3o de ambientes com biblioteca, sala de leitura e computadores com acesso \u00e0 internet. A meta \u00e9 implantar 100 m\u00f3dulos em munic\u00edpios do todo o pa\u00eds, preferencialmente aqueles com baixo \u00cdndice de Desenvolvimento Humano (IDH). &nbsp;<br \/> &nbsp;<br \/> Atualmente, est\u00e1 em andamento a implanta\u00e7\u00e3o de 66 unidades em 19 estados, com inaugura\u00e7\u00e3o prevista para dezembro deste ano. Cada m\u00f3dulo ter\u00e1 dez computadores, acervo de biblioteca com 1.300 livros, dez mil t\u00edtulos de m\u00eddia eletr\u00f4nica, 100 CDs e DVDs, um jornal local e outros peri\u00f3dicos de circula\u00e7\u00e3o nacional.&nbsp;<\/p>\n","protected":false},"excerpt":{"rendered":"<p>O ministro da Educa\u00e7\u00e3o, Fernando Haddad, assina nesta ter\u00e7a-feira, 24 de outubro, conv\u00eanio que prev\u00ea a entrega de livros e equipamentos ao projeto Ind\u00fastria do Conhecimento, que o Servi\u00e7o Social da Ind\u00fastria (Sesi) apresenta durante as comemora\u00e7\u00f5es da Semana do Livro em Bras\u00edlia. O projeto conta tamb\u00e9m com a parceria da Confedera\u00e7\u00e3o Nacional da Ind\u00fastria [&hellip;]<\/p>\n","protected":false},"author":1,"featured_media":0,"comment_status":"closed","ping_status":"closed","sticky":false,"template":"","format":"standard","meta":{"footnotes":"","_links_to":"","_links_to_target":""},"categories":[9],"tags":[],"class_list":["post-1562","post","type-post","status-publish","format-standard","hentry","category-noticias-da-imprensa"],"yoast_head":"<!-- This site is optimized with the Yoast SEO plugin v15.1 - https:\/\/yoast.com\/wordpress\/plugins\/seo\/ -->\n<title>Minist\u00e9rio doa livros e computadores para o projeto Ind\u00fastria do Conhecimento &raquo; Abrelivros<\/title>\n<meta name=\"robots\" content=\"index, follow, max-snippet:-1, max-image-preview:large, max-video-preview:-1\" \/>\n<link rel=\"canonical\" href=\"https:\/\/abrelivros.org.br\/site\/ministerio-doa-livros-e-computadores-para-o-projeto-industria-do-conhecimento\/\" \/>\n<meta property=\"og:locale\" content=\"pt_BR\" \/>\n<meta property=\"og:type\" content=\"article\" \/>\n<meta property=\"og:title\" content=\"Minist\u00e9rio doa livros e computadores para o projeto Ind\u00fastria do Conhecimento &raquo; Abrelivros\" \/>\n<meta property=\"og:description\" content=\"O ministro da Educa\u00e7\u00e3o, Fernando Haddad, assina nesta ter\u00e7a-feira, 24 de outubro, conv\u00eanio que prev\u00ea a entrega de livros e equipamentos ao projeto Ind\u00fastria do Conhecimento, que o Servi\u00e7o Social da Ind\u00fastria (Sesi) apresenta durante as comemora\u00e7\u00f5es da Semana do Livro em Bras\u00edlia. O projeto conta tamb\u00e9m com a parceria da Confedera\u00e7\u00e3o Nacional da Ind\u00fastria [&hellip;]\" \/>\n<meta property=\"og:url\" content=\"https:\/\/abrelivros.org.br\/site\/ministerio-doa-livros-e-computadores-para-o-projeto-industria-do-conhecimento\/\" \/>\n<meta property=\"og:site_name\" content=\"Abrelivros\" \/>\n<meta property=\"article:published_time\" content=\"2006-10-24T14:27:00+00:00\" \/>\n<meta name=\"twitter:card\" content=\"summary_large_image\" \/>\n<script type=\"application\/ld+json\" class=\"yoast-schema-graph\">{\"@context\":\"https:\/\/schema.org\",\"@graph\":[{\"@type\":\"WebSite\",\"@id\":\"https:\/\/abrelivros.org.br\/site\/#website\",\"url\":\"https:\/\/abrelivros.org.br\/site\/\",\"name\":\"Abrelivros\",\"description\":\"\",\"potentialAction\":[{\"@type\":\"SearchAction\",\"target\":\"https:\/\/abrelivros.org.br\/site\/?s={search_term_string}\",\"query-input\":\"required name=search_term_string\"}],\"inLanguage\":\"pt-BR\"},{\"@type\":\"WebPage\",\"@id\":\"https:\/\/abrelivros.org.br\/site\/ministerio-doa-livros-e-computadores-para-o-projeto-industria-do-conhecimento\/#webpage\",\"url\":\"https:\/\/abrelivros.org.br\/site\/ministerio-doa-livros-e-computadores-para-o-projeto-industria-do-conhecimento\/\",\"name\":\"Minist\\u00e9rio doa livros e computadores para o projeto Ind\\u00fastria do Conhecimento &raquo; Abrelivros\",\"isPartOf\":{\"@id\":\"https:\/\/abrelivros.org.br\/site\/#website\"},\"datePublished\":\"2006-10-24T14:27:00+00:00\",\"dateModified\":\"2006-10-24T14:27:00+00:00\",\"author\":{\"@id\":\"https:\/\/abrelivros.org.br\/site\/#\/schema\/person\/2b867f13a717bb230f1a3555505f5593\"},\"breadcrumb\":{\"@id\":\"https:\/\/abrelivros.org.br\/site\/ministerio-doa-livros-e-computadores-para-o-projeto-industria-do-conhecimento\/#breadcrumb\"},\"inLanguage\":\"pt-BR\",\"potentialAction\":[{\"@type\":\"ReadAction\",\"target\":[\"https:\/\/abrelivros.org.br\/site\/ministerio-doa-livros-e-computadores-para-o-projeto-industria-do-conhecimento\/\"]}]},{\"@type\":\"BreadcrumbList\",\"@id\":\"https:\/\/abrelivros.org.br\/site\/ministerio-doa-livros-e-computadores-para-o-projeto-industria-do-conhecimento\/#breadcrumb\",\"itemListElement\":[{\"@type\":\"ListItem\",\"position\":1,\"item\":{\"@type\":\"WebPage\",\"@id\":\"https:\/\/abrelivros.org.br\/site\/\",\"url\":\"https:\/\/abrelivros.org.br\/site\/\",\"name\":\"In\\u00edcio\"}},{\"@type\":\"ListItem\",\"position\":2,\"item\":{\"@type\":\"WebPage\",\"@id\":\"https:\/\/abrelivros.org.br\/site\/category\/noticias\/\",\"url\":\"https:\/\/abrelivros.org.br\/site\/category\/noticias\/\",\"name\":\"Not\\u00edcias\"}},{\"@type\":\"ListItem\",\"position\":3,\"item\":{\"@type\":\"WebPage\",\"@id\":\"https:\/\/abrelivros.org.br\/site\/category\/noticias\/noticias-da-imprensa\/\",\"url\":\"https:\/\/abrelivros.org.br\/site\/category\/noticias\/noticias-da-imprensa\/\",\"name\":\"Not\\u00edcias da imprensa\"}},{\"@type\":\"ListItem\",\"position\":4,\"item\":{\"@type\":\"WebPage\",\"@id\":\"https:\/\/abrelivros.org.br\/site\/ministerio-doa-livros-e-computadores-para-o-projeto-industria-do-conhecimento\/\",\"url\":\"https:\/\/abrelivros.org.br\/site\/ministerio-doa-livros-e-computadores-para-o-projeto-industria-do-conhecimento\/\",\"name\":\"Minist\\u00e9rio doa livros e computadores para o projeto Ind\\u00fastria do Conhecimento\"}}]},{\"@type\":\"Person\",\"@id\":\"https:\/\/abrelivros.org.br\/site\/#\/schema\/person\/2b867f13a717bb230f1a3555505f5593\",\"name\":\"\\u00a0\",\"image\":{\"@type\":\"ImageObject\",\"@id\":\"https:\/\/abrelivros.org.br\/site\/#personlogo\",\"inLanguage\":\"pt-BR\",\"url\":\"https:\/\/secure.gravatar.com\/avatar\/e80b7f5231be2fff5040a8023da424898002831c5439420df182ae62676d2a6f?s=96&d=mm&r=g\",\"caption\":\"\\u00a0\"}}]}<\/script>\n<!-- \/ Yoast SEO plugin. -->","_links":{"self":[{"href":"https:\/\/abrelivros.org.br\/site\/wp-json\/wp\/v2\/posts\/1562","targetHints":{"allow":["GET"]}}],"collection":[{"href":"https:\/\/abrelivros.org.br\/site\/wp-json\/wp\/v2\/posts"}],"about":[{"href":"https:\/\/abrelivros.org.br\/site\/wp-json\/wp\/v2\/types\/post"}],"author":[{"embeddable":true,"href":"https:\/\/abrelivros.org.br\/site\/wp-json\/wp\/v2\/users\/1"}],"replies":[{"embeddable":true,"href":"https:\/\/abrelivros.org.br\/site\/wp-json\/wp\/v2\/comments?post=1562"}],"version-history":[{"count":0,"href":"https:\/\/abrelivros.org.br\/site\/wp-json\/wp\/v2\/posts\/1562\/revisions"}],"wp:attachment":[{"href":"https:\/\/abrelivros.org.br\/site\/wp-json\/wp\/v2\/media?parent=1562"}],"wp:term":[{"taxonomy":"category","embeddable":true,"href":"https:\/\/abrelivros.org.br\/site\/wp-json\/wp\/v2\/categories?post=1562"},{"taxonomy":"post_tag","embeddable":true,"href":"https:\/\/abrelivros.org.br\/site\/wp-json\/wp\/v2\/tags?post=1562"}],"curies":[{"name":"wp","href":"https:\/\/api.w.org\/{rel}","templated":true}]}}