{"id":1561,"date":"2006-10-24T14:53:00","date_gmt":"2006-10-24T17:53:00","guid":{"rendered":"https:\/\/abrelivros.org.br\/site\/2006\/10\/24\/fomento-a-leitura\/"},"modified":"2006-10-24T14:53:00","modified_gmt":"2006-10-24T17:53:00","slug":"fomento-a-leitura","status":"publish","type":"post","link":"https:\/\/abrelivros.org.br\/site\/fomento-a-leitura\/","title":{"rendered":"Fomento \u00e0 Leitura"},"content":{"rendered":"<p>Os 15 trabalhos finalistas do Pr\u00eamio VivaLeitura 2006 ser\u00e3o anunciados na pr\u00f3xima segunda-feira, 30 de outubro. E em novembro, ser\u00e1 divulgado os tr\u00eas finalistas, um por cada categoria. Patrocinado pela Funda\u00e7\u00e3o Santillana, da Espanha, o pr\u00eamio \u00e9 uma iniciativa do Minist\u00e9rio da Cultura (MinC), do Minist\u00e9rio da Educa\u00e7\u00e3o (MEC) e da Organiza\u00e7\u00e3o dos Estados Ibero-Americanos para a Educa\u00e7\u00e3o, a Ci\u00eancia e a Cultura (OEI) e integra o Plano Nacional do Livro e Leitura (PNLL). \u00a0<br \/> \u00a0<br \/> Este ano, em sua primeira edi\u00e7\u00e3o, o concurso registrou a inscri\u00e7\u00e3o de 3.031 trabalhos em tr\u00eas categorias: pessoas f\u00edsicas, universidades e institui\u00e7\u00f5es da sociedade civil (50%); escolas p\u00fablicas e privadas (45%); e bibliotecas p\u00fablicas, privadas e comunit\u00e1rias (5%). S\u00e3o Paulo, Minas Gerais e Rio de Janeiro est\u00e3o entre os Estados que mais apresentaram iniciativas para o incentivo \u00e0 leitura junto a crian\u00e7as, jovens e adultos.\u00a0<br \/> \u00a0<br \/><B> Pr\u00eamio\u00a0<br \/> \u00a0<br \/><\/B> Depois do Ano Ibero-americano da Leitura comemorado em 2005, foi criado o Pr\u00eamio VivaLeitura, com o objetivo de estimular, fomentar e reconhecer as melhores experi\u00eancias que promovam a leitura.\u00a0<br \/> \u00a0<br \/> Ser\u00e3o premiados trabalhos nas categorias &#8211; Bibliotecas P\u00fablicas, Privadas e Comunit\u00e1rias; Escolas P\u00fablicas e Privadas e Pessoas f\u00edsicas, Universidades e institui\u00e7\u00f5es da sociedade que desenvolvam trabalhos na \u00e1rea de leitura. Os vencedores em cada categoria, receber\u00e3o um pr\u00eamio de R$ 25 mil.\u00a0<\/p>\n<p><\/p>\n","protected":false},"excerpt":{"rendered":"<p>Os 15 trabalhos finalistas do Pr\u00eamio VivaLeitura 2006 ser\u00e3o anunciados na pr\u00f3xima segunda-feira, 30 de outubro. E em novembro, ser\u00e1 divulgado os tr\u00eas finalistas, um por cada categoria. Patrocinado pela Funda\u00e7\u00e3o Santillana, da Espanha, o pr\u00eamio \u00e9 uma iniciativa do Minist\u00e9rio da Cultura (MinC), do Minist\u00e9rio da Educa\u00e7\u00e3o (MEC) e da Organiza\u00e7\u00e3o dos Estados Ibero-Americanos [&hellip;]<\/p>\n","protected":false},"author":1,"featured_media":0,"comment_status":"closed","ping_status":"closed","sticky":false,"template":"","format":"standard","meta":{"footnotes":"","_links_to":"","_links_to_target":""},"categories":[9],"tags":[],"class_list":["post-1561","post","type-post","status-publish","format-standard","hentry","category-noticias-da-imprensa"],"yoast_head":"<!-- This site is optimized with the Yoast SEO plugin v15.1 - https:\/\/yoast.com\/wordpress\/plugins\/seo\/ -->\n<title>Fomento \u00e0 Leitura &raquo; Abrelivros<\/title>\n<meta name=\"robots\" content=\"index, follow, max-snippet:-1, max-image-preview:large, max-video-preview:-1\" \/>\n<link rel=\"canonical\" href=\"https:\/\/abrelivros.org.br\/site\/fomento-a-leitura\/\" \/>\n<meta property=\"og:locale\" content=\"pt_BR\" \/>\n<meta property=\"og:type\" content=\"article\" \/>\n<meta property=\"og:title\" content=\"Fomento \u00e0 Leitura &raquo; Abrelivros\" \/>\n<meta property=\"og:description\" content=\"Os 15 trabalhos finalistas do Pr\u00eamio VivaLeitura 2006 ser\u00e3o anunciados na pr\u00f3xima segunda-feira, 30 de outubro. E em novembro, ser\u00e1 divulgado os tr\u00eas finalistas, um por cada categoria. Patrocinado pela Funda\u00e7\u00e3o Santillana, da Espanha, o pr\u00eamio \u00e9 uma iniciativa do Minist\u00e9rio da Cultura (MinC), do Minist\u00e9rio da Educa\u00e7\u00e3o (MEC) e da Organiza\u00e7\u00e3o dos Estados Ibero-Americanos [&hellip;]\" \/>\n<meta property=\"og:url\" content=\"https:\/\/abrelivros.org.br\/site\/fomento-a-leitura\/\" \/>\n<meta property=\"og:site_name\" content=\"Abrelivros\" \/>\n<meta property=\"article:published_time\" content=\"2006-10-24T17:53:00+00:00\" \/>\n<meta name=\"twitter:card\" content=\"summary_large_image\" \/>\n<script type=\"application\/ld+json\" class=\"yoast-schema-graph\">{\"@context\":\"https:\/\/schema.org\",\"@graph\":[{\"@type\":\"WebSite\",\"@id\":\"https:\/\/abrelivros.org.br\/site\/#website\",\"url\":\"https:\/\/abrelivros.org.br\/site\/\",\"name\":\"Abrelivros\",\"description\":\"\",\"potentialAction\":[{\"@type\":\"SearchAction\",\"target\":\"https:\/\/abrelivros.org.br\/site\/?s={search_term_string}\",\"query-input\":\"required name=search_term_string\"}],\"inLanguage\":\"pt-BR\"},{\"@type\":\"WebPage\",\"@id\":\"https:\/\/abrelivros.org.br\/site\/fomento-a-leitura\/#webpage\",\"url\":\"https:\/\/abrelivros.org.br\/site\/fomento-a-leitura\/\",\"name\":\"Fomento \\u00e0 Leitura &raquo; Abrelivros\",\"isPartOf\":{\"@id\":\"https:\/\/abrelivros.org.br\/site\/#website\"},\"datePublished\":\"2006-10-24T17:53:00+00:00\",\"dateModified\":\"2006-10-24T17:53:00+00:00\",\"author\":{\"@id\":\"https:\/\/abrelivros.org.br\/site\/#\/schema\/person\/2b867f13a717bb230f1a3555505f5593\"},\"breadcrumb\":{\"@id\":\"https:\/\/abrelivros.org.br\/site\/fomento-a-leitura\/#breadcrumb\"},\"inLanguage\":\"pt-BR\",\"potentialAction\":[{\"@type\":\"ReadAction\",\"target\":[\"https:\/\/abrelivros.org.br\/site\/fomento-a-leitura\/\"]}]},{\"@type\":\"BreadcrumbList\",\"@id\":\"https:\/\/abrelivros.org.br\/site\/fomento-a-leitura\/#breadcrumb\",\"itemListElement\":[{\"@type\":\"ListItem\",\"position\":1,\"item\":{\"@type\":\"WebPage\",\"@id\":\"https:\/\/abrelivros.org.br\/site\/\",\"url\":\"https:\/\/abrelivros.org.br\/site\/\",\"name\":\"In\\u00edcio\"}},{\"@type\":\"ListItem\",\"position\":2,\"item\":{\"@type\":\"WebPage\",\"@id\":\"https:\/\/abrelivros.org.br\/site\/category\/noticias\/\",\"url\":\"https:\/\/abrelivros.org.br\/site\/category\/noticias\/\",\"name\":\"Not\\u00edcias\"}},{\"@type\":\"ListItem\",\"position\":3,\"item\":{\"@type\":\"WebPage\",\"@id\":\"https:\/\/abrelivros.org.br\/site\/category\/noticias\/noticias-da-imprensa\/\",\"url\":\"https:\/\/abrelivros.org.br\/site\/category\/noticias\/noticias-da-imprensa\/\",\"name\":\"Not\\u00edcias da imprensa\"}},{\"@type\":\"ListItem\",\"position\":4,\"item\":{\"@type\":\"WebPage\",\"@id\":\"https:\/\/abrelivros.org.br\/site\/fomento-a-leitura\/\",\"url\":\"https:\/\/abrelivros.org.br\/site\/fomento-a-leitura\/\",\"name\":\"Fomento \\u00e0 Leitura\"}}]},{\"@type\":\"Person\",\"@id\":\"https:\/\/abrelivros.org.br\/site\/#\/schema\/person\/2b867f13a717bb230f1a3555505f5593\",\"name\":\"\\u00a0\",\"image\":{\"@type\":\"ImageObject\",\"@id\":\"https:\/\/abrelivros.org.br\/site\/#personlogo\",\"inLanguage\":\"pt-BR\",\"url\":\"https:\/\/secure.gravatar.com\/avatar\/e80b7f5231be2fff5040a8023da424898002831c5439420df182ae62676d2a6f?s=96&d=mm&r=g\",\"caption\":\"\\u00a0\"}}]}<\/script>\n<!-- \/ Yoast SEO plugin. -->","_links":{"self":[{"href":"https:\/\/abrelivros.org.br\/site\/wp-json\/wp\/v2\/posts\/1561","targetHints":{"allow":["GET"]}}],"collection":[{"href":"https:\/\/abrelivros.org.br\/site\/wp-json\/wp\/v2\/posts"}],"about":[{"href":"https:\/\/abrelivros.org.br\/site\/wp-json\/wp\/v2\/types\/post"}],"author":[{"embeddable":true,"href":"https:\/\/abrelivros.org.br\/site\/wp-json\/wp\/v2\/users\/1"}],"replies":[{"embeddable":true,"href":"https:\/\/abrelivros.org.br\/site\/wp-json\/wp\/v2\/comments?post=1561"}],"version-history":[{"count":0,"href":"https:\/\/abrelivros.org.br\/site\/wp-json\/wp\/v2\/posts\/1561\/revisions"}],"wp:attachment":[{"href":"https:\/\/abrelivros.org.br\/site\/wp-json\/wp\/v2\/media?parent=1561"}],"wp:term":[{"taxonomy":"category","embeddable":true,"href":"https:\/\/abrelivros.org.br\/site\/wp-json\/wp\/v2\/categories?post=1561"},{"taxonomy":"post_tag","embeddable":true,"href":"https:\/\/abrelivros.org.br\/site\/wp-json\/wp\/v2\/tags?post=1561"}],"curies":[{"name":"wp","href":"https:\/\/api.w.org\/{rel}","templated":true}]}}