{"id":1560,"date":"2006-10-25T15:01:00","date_gmt":"2006-10-25T18:01:00","guid":{"rendered":"https:\/\/abrelivros.org.br\/site\/2006\/10\/25\/sessao-da-cnic\/"},"modified":"2006-10-25T15:01:00","modified_gmt":"2006-10-25T18:01:00","slug":"sessao-da-cnic","status":"publish","type":"post","link":"https:\/\/abrelivros.org.br\/site\/sessao-da-cnic\/","title":{"rendered":"Sess\u00e3o da CNIC"},"content":{"rendered":"<p>O Minist\u00e9rio da Cultura realiza nesta quarta-feira, dia 25 de outubro, a 133\u00aa Reuni\u00e3o da Comiss\u00e3o Nacional de Incentivo \u00e0 Cultura (CNIC). Ser\u00e1 a terceira sess\u00e3o realizada com a nova forma\u00e7\u00e3o da Comiss\u00e3o.&nbsp;<br \/> &nbsp;<br \/> Est\u00e1 prevista a an\u00e1lise de 1.085 projetos culturais, sendo 195 de Artes C\u00eanicas, 261 de M\u00fasica, 300 de Humanidades, 62 de Artes Pl\u00e1sticas, 101 de Artes Integradas, 80 de Audiovisual e 47 de Patrim\u00f4nio Cultural. Ser\u00e3o analisados, ainda, 39 recursos de projetos culturais. &nbsp;<br \/> &nbsp;<br \/> O secret\u00e1rio de Incentivo e Fomento \u00e0 Cultura, Marco Ant\u00f4nio Acco, presidir\u00e1 a reuni\u00e3o, representando o ministro da Cultura, Gilberto Gil. Estar\u00e3o presentes os seguintes conselheiros: Sigrid Augusta Busellato Nora, M\u00e1rio Fernando Bolognesi e Jo\u00e3o Carlos Couto de Magalh\u00e3es, de Artes C\u00eanicas; Fernanda Oliveira Martins, de Artes Pl\u00e1sticas; Jos\u00e9 Castilhos Marques Neto, Marino Lobello e Moacir Gadotti, de Humanidades; Betina Maria Adams e Henrique Oswaldo de Andrade, de Patrim\u00f4nio Cultural; Maria do Carmo Nabuco de Almeida Braga e Adelina Barretto Santiago, de M\u00fasica; Paulo Cesar Mena Ricci e Jos\u00e9 Peixoto da Silveira J\u00fanior, do Audiovisual; e Cl\u00e1udia Martins Ramalho e Eduardo Saron Nunes, do Empresariado Nacional. &nbsp;<br \/> &nbsp;<br \/> Tamb\u00e9m participam da reuni\u00e3o os membros da equipe da Secretaria de Incentivo e Fomento \u00e0 Cultura (Sefic) e os representantes das institui\u00e7\u00f5es vinculadas ao MinC.&nbsp;<\/p>\n","protected":false},"excerpt":{"rendered":"<p>O Minist\u00e9rio da Cultura realiza nesta quarta-feira, dia 25 de outubro, a 133\u00aa Reuni\u00e3o da Comiss\u00e3o Nacional de Incentivo \u00e0 Cultura (CNIC). Ser\u00e1 a terceira sess\u00e3o realizada com a nova forma\u00e7\u00e3o da Comiss\u00e3o.&nbsp; &nbsp; Est\u00e1 prevista a an\u00e1lise de 1.085 projetos culturais, sendo 195 de Artes C\u00eanicas, 261 de M\u00fasica, 300 de Humanidades, 62 de [&hellip;]<\/p>\n","protected":false},"author":1,"featured_media":0,"comment_status":"closed","ping_status":"closed","sticky":false,"template":"","format":"standard","meta":{"footnotes":"","_links_to":"","_links_to_target":""},"categories":[9],"tags":[],"class_list":["post-1560","post","type-post","status-publish","format-standard","hentry","category-noticias-da-imprensa"],"yoast_head":"<!-- This site is optimized with the Yoast SEO plugin v15.1 - https:\/\/yoast.com\/wordpress\/plugins\/seo\/ -->\n<title>Sess\u00e3o da CNIC &raquo; Abrelivros<\/title>\n<meta name=\"robots\" content=\"index, follow, max-snippet:-1, max-image-preview:large, max-video-preview:-1\" \/>\n<link rel=\"canonical\" href=\"https:\/\/abrelivros.org.br\/site\/sessao-da-cnic\/\" \/>\n<meta property=\"og:locale\" content=\"pt_BR\" \/>\n<meta property=\"og:type\" content=\"article\" \/>\n<meta property=\"og:title\" content=\"Sess\u00e3o da CNIC &raquo; Abrelivros\" \/>\n<meta property=\"og:description\" content=\"O Minist\u00e9rio da Cultura realiza nesta quarta-feira, dia 25 de outubro, a 133\u00aa Reuni\u00e3o da Comiss\u00e3o Nacional de Incentivo \u00e0 Cultura (CNIC). Ser\u00e1 a terceira sess\u00e3o realizada com a nova forma\u00e7\u00e3o da Comiss\u00e3o.&nbsp; &nbsp; Est\u00e1 prevista a an\u00e1lise de 1.085 projetos culturais, sendo 195 de Artes C\u00eanicas, 261 de M\u00fasica, 300 de Humanidades, 62 de [&hellip;]\" \/>\n<meta property=\"og:url\" content=\"https:\/\/abrelivros.org.br\/site\/sessao-da-cnic\/\" \/>\n<meta property=\"og:site_name\" content=\"Abrelivros\" \/>\n<meta property=\"article:published_time\" content=\"2006-10-25T18:01:00+00:00\" \/>\n<meta name=\"twitter:card\" content=\"summary_large_image\" \/>\n<script type=\"application\/ld+json\" class=\"yoast-schema-graph\">{\"@context\":\"https:\/\/schema.org\",\"@graph\":[{\"@type\":\"WebSite\",\"@id\":\"https:\/\/abrelivros.org.br\/site\/#website\",\"url\":\"https:\/\/abrelivros.org.br\/site\/\",\"name\":\"Abrelivros\",\"description\":\"\",\"potentialAction\":[{\"@type\":\"SearchAction\",\"target\":\"https:\/\/abrelivros.org.br\/site\/?s={search_term_string}\",\"query-input\":\"required name=search_term_string\"}],\"inLanguage\":\"pt-BR\"},{\"@type\":\"WebPage\",\"@id\":\"https:\/\/abrelivros.org.br\/site\/sessao-da-cnic\/#webpage\",\"url\":\"https:\/\/abrelivros.org.br\/site\/sessao-da-cnic\/\",\"name\":\"Sess\\u00e3o da CNIC &raquo; Abrelivros\",\"isPartOf\":{\"@id\":\"https:\/\/abrelivros.org.br\/site\/#website\"},\"datePublished\":\"2006-10-25T18:01:00+00:00\",\"dateModified\":\"2006-10-25T18:01:00+00:00\",\"author\":{\"@id\":\"https:\/\/abrelivros.org.br\/site\/#\/schema\/person\/2b867f13a717bb230f1a3555505f5593\"},\"breadcrumb\":{\"@id\":\"https:\/\/abrelivros.org.br\/site\/sessao-da-cnic\/#breadcrumb\"},\"inLanguage\":\"pt-BR\",\"potentialAction\":[{\"@type\":\"ReadAction\",\"target\":[\"https:\/\/abrelivros.org.br\/site\/sessao-da-cnic\/\"]}]},{\"@type\":\"BreadcrumbList\",\"@id\":\"https:\/\/abrelivros.org.br\/site\/sessao-da-cnic\/#breadcrumb\",\"itemListElement\":[{\"@type\":\"ListItem\",\"position\":1,\"item\":{\"@type\":\"WebPage\",\"@id\":\"https:\/\/abrelivros.org.br\/site\/\",\"url\":\"https:\/\/abrelivros.org.br\/site\/\",\"name\":\"In\\u00edcio\"}},{\"@type\":\"ListItem\",\"position\":2,\"item\":{\"@type\":\"WebPage\",\"@id\":\"https:\/\/abrelivros.org.br\/site\/category\/noticias\/\",\"url\":\"https:\/\/abrelivros.org.br\/site\/category\/noticias\/\",\"name\":\"Not\\u00edcias\"}},{\"@type\":\"ListItem\",\"position\":3,\"item\":{\"@type\":\"WebPage\",\"@id\":\"https:\/\/abrelivros.org.br\/site\/category\/noticias\/noticias-da-imprensa\/\",\"url\":\"https:\/\/abrelivros.org.br\/site\/category\/noticias\/noticias-da-imprensa\/\",\"name\":\"Not\\u00edcias da imprensa\"}},{\"@type\":\"ListItem\",\"position\":4,\"item\":{\"@type\":\"WebPage\",\"@id\":\"https:\/\/abrelivros.org.br\/site\/sessao-da-cnic\/\",\"url\":\"https:\/\/abrelivros.org.br\/site\/sessao-da-cnic\/\",\"name\":\"Sess\\u00e3o da CNIC\"}}]},{\"@type\":\"Person\",\"@id\":\"https:\/\/abrelivros.org.br\/site\/#\/schema\/person\/2b867f13a717bb230f1a3555505f5593\",\"name\":\"\\u00a0\",\"image\":{\"@type\":\"ImageObject\",\"@id\":\"https:\/\/abrelivros.org.br\/site\/#personlogo\",\"inLanguage\":\"pt-BR\",\"url\":\"https:\/\/secure.gravatar.com\/avatar\/e80b7f5231be2fff5040a8023da424898002831c5439420df182ae62676d2a6f?s=96&d=mm&r=g\",\"caption\":\"\\u00a0\"}}]}<\/script>\n<!-- \/ Yoast SEO plugin. -->","_links":{"self":[{"href":"https:\/\/abrelivros.org.br\/site\/wp-json\/wp\/v2\/posts\/1560","targetHints":{"allow":["GET"]}}],"collection":[{"href":"https:\/\/abrelivros.org.br\/site\/wp-json\/wp\/v2\/posts"}],"about":[{"href":"https:\/\/abrelivros.org.br\/site\/wp-json\/wp\/v2\/types\/post"}],"author":[{"embeddable":true,"href":"https:\/\/abrelivros.org.br\/site\/wp-json\/wp\/v2\/users\/1"}],"replies":[{"embeddable":true,"href":"https:\/\/abrelivros.org.br\/site\/wp-json\/wp\/v2\/comments?post=1560"}],"version-history":[{"count":0,"href":"https:\/\/abrelivros.org.br\/site\/wp-json\/wp\/v2\/posts\/1560\/revisions"}],"wp:attachment":[{"href":"https:\/\/abrelivros.org.br\/site\/wp-json\/wp\/v2\/media?parent=1560"}],"wp:term":[{"taxonomy":"category","embeddable":true,"href":"https:\/\/abrelivros.org.br\/site\/wp-json\/wp\/v2\/categories?post=1560"},{"taxonomy":"post_tag","embeddable":true,"href":"https:\/\/abrelivros.org.br\/site\/wp-json\/wp\/v2\/tags?post=1560"}],"curies":[{"name":"wp","href":"https:\/\/api.w.org\/{rel}","templated":true}]}}