{"id":1559,"date":"2006-10-27T15:18:00","date_gmt":"2006-10-27T18:18:00","guid":{"rendered":"https:\/\/abrelivros.org.br\/site\/2006\/10\/27\/haddad-fala-do-fundeb-mas-nao-o-critica\/"},"modified":"2006-10-27T15:18:00","modified_gmt":"2006-10-27T18:18:00","slug":"haddad-fala-do-fundeb-mas-nao-o-critica","status":"publish","type":"post","link":"https:\/\/abrelivros.org.br\/site\/haddad-fala-do-fundeb-mas-nao-o-critica\/","title":{"rendered":"Haddad fala do Fundeb, mas n\u00e3o o critica"},"content":{"rendered":"<p>O ministro da Educa\u00e7\u00e3o, Fernando Haddad, afirmou na quarta-feira (25 de outubro) que a educa\u00e7\u00e3o superior e a educa\u00e7\u00e3o profissional podem ser valorizadas \u201csem que se retirem recursos da educa\u00e7\u00e3o b\u00e1sica\u201c. Haddad, estrela em ascens\u00e3o dentro do governo de Luiz In\u00e1cio Lula da Silva e nome quase certo para, num eventual segundo governo lulista, permanecer \u00e0 frente da pasta herdada de Cristovam Buarque e Tarso Genro, parece ter deixado para tr\u00e1s a afirma\u00e7\u00e3o que fez na semana passada, de que o dinheiro do Fundo da Educa\u00e7\u00e3o B\u00e1sica (Fundeb) n\u00e3o ser\u00e1 suficiente nem para cobrir os custos no setor. \u00a0<br \/> \u00a0<br \/> \u201cRompemos com uma vis\u00e3o de que os n\u00edveis de ensino se contrapunham\u201c, disse Haddad, durante visita \u00e0 Universidade Federal do Par\u00e1 (UFPA), em Bel\u00e9m. \u201cO importante para a educa\u00e7\u00e3o do pa\u00eds \u00e9 que os investimentos em todos os n\u00edveis sejam crescentes\u201c. \u00a0<br \/> \u00a0<br \/> Como exemplo, o ministro ressaltou a necessidade da aprova\u00e7\u00e3o do Fundeb, sem mencionar, desta vez, a quest\u00e3o dos valores envolvidos. O Fundeb tramita na C\u00e2mara Federal. Lula diz que a oposi\u00e7\u00e3o parlamentar n\u00e3o quis aprovar o fundo com rapidez porque este traria dividendos eleitorais ao petista, que busca a reelei\u00e7\u00e3o. O advers\u00e1rio do presidente, o tucano Geraldo Alckmin (PSDB), v\u00ea incompet\u00eancia governista na \u201cdemora\u201c de tr\u00eas anos para enviar a proposta aos deputados. \u00a0<br \/> \u00a0<br \/><B> Tour pelo Norte <\/B>&#8211; Haddad participou de encontro com pr\u00f3-reitores, diretores de unidades acad\u00eamicas e departamentos da reitoria e coordena\u00e7\u00e3o de n\u00facleos   da UFPA. A universidade possui dez campi, nove deles localizados no interior do Estado, e tem 36 mil alunos matriculados. Durante a reuni\u00e3o, a vice-reitora da UFPA, Regina Barroso, formalizou ao ministro a solicita\u00e7\u00e3o de um campi da universidade em Altamira, na regi\u00e3o central do Par\u00e1. \u00a0<br \/> \u00a0<br \/> O ministro tamb\u00e9m visitou a Universidade Federal Rural da Amaz\u00f4nia (Ufra), onde recebeu, de forma simb\u00f3lica, o plano de expans\u00e3o da universidade para o interior do Par\u00e1, que j\u00e1 havia sido entregue ao Minist\u00e9rio da Educa\u00e7\u00e3o (MEC) em abril deste ano e encontra-se em an\u00e1lise. Outras escalas de Haddad nesta ter\u00e7a foram o Centro Federal de Educa\u00e7\u00e3o Tecnol\u00f3gica (Cefet-PA) e a Universidade da Amaz\u00f4nia (Unama), onde estudantes discutem, em um encontro, a reforma universit\u00e1ria.\u00a0<br \/> \u00a0<\/p>\n","protected":false},"excerpt":{"rendered":"<p>O ministro da Educa\u00e7\u00e3o, Fernando Haddad, afirmou na quarta-feira (25 de outubro) que a educa\u00e7\u00e3o superior e a educa\u00e7\u00e3o profissional podem ser valorizadas \u201csem que se retirem recursos da educa\u00e7\u00e3o b\u00e1sica\u201c. Haddad, estrela em ascens\u00e3o dentro do governo de Luiz In\u00e1cio Lula da Silva e nome quase certo para, num eventual segundo governo lulista, permanecer [&hellip;]<\/p>\n","protected":false},"author":1,"featured_media":0,"comment_status":"closed","ping_status":"closed","sticky":false,"template":"","format":"standard","meta":{"footnotes":"","_links_to":"","_links_to_target":""},"categories":[9],"tags":[],"class_list":["post-1559","post","type-post","status-publish","format-standard","hentry","category-noticias-da-imprensa"],"yoast_head":"<!-- This site is optimized with the Yoast SEO plugin v15.1 - https:\/\/yoast.com\/wordpress\/plugins\/seo\/ -->\n<title>Haddad fala do Fundeb, mas n\u00e3o o critica &raquo; Abrelivros<\/title>\n<meta name=\"robots\" content=\"index, follow, max-snippet:-1, max-image-preview:large, max-video-preview:-1\" \/>\n<link rel=\"canonical\" href=\"https:\/\/abrelivros.org.br\/site\/haddad-fala-do-fundeb-mas-nao-o-critica\/\" \/>\n<meta property=\"og:locale\" content=\"pt_BR\" \/>\n<meta property=\"og:type\" content=\"article\" \/>\n<meta property=\"og:title\" content=\"Haddad fala do Fundeb, mas n\u00e3o o critica &raquo; Abrelivros\" \/>\n<meta property=\"og:description\" content=\"O ministro da Educa\u00e7\u00e3o, Fernando Haddad, afirmou na quarta-feira (25 de outubro) que a educa\u00e7\u00e3o superior e a educa\u00e7\u00e3o profissional podem ser valorizadas \u201csem que se retirem recursos da educa\u00e7\u00e3o b\u00e1sica\u201c. Haddad, estrela em ascens\u00e3o dentro do governo de Luiz In\u00e1cio Lula da Silva e nome quase certo para, num eventual segundo governo lulista, permanecer [&hellip;]\" \/>\n<meta property=\"og:url\" content=\"https:\/\/abrelivros.org.br\/site\/haddad-fala-do-fundeb-mas-nao-o-critica\/\" \/>\n<meta property=\"og:site_name\" content=\"Abrelivros\" \/>\n<meta property=\"article:published_time\" content=\"2006-10-27T18:18:00+00:00\" \/>\n<meta name=\"twitter:card\" content=\"summary_large_image\" \/>\n<script type=\"application\/ld+json\" class=\"yoast-schema-graph\">{\"@context\":\"https:\/\/schema.org\",\"@graph\":[{\"@type\":\"WebSite\",\"@id\":\"https:\/\/abrelivros.org.br\/site\/#website\",\"url\":\"https:\/\/abrelivros.org.br\/site\/\",\"name\":\"Abrelivros\",\"description\":\"\",\"potentialAction\":[{\"@type\":\"SearchAction\",\"target\":\"https:\/\/abrelivros.org.br\/site\/?s={search_term_string}\",\"query-input\":\"required name=search_term_string\"}],\"inLanguage\":\"pt-BR\"},{\"@type\":\"WebPage\",\"@id\":\"https:\/\/abrelivros.org.br\/site\/haddad-fala-do-fundeb-mas-nao-o-critica\/#webpage\",\"url\":\"https:\/\/abrelivros.org.br\/site\/haddad-fala-do-fundeb-mas-nao-o-critica\/\",\"name\":\"Haddad fala do Fundeb, mas n\\u00e3o o critica &raquo; Abrelivros\",\"isPartOf\":{\"@id\":\"https:\/\/abrelivros.org.br\/site\/#website\"},\"datePublished\":\"2006-10-27T18:18:00+00:00\",\"dateModified\":\"2006-10-27T18:18:00+00:00\",\"author\":{\"@id\":\"https:\/\/abrelivros.org.br\/site\/#\/schema\/person\/2b867f13a717bb230f1a3555505f5593\"},\"breadcrumb\":{\"@id\":\"https:\/\/abrelivros.org.br\/site\/haddad-fala-do-fundeb-mas-nao-o-critica\/#breadcrumb\"},\"inLanguage\":\"pt-BR\",\"potentialAction\":[{\"@type\":\"ReadAction\",\"target\":[\"https:\/\/abrelivros.org.br\/site\/haddad-fala-do-fundeb-mas-nao-o-critica\/\"]}]},{\"@type\":\"BreadcrumbList\",\"@id\":\"https:\/\/abrelivros.org.br\/site\/haddad-fala-do-fundeb-mas-nao-o-critica\/#breadcrumb\",\"itemListElement\":[{\"@type\":\"ListItem\",\"position\":1,\"item\":{\"@type\":\"WebPage\",\"@id\":\"https:\/\/abrelivros.org.br\/site\/\",\"url\":\"https:\/\/abrelivros.org.br\/site\/\",\"name\":\"In\\u00edcio\"}},{\"@type\":\"ListItem\",\"position\":2,\"item\":{\"@type\":\"WebPage\",\"@id\":\"https:\/\/abrelivros.org.br\/site\/category\/noticias\/\",\"url\":\"https:\/\/abrelivros.org.br\/site\/category\/noticias\/\",\"name\":\"Not\\u00edcias\"}},{\"@type\":\"ListItem\",\"position\":3,\"item\":{\"@type\":\"WebPage\",\"@id\":\"https:\/\/abrelivros.org.br\/site\/category\/noticias\/noticias-da-imprensa\/\",\"url\":\"https:\/\/abrelivros.org.br\/site\/category\/noticias\/noticias-da-imprensa\/\",\"name\":\"Not\\u00edcias da imprensa\"}},{\"@type\":\"ListItem\",\"position\":4,\"item\":{\"@type\":\"WebPage\",\"@id\":\"https:\/\/abrelivros.org.br\/site\/haddad-fala-do-fundeb-mas-nao-o-critica\/\",\"url\":\"https:\/\/abrelivros.org.br\/site\/haddad-fala-do-fundeb-mas-nao-o-critica\/\",\"name\":\"Haddad fala do Fundeb, mas n\\u00e3o o critica\"}}]},{\"@type\":\"Person\",\"@id\":\"https:\/\/abrelivros.org.br\/site\/#\/schema\/person\/2b867f13a717bb230f1a3555505f5593\",\"name\":\"\\u00a0\",\"image\":{\"@type\":\"ImageObject\",\"@id\":\"https:\/\/abrelivros.org.br\/site\/#personlogo\",\"inLanguage\":\"pt-BR\",\"url\":\"https:\/\/secure.gravatar.com\/avatar\/e80b7f5231be2fff5040a8023da424898002831c5439420df182ae62676d2a6f?s=96&d=mm&r=g\",\"caption\":\"\\u00a0\"}}]}<\/script>\n<!-- \/ Yoast SEO plugin. -->","_links":{"self":[{"href":"https:\/\/abrelivros.org.br\/site\/wp-json\/wp\/v2\/posts\/1559","targetHints":{"allow":["GET"]}}],"collection":[{"href":"https:\/\/abrelivros.org.br\/site\/wp-json\/wp\/v2\/posts"}],"about":[{"href":"https:\/\/abrelivros.org.br\/site\/wp-json\/wp\/v2\/types\/post"}],"author":[{"embeddable":true,"href":"https:\/\/abrelivros.org.br\/site\/wp-json\/wp\/v2\/users\/1"}],"replies":[{"embeddable":true,"href":"https:\/\/abrelivros.org.br\/site\/wp-json\/wp\/v2\/comments?post=1559"}],"version-history":[{"count":0,"href":"https:\/\/abrelivros.org.br\/site\/wp-json\/wp\/v2\/posts\/1559\/revisions"}],"wp:attachment":[{"href":"https:\/\/abrelivros.org.br\/site\/wp-json\/wp\/v2\/media?parent=1559"}],"wp:term":[{"taxonomy":"category","embeddable":true,"href":"https:\/\/abrelivros.org.br\/site\/wp-json\/wp\/v2\/categories?post=1559"},{"taxonomy":"post_tag","embeddable":true,"href":"https:\/\/abrelivros.org.br\/site\/wp-json\/wp\/v2\/tags?post=1559"}],"curies":[{"name":"wp","href":"https:\/\/api.w.org\/{rel}","templated":true}]}}