{"id":1558,"date":"2006-10-27T15:39:00","date_gmt":"2006-10-27T18:39:00","guid":{"rendered":"https:\/\/abrelivros.org.br\/site\/2006\/10\/27\/casa-de-las-americas\/"},"modified":"2006-10-27T15:39:00","modified_gmt":"2006-10-27T18:39:00","slug":"casa-de-las-americas","status":"publish","type":"post","link":"https:\/\/abrelivros.org.br\/site\/casa-de-las-americas\/","title":{"rendered":"Casa de las Am\u00e9ricas"},"content":{"rendered":"<p>A institui\u00e7\u00e3o cubana Casa de las Americas, que patrocina e divulga trabalhos de escritores, m\u00fasicos e estudiosos de literatura da Am\u00e9rica Latina e do Caribe, promove a 48\u00aa edi\u00e7\u00e3o de seu pr\u00eamio liter\u00e1rio. Autores brasileiros podem concorrer com livros publicados em portugu\u00eas nos anos 2005 e 2006 (primeira edi\u00e7\u00e3o), nos g\u00eaneros de fic\u00e7\u00e3o (romance, conto ou poesia). \u00a0<br \/> \u00a0<br \/> O vencedor leva US$ 3 mil e a publica\u00e7\u00e3o da obra. As obras devem ser enviadas \u00e0 Casa de las Am\u00e9ricas (3ra. Y G, El Vedado, La Habana 10400, Cuba), ou qualquer das Embaixadas de Cuba at\u00e9 31 de outubro. Os jurados se re\u00fanem em Havana em janeiro de 2007 para decidir o vencedor. Informa\u00e7\u00f5es no site <a href=\"http:\/\/www.casa.cult.cu\/\" target=\"_blank\" rel=\"noopener noreferrer\">www.casa.cult.cu<\/a> . <\/p>\n","protected":false},"excerpt":{"rendered":"<p>A institui\u00e7\u00e3o cubana Casa de las Americas, que patrocina e divulga trabalhos de escritores, m\u00fasicos e estudiosos de literatura da Am\u00e9rica Latina e do Caribe, promove a 48\u00aa edi\u00e7\u00e3o de seu pr\u00eamio liter\u00e1rio. Autores brasileiros podem concorrer com livros publicados em portugu\u00eas nos anos 2005 e 2006 (primeira edi\u00e7\u00e3o), nos g\u00eaneros de fic\u00e7\u00e3o (romance, conto [&hellip;]<\/p>\n","protected":false},"author":1,"featured_media":0,"comment_status":"closed","ping_status":"closed","sticky":false,"template":"","format":"standard","meta":{"footnotes":"","_links_to":"","_links_to_target":""},"categories":[9],"tags":[],"class_list":["post-1558","post","type-post","status-publish","format-standard","hentry","category-noticias-da-imprensa"],"yoast_head":"<!-- This site is optimized with the Yoast SEO plugin v15.1 - https:\/\/yoast.com\/wordpress\/plugins\/seo\/ -->\n<title>Casa de las Am\u00e9ricas &raquo; Abrelivros<\/title>\n<meta name=\"robots\" content=\"index, follow, max-snippet:-1, max-image-preview:large, max-video-preview:-1\" \/>\n<link rel=\"canonical\" href=\"https:\/\/abrelivros.org.br\/site\/casa-de-las-americas\/\" \/>\n<meta property=\"og:locale\" content=\"pt_BR\" \/>\n<meta property=\"og:type\" content=\"article\" \/>\n<meta property=\"og:title\" content=\"Casa de las Am\u00e9ricas &raquo; Abrelivros\" \/>\n<meta property=\"og:description\" content=\"A institui\u00e7\u00e3o cubana Casa de las Americas, que patrocina e divulga trabalhos de escritores, m\u00fasicos e estudiosos de literatura da Am\u00e9rica Latina e do Caribe, promove a 48\u00aa edi\u00e7\u00e3o de seu pr\u00eamio liter\u00e1rio. Autores brasileiros podem concorrer com livros publicados em portugu\u00eas nos anos 2005 e 2006 (primeira edi\u00e7\u00e3o), nos g\u00eaneros de fic\u00e7\u00e3o (romance, conto [&hellip;]\" \/>\n<meta property=\"og:url\" content=\"https:\/\/abrelivros.org.br\/site\/casa-de-las-americas\/\" \/>\n<meta property=\"og:site_name\" content=\"Abrelivros\" \/>\n<meta property=\"article:published_time\" content=\"2006-10-27T18:39:00+00:00\" \/>\n<meta name=\"twitter:card\" content=\"summary_large_image\" \/>\n<script type=\"application\/ld+json\" class=\"yoast-schema-graph\">{\"@context\":\"https:\/\/schema.org\",\"@graph\":[{\"@type\":\"WebSite\",\"@id\":\"https:\/\/abrelivros.org.br\/site\/#website\",\"url\":\"https:\/\/abrelivros.org.br\/site\/\",\"name\":\"Abrelivros\",\"description\":\"\",\"potentialAction\":[{\"@type\":\"SearchAction\",\"target\":\"https:\/\/abrelivros.org.br\/site\/?s={search_term_string}\",\"query-input\":\"required name=search_term_string\"}],\"inLanguage\":\"pt-BR\"},{\"@type\":\"WebPage\",\"@id\":\"https:\/\/abrelivros.org.br\/site\/casa-de-las-americas\/#webpage\",\"url\":\"https:\/\/abrelivros.org.br\/site\/casa-de-las-americas\/\",\"name\":\"Casa de las Am\\u00e9ricas &raquo; Abrelivros\",\"isPartOf\":{\"@id\":\"https:\/\/abrelivros.org.br\/site\/#website\"},\"datePublished\":\"2006-10-27T18:39:00+00:00\",\"dateModified\":\"2006-10-27T18:39:00+00:00\",\"author\":{\"@id\":\"https:\/\/abrelivros.org.br\/site\/#\/schema\/person\/2b867f13a717bb230f1a3555505f5593\"},\"breadcrumb\":{\"@id\":\"https:\/\/abrelivros.org.br\/site\/casa-de-las-americas\/#breadcrumb\"},\"inLanguage\":\"pt-BR\",\"potentialAction\":[{\"@type\":\"ReadAction\",\"target\":[\"https:\/\/abrelivros.org.br\/site\/casa-de-las-americas\/\"]}]},{\"@type\":\"BreadcrumbList\",\"@id\":\"https:\/\/abrelivros.org.br\/site\/casa-de-las-americas\/#breadcrumb\",\"itemListElement\":[{\"@type\":\"ListItem\",\"position\":1,\"item\":{\"@type\":\"WebPage\",\"@id\":\"https:\/\/abrelivros.org.br\/site\/\",\"url\":\"https:\/\/abrelivros.org.br\/site\/\",\"name\":\"In\\u00edcio\"}},{\"@type\":\"ListItem\",\"position\":2,\"item\":{\"@type\":\"WebPage\",\"@id\":\"https:\/\/abrelivros.org.br\/site\/category\/noticias\/\",\"url\":\"https:\/\/abrelivros.org.br\/site\/category\/noticias\/\",\"name\":\"Not\\u00edcias\"}},{\"@type\":\"ListItem\",\"position\":3,\"item\":{\"@type\":\"WebPage\",\"@id\":\"https:\/\/abrelivros.org.br\/site\/category\/noticias\/noticias-da-imprensa\/\",\"url\":\"https:\/\/abrelivros.org.br\/site\/category\/noticias\/noticias-da-imprensa\/\",\"name\":\"Not\\u00edcias da imprensa\"}},{\"@type\":\"ListItem\",\"position\":4,\"item\":{\"@type\":\"WebPage\",\"@id\":\"https:\/\/abrelivros.org.br\/site\/casa-de-las-americas\/\",\"url\":\"https:\/\/abrelivros.org.br\/site\/casa-de-las-americas\/\",\"name\":\"Casa de las Am\\u00e9ricas\"}}]},{\"@type\":\"Person\",\"@id\":\"https:\/\/abrelivros.org.br\/site\/#\/schema\/person\/2b867f13a717bb230f1a3555505f5593\",\"name\":\"\\u00a0\",\"image\":{\"@type\":\"ImageObject\",\"@id\":\"https:\/\/abrelivros.org.br\/site\/#personlogo\",\"inLanguage\":\"pt-BR\",\"url\":\"https:\/\/secure.gravatar.com\/avatar\/e80b7f5231be2fff5040a8023da424898002831c5439420df182ae62676d2a6f?s=96&d=mm&r=g\",\"caption\":\"\\u00a0\"}}]}<\/script>\n<!-- \/ Yoast SEO plugin. -->","_links":{"self":[{"href":"https:\/\/abrelivros.org.br\/site\/wp-json\/wp\/v2\/posts\/1558","targetHints":{"allow":["GET"]}}],"collection":[{"href":"https:\/\/abrelivros.org.br\/site\/wp-json\/wp\/v2\/posts"}],"about":[{"href":"https:\/\/abrelivros.org.br\/site\/wp-json\/wp\/v2\/types\/post"}],"author":[{"embeddable":true,"href":"https:\/\/abrelivros.org.br\/site\/wp-json\/wp\/v2\/users\/1"}],"replies":[{"embeddable":true,"href":"https:\/\/abrelivros.org.br\/site\/wp-json\/wp\/v2\/comments?post=1558"}],"version-history":[{"count":0,"href":"https:\/\/abrelivros.org.br\/site\/wp-json\/wp\/v2\/posts\/1558\/revisions"}],"wp:attachment":[{"href":"https:\/\/abrelivros.org.br\/site\/wp-json\/wp\/v2\/media?parent=1558"}],"wp:term":[{"taxonomy":"category","embeddable":true,"href":"https:\/\/abrelivros.org.br\/site\/wp-json\/wp\/v2\/categories?post=1558"},{"taxonomy":"post_tag","embeddable":true,"href":"https:\/\/abrelivros.org.br\/site\/wp-json\/wp\/v2\/tags?post=1558"}],"curies":[{"name":"wp","href":"https:\/\/api.w.org\/{rel}","templated":true}]}}