{"id":1556,"date":"2006-10-30T14:48:00","date_gmt":"2006-10-30T17:48:00","guid":{"rendered":"https:\/\/abrelivros.org.br\/site\/2006\/10\/30\/boletim-do-livro-e-leitura\/"},"modified":"2006-10-30T14:48:00","modified_gmt":"2006-10-30T17:48:00","slug":"boletim-do-livro-e-leitura","status":"publish","type":"post","link":"https:\/\/abrelivros.org.br\/site\/boletim-do-livro-e-leitura\/","title":{"rendered":"Boletim do Livro e Leitura"},"content":{"rendered":"<p><B> Dia Nacional do Livro refor\u00e7a a import\u00e2ncia da leitura\u00a0<br \/><\/B> \u00a0<br \/> Em 29 de outubro, \u00e9 comemorado o Dia Nacional do Livro. A escolha da data pelo governo brasileiro em 1966 tem um motivo especial \u2013 a cria\u00e7\u00e3o da Biblioteca Nacional no Rio de Janeiro, em 1810, pelo rei D. Jo\u00e3o VI. Em 1980 a comemora\u00e7\u00e3o foi ampliada e criou-se a Semana Nacional do Livro, de 23 a 29 de outubro, a fim de refor\u00e7ar a import\u00e2ncia do livro e criar iniciativas que estimulem o gosto pela leitura em todos os cidad\u00e3os brasileiros.\u00a0<br \/>  \u00a0<br \/><B>  PNLL marca presen\u00e7a em eventos do PROLER\u00a0<br \/> \u00a0<br \/><\/B> Jos\u00e9 Castilho Marques Neto, secret\u00e1rio executivo do Plano Nacional do Livro e Leitura (PNLL), marcou presen\u00e7a em dois encontros regionais do PROLER (Programa Nacional de Incentivo \u00e0 Leitura). Em 18 de outubro, Castilho participou da mesa-redonda de abertura do IX Encontro Regional do PROLER em Uberaba (MG), cujo tema era \u201cO livro e a leitura \u2013 argumenta\u00e7\u00e3o e experi\u00eancias\u201d. Em Campo Grande (MS), o secret\u00e1rio executivo do PNLL prestigiou o VII Encontro Estadual do PROLER, realizado como parte da comemora\u00e7\u00e3o da Semana Nacional do Livro e da Biblioteca, de 23 a 29 de outubro. \u00a0<br \/>  \u00a0<br \/><B>  Biblioteca incentiva os leitores mirins de Sumar\u00e9 (SP)\u00a0<br \/><\/B> \u00a0<br \/> A Associa\u00e7\u00e3o de Amigos de Nova Veneza, na cidade de Sumar\u00e9 (SP), desenvolveu a amplia\u00e7\u00e3o das instala\u00e7\u00f5es da sua biblioteca comunit\u00e1ria \u201cEul\u00e1lia Maria de Rosis Pereira\u201d, inscrita no Eixo 1 (Democratiza\u00e7\u00e3o de acesso) do PNLL. O acervo j\u00e1 alcan\u00e7a os 7 mil volumes, entre livros, revistas e peri\u00f3dicos. Localizada em uma \u00e1rea carente, a biblioteca se tornou ponto de refer\u00eancia do bairro. As crian\u00e7as contam com um amplo espa\u00e7o de atividades e podem realizar seus trabalhos escolares sob a supervis\u00e3o de monitoras que desenvolvem nos pequenos o gosto pelos livros.\u00a0<br \/>  \u00a0<br \/><B>  Literatura sobre rodas\u00a0<br \/> \u00a0<br \/><\/B> A presen\u00e7a de uma bicicleta \u00e9 motivo de alegria para os moradores de alguns munic\u00edpios do Cear\u00e1 e de bairros perif\u00e9ricos de Fortaleza. Trata-se do projeto Agentes de Leitura, uma proposta da Secretaria da Cultura do Estado do Cear\u00e1, para promover a democratiza\u00e7\u00e3o do acesso ao livro. Atualmente, 175 agentes de leitura atendem mais de quatro mil fam\u00edlias e realizam empr\u00e9stimos de livros, promovem cirandas e rodas de leituras comunit\u00e1rias, despertando o interesse pela leitura de maneira prazerosa, cr\u00edtica, din\u00e2mica e reflexiva. \u00a0<br \/>  \u00a0<br \/><B>  Rachel de Queiroz e L\u00eado Ivo integram acervo do Instituto Moreira Salles\u00a0<br \/> \u00a0<br \/><\/B> O Instituto Moreira Salles (IMS), que j\u00e1 adquiriu os acervos liter\u00e1rios de Clarice Lispector (1925-1977) e Otto Lara Resende (1922-1992), acaba de enriquecer sua cole\u00e7\u00e3o com a compra dos acervos da escritora Rachel de Queiroz (1910-2003) e do alagoano L\u00eado Ivo, de 82. A partir de agora, o IMS se responsabiliza pela guarda, conserva\u00e7\u00e3o e difus\u00e3o das cole\u00e7\u00f5es. Com a transfer\u00eancia dos acervos, o IMS vai reformar a \u00e1rea de reserva t\u00e9cnica de sua sede carioca, localizada no bairro da G\u00e1vea, no Rio de Janeiro.\u00a0<br \/>  \u00a0<br \/><B>  Obras e documentos hist\u00f3ricos a um clique do mouse\u00a0<br \/> \u00a0<br \/><\/B> Localizada em Recife (PE) e vinculada ao Minist\u00e9rio da Educa\u00e7\u00e3o (MEC), a Funda\u00e7\u00e3o Joaquim Nabuco (Fundaj) est\u00e1 digitalizando seu acervo. S\u00f3 este ano, foram mais de 18.600 documentos que passaram pelo processo, entre eles, r\u00f3tulos antigos de cigarro, fotografias, folhetos de cord\u00e9is e livros. Parte destes documentos est\u00e1 dispon\u00edvel em formato digital no site da Fundaj e no portal Dom\u00ednio P\u00fablico do MEC.\u00a0<br \/>  \u00a0<br \/><B>  Biblioteca Ciranda de Livros \u00e9 inaugurada em Parati (RJ)\u00a0<br \/> \u00a0<br \/><\/B> H\u00e1 quatro anos, a Associa\u00e7\u00e3o Casa Azul promove o desenvolvimento sustent\u00e1vel de Parati por meio de duas importantes a\u00e7\u00f5es: a Festa Liter\u00e1ria Internacional de Parati (FLIP) e o Programa Educativo Cirandas de Parati. Em 24 de outubro, a Associa\u00e7\u00e3o inaugurou seu novo projeto \u2013 a Biblioteca Ciranda dos Livros. O acervo de mais de 2500 livros foi montado com \u00eanfase na produ\u00e7\u00e3o brasileira da literatura infantil e juvenil, e tem tamb\u00e9m se\u00e7\u00f5es espec\u00edficas: cl\u00e1ssicos da literatura universal, como \u201cDom Quixote\u201d e \u201cRomeu e Julieta\u201d; livros de imagens; livros de arte-educa\u00e7\u00e3o; e literatura especializada para educadores e mediadores de leitura. Qualquer educador da rede escolar de Parati, que engloba 30 escolas municipais, 2 estaduais e 5 particulares, pode solicitar o empr\u00e9stimo de livros para utiliza\u00e7\u00e3o em sala de aula. \u00a0<br \/>  \u00a0<\/p>\n","protected":false},"excerpt":{"rendered":"<p>Dia Nacional do Livro refor\u00e7a a import\u00e2ncia da leitura\u00a0 \u00a0 Em 29 de outubro, \u00e9 comemorado o Dia Nacional do Livro. A escolha da data pelo governo brasileiro em 1966 tem um motivo especial \u2013 a cria\u00e7\u00e3o da Biblioteca Nacional no Rio de Janeiro, em 1810, pelo rei D. Jo\u00e3o VI. Em 1980 a comemora\u00e7\u00e3o [&hellip;]<\/p>\n","protected":false},"author":1,"featured_media":0,"comment_status":"closed","ping_status":"closed","sticky":false,"template":"","format":"standard","meta":{"footnotes":"","_links_to":"","_links_to_target":""},"categories":[9],"tags":[],"class_list":["post-1556","post","type-post","status-publish","format-standard","hentry","category-noticias-da-imprensa"],"yoast_head":"<!-- This site is optimized with the Yoast SEO plugin v15.1 - https:\/\/yoast.com\/wordpress\/plugins\/seo\/ -->\n<title>Boletim do Livro e Leitura &raquo; Abrelivros<\/title>\n<meta name=\"robots\" content=\"index, follow, max-snippet:-1, max-image-preview:large, max-video-preview:-1\" \/>\n<link rel=\"canonical\" href=\"https:\/\/abrelivros.org.br\/site\/boletim-do-livro-e-leitura\/\" \/>\n<meta property=\"og:locale\" content=\"pt_BR\" \/>\n<meta property=\"og:type\" content=\"article\" \/>\n<meta property=\"og:title\" content=\"Boletim do Livro e Leitura &raquo; Abrelivros\" \/>\n<meta property=\"og:description\" content=\"Dia Nacional do Livro refor\u00e7a a import\u00e2ncia da leitura\u00a0 \u00a0 Em 29 de outubro, \u00e9 comemorado o Dia Nacional do Livro. A escolha da data pelo governo brasileiro em 1966 tem um motivo especial \u2013 a cria\u00e7\u00e3o da Biblioteca Nacional no Rio de Janeiro, em 1810, pelo rei D. Jo\u00e3o VI. Em 1980 a comemora\u00e7\u00e3o [&hellip;]\" \/>\n<meta property=\"og:url\" content=\"https:\/\/abrelivros.org.br\/site\/boletim-do-livro-e-leitura\/\" \/>\n<meta property=\"og:site_name\" content=\"Abrelivros\" \/>\n<meta property=\"article:published_time\" content=\"2006-10-30T17:48:00+00:00\" \/>\n<meta name=\"twitter:card\" content=\"summary_large_image\" \/>\n<script type=\"application\/ld+json\" class=\"yoast-schema-graph\">{\"@context\":\"https:\/\/schema.org\",\"@graph\":[{\"@type\":\"WebSite\",\"@id\":\"https:\/\/abrelivros.org.br\/site\/#website\",\"url\":\"https:\/\/abrelivros.org.br\/site\/\",\"name\":\"Abrelivros\",\"description\":\"\",\"potentialAction\":[{\"@type\":\"SearchAction\",\"target\":\"https:\/\/abrelivros.org.br\/site\/?s={search_term_string}\",\"query-input\":\"required name=search_term_string\"}],\"inLanguage\":\"pt-BR\"},{\"@type\":\"WebPage\",\"@id\":\"https:\/\/abrelivros.org.br\/site\/boletim-do-livro-e-leitura\/#webpage\",\"url\":\"https:\/\/abrelivros.org.br\/site\/boletim-do-livro-e-leitura\/\",\"name\":\"Boletim do Livro e Leitura &raquo; Abrelivros\",\"isPartOf\":{\"@id\":\"https:\/\/abrelivros.org.br\/site\/#website\"},\"datePublished\":\"2006-10-30T17:48:00+00:00\",\"dateModified\":\"2006-10-30T17:48:00+00:00\",\"author\":{\"@id\":\"https:\/\/abrelivros.org.br\/site\/#\/schema\/person\/2b867f13a717bb230f1a3555505f5593\"},\"breadcrumb\":{\"@id\":\"https:\/\/abrelivros.org.br\/site\/boletim-do-livro-e-leitura\/#breadcrumb\"},\"inLanguage\":\"pt-BR\",\"potentialAction\":[{\"@type\":\"ReadAction\",\"target\":[\"https:\/\/abrelivros.org.br\/site\/boletim-do-livro-e-leitura\/\"]}]},{\"@type\":\"BreadcrumbList\",\"@id\":\"https:\/\/abrelivros.org.br\/site\/boletim-do-livro-e-leitura\/#breadcrumb\",\"itemListElement\":[{\"@type\":\"ListItem\",\"position\":1,\"item\":{\"@type\":\"WebPage\",\"@id\":\"https:\/\/abrelivros.org.br\/site\/\",\"url\":\"https:\/\/abrelivros.org.br\/site\/\",\"name\":\"In\\u00edcio\"}},{\"@type\":\"ListItem\",\"position\":2,\"item\":{\"@type\":\"WebPage\",\"@id\":\"https:\/\/abrelivros.org.br\/site\/category\/noticias\/\",\"url\":\"https:\/\/abrelivros.org.br\/site\/category\/noticias\/\",\"name\":\"Not\\u00edcias\"}},{\"@type\":\"ListItem\",\"position\":3,\"item\":{\"@type\":\"WebPage\",\"@id\":\"https:\/\/abrelivros.org.br\/site\/category\/noticias\/noticias-da-imprensa\/\",\"url\":\"https:\/\/abrelivros.org.br\/site\/category\/noticias\/noticias-da-imprensa\/\",\"name\":\"Not\\u00edcias da imprensa\"}},{\"@type\":\"ListItem\",\"position\":4,\"item\":{\"@type\":\"WebPage\",\"@id\":\"https:\/\/abrelivros.org.br\/site\/boletim-do-livro-e-leitura\/\",\"url\":\"https:\/\/abrelivros.org.br\/site\/boletim-do-livro-e-leitura\/\",\"name\":\"Boletim do Livro e Leitura\"}}]},{\"@type\":\"Person\",\"@id\":\"https:\/\/abrelivros.org.br\/site\/#\/schema\/person\/2b867f13a717bb230f1a3555505f5593\",\"name\":\"\\u00a0\",\"image\":{\"@type\":\"ImageObject\",\"@id\":\"https:\/\/abrelivros.org.br\/site\/#personlogo\",\"inLanguage\":\"pt-BR\",\"url\":\"https:\/\/secure.gravatar.com\/avatar\/e80b7f5231be2fff5040a8023da424898002831c5439420df182ae62676d2a6f?s=96&d=mm&r=g\",\"caption\":\"\\u00a0\"}}]}<\/script>\n<!-- \/ Yoast SEO plugin. -->","_links":{"self":[{"href":"https:\/\/abrelivros.org.br\/site\/wp-json\/wp\/v2\/posts\/1556","targetHints":{"allow":["GET"]}}],"collection":[{"href":"https:\/\/abrelivros.org.br\/site\/wp-json\/wp\/v2\/posts"}],"about":[{"href":"https:\/\/abrelivros.org.br\/site\/wp-json\/wp\/v2\/types\/post"}],"author":[{"embeddable":true,"href":"https:\/\/abrelivros.org.br\/site\/wp-json\/wp\/v2\/users\/1"}],"replies":[{"embeddable":true,"href":"https:\/\/abrelivros.org.br\/site\/wp-json\/wp\/v2\/comments?post=1556"}],"version-history":[{"count":0,"href":"https:\/\/abrelivros.org.br\/site\/wp-json\/wp\/v2\/posts\/1556\/revisions"}],"wp:attachment":[{"href":"https:\/\/abrelivros.org.br\/site\/wp-json\/wp\/v2\/media?parent=1556"}],"wp:term":[{"taxonomy":"category","embeddable":true,"href":"https:\/\/abrelivros.org.br\/site\/wp-json\/wp\/v2\/categories?post=1556"},{"taxonomy":"post_tag","embeddable":true,"href":"https:\/\/abrelivros.org.br\/site\/wp-json\/wp\/v2\/tags?post=1556"}],"curies":[{"name":"wp","href":"https:\/\/api.w.org\/{rel}","templated":true}]}}