{"id":1555,"date":"2006-10-31T16:32:00","date_gmt":"2006-10-31T19:32:00","guid":{"rendered":"https:\/\/abrelivros.org.br\/site\/2006\/10\/31\/630-mil-participam-da-2a-fase-da-olimpiada-de-matematica\/"},"modified":"2006-10-31T16:32:00","modified_gmt":"2006-10-31T19:32:00","slug":"630-mil-participam-da-2a-fase-da-olimpiada-de-matematica","status":"publish","type":"post","link":"https:\/\/abrelivros.org.br\/site\/630-mil-participam-da-2a-fase-da-olimpiada-de-matematica\/","title":{"rendered":"630 mil participam da 2\u00aa fase da Olimp\u00edada de Matem\u00e1tica"},"content":{"rendered":"<p>Dos 14,2 milh\u00f5es de estudantes, distribu\u00eddos por 32.655 escolas em todo o Pa\u00eds, inscritos para a Olimp\u00edada Brasileira de Matem\u00e1tica das Escolas P\u00fablicas (Obmep), 5% &#8211; aproximadamente 630 mil &#8211; participar\u00e3o da segunda fase da competi\u00e7\u00e3o, a ser realizada no dia 18 de novembro. \u00a0<br \/> \u00a0<br \/> A Obmep &#8211; uma promo\u00e7\u00e3o do Minist\u00e9rio da Educa\u00e7\u00e3o (MEC) e do Minist\u00e9rio da Ci\u00eancia e Tecnologia (MCT), em parceria com o Instituto Nacional de Matem\u00e1tica Pura e Aplicada (Impa) e a Sociedade Brasileira de Matem\u00e1tica (SBM) &#8211; busca estimular o aperfei\u00e7oamento dos professores e o interesse dos estudantes, al\u00e9m de identificar e fomentar o ingresso de jovens talentos da rede p\u00fablica nestas \u00e1reas.\u00a0<br \/> \u00a0<br \/> A competi\u00e7\u00e3o tamb\u00e9m ajuda a incluir alunos com necessidades especiais. Segundo M\u00f4nica Souza, coordenadora geral da Obmep, o evento oferece toda a estrutura necess\u00e1ria para atender a esses estudantes.\u00a0<br \/> \u00a0<br \/> O estudante Paulo Santos Ramos, 17 anos, \u00e9 um exemplo de como a inser\u00e7\u00e3o desses alunos nessas competi\u00e7\u00f5es \u00e9 vi\u00e1vel e necess\u00e1ria. Paulo estuda na Escola-Classe da 405 Sul, em Bras\u00edlia, \u00e9 deficiente visual, usa cadeira de rodas e possui apenas 30% de audi\u00e7\u00e3o no ouvido direito devido a uma artrite reumat\u00f3ide. No entanto, nada disto o impediu de participar da Obmep 2005 e ser o \u00fanico aluno com defici\u00eancia a ganhar uma medalha de ouro.\u00a0<\/p>\n","protected":false},"excerpt":{"rendered":"<p>Dos 14,2 milh\u00f5es de estudantes, distribu\u00eddos por 32.655 escolas em todo o Pa\u00eds, inscritos para a Olimp\u00edada Brasileira de Matem\u00e1tica das Escolas P\u00fablicas (Obmep), 5% &#8211; aproximadamente 630 mil &#8211; participar\u00e3o da segunda fase da competi\u00e7\u00e3o, a ser realizada no dia 18 de novembro. \u00a0 \u00a0 A Obmep &#8211; uma promo\u00e7\u00e3o do Minist\u00e9rio da Educa\u00e7\u00e3o [&hellip;]<\/p>\n","protected":false},"author":1,"featured_media":0,"comment_status":"closed","ping_status":"closed","sticky":false,"template":"","format":"standard","meta":{"footnotes":"","_links_to":"","_links_to_target":""},"categories":[9],"tags":[],"class_list":["post-1555","post","type-post","status-publish","format-standard","hentry","category-noticias-da-imprensa"],"yoast_head":"<!-- This site is optimized with the Yoast SEO plugin v15.1 - https:\/\/yoast.com\/wordpress\/plugins\/seo\/ -->\n<title>630 mil participam da 2\u00aa fase da Olimp\u00edada de Matem\u00e1tica &raquo; Abrelivros<\/title>\n<meta name=\"robots\" content=\"index, follow, max-snippet:-1, max-image-preview:large, max-video-preview:-1\" \/>\n<link rel=\"canonical\" href=\"https:\/\/abrelivros.org.br\/site\/630-mil-participam-da-2a-fase-da-olimpiada-de-matematica\/\" \/>\n<meta property=\"og:locale\" content=\"pt_BR\" \/>\n<meta property=\"og:type\" content=\"article\" \/>\n<meta property=\"og:title\" content=\"630 mil participam da 2\u00aa fase da Olimp\u00edada de Matem\u00e1tica &raquo; Abrelivros\" \/>\n<meta property=\"og:description\" content=\"Dos 14,2 milh\u00f5es de estudantes, distribu\u00eddos por 32.655 escolas em todo o Pa\u00eds, inscritos para a Olimp\u00edada Brasileira de Matem\u00e1tica das Escolas P\u00fablicas (Obmep), 5% &#8211; aproximadamente 630 mil &#8211; participar\u00e3o da segunda fase da competi\u00e7\u00e3o, a ser realizada no dia 18 de novembro. \u00a0 \u00a0 A Obmep &#8211; uma promo\u00e7\u00e3o do Minist\u00e9rio da Educa\u00e7\u00e3o [&hellip;]\" \/>\n<meta property=\"og:url\" content=\"https:\/\/abrelivros.org.br\/site\/630-mil-participam-da-2a-fase-da-olimpiada-de-matematica\/\" \/>\n<meta property=\"og:site_name\" content=\"Abrelivros\" \/>\n<meta property=\"article:published_time\" content=\"2006-10-31T19:32:00+00:00\" \/>\n<meta name=\"twitter:card\" content=\"summary_large_image\" \/>\n<script type=\"application\/ld+json\" class=\"yoast-schema-graph\">{\"@context\":\"https:\/\/schema.org\",\"@graph\":[{\"@type\":\"WebSite\",\"@id\":\"https:\/\/abrelivros.org.br\/site\/#website\",\"url\":\"https:\/\/abrelivros.org.br\/site\/\",\"name\":\"Abrelivros\",\"description\":\"\",\"potentialAction\":[{\"@type\":\"SearchAction\",\"target\":\"https:\/\/abrelivros.org.br\/site\/?s={search_term_string}\",\"query-input\":\"required name=search_term_string\"}],\"inLanguage\":\"pt-BR\"},{\"@type\":\"WebPage\",\"@id\":\"https:\/\/abrelivros.org.br\/site\/630-mil-participam-da-2a-fase-da-olimpiada-de-matematica\/#webpage\",\"url\":\"https:\/\/abrelivros.org.br\/site\/630-mil-participam-da-2a-fase-da-olimpiada-de-matematica\/\",\"name\":\"630 mil participam da 2\\u00aa fase da Olimp\\u00edada de Matem\\u00e1tica &raquo; Abrelivros\",\"isPartOf\":{\"@id\":\"https:\/\/abrelivros.org.br\/site\/#website\"},\"datePublished\":\"2006-10-31T19:32:00+00:00\",\"dateModified\":\"2006-10-31T19:32:00+00:00\",\"author\":{\"@id\":\"https:\/\/abrelivros.org.br\/site\/#\/schema\/person\/2b867f13a717bb230f1a3555505f5593\"},\"breadcrumb\":{\"@id\":\"https:\/\/abrelivros.org.br\/site\/630-mil-participam-da-2a-fase-da-olimpiada-de-matematica\/#breadcrumb\"},\"inLanguage\":\"pt-BR\",\"potentialAction\":[{\"@type\":\"ReadAction\",\"target\":[\"https:\/\/abrelivros.org.br\/site\/630-mil-participam-da-2a-fase-da-olimpiada-de-matematica\/\"]}]},{\"@type\":\"BreadcrumbList\",\"@id\":\"https:\/\/abrelivros.org.br\/site\/630-mil-participam-da-2a-fase-da-olimpiada-de-matematica\/#breadcrumb\",\"itemListElement\":[{\"@type\":\"ListItem\",\"position\":1,\"item\":{\"@type\":\"WebPage\",\"@id\":\"https:\/\/abrelivros.org.br\/site\/\",\"url\":\"https:\/\/abrelivros.org.br\/site\/\",\"name\":\"In\\u00edcio\"}},{\"@type\":\"ListItem\",\"position\":2,\"item\":{\"@type\":\"WebPage\",\"@id\":\"https:\/\/abrelivros.org.br\/site\/category\/noticias\/\",\"url\":\"https:\/\/abrelivros.org.br\/site\/category\/noticias\/\",\"name\":\"Not\\u00edcias\"}},{\"@type\":\"ListItem\",\"position\":3,\"item\":{\"@type\":\"WebPage\",\"@id\":\"https:\/\/abrelivros.org.br\/site\/category\/noticias\/noticias-da-imprensa\/\",\"url\":\"https:\/\/abrelivros.org.br\/site\/category\/noticias\/noticias-da-imprensa\/\",\"name\":\"Not\\u00edcias da imprensa\"}},{\"@type\":\"ListItem\",\"position\":4,\"item\":{\"@type\":\"WebPage\",\"@id\":\"https:\/\/abrelivros.org.br\/site\/630-mil-participam-da-2a-fase-da-olimpiada-de-matematica\/\",\"url\":\"https:\/\/abrelivros.org.br\/site\/630-mil-participam-da-2a-fase-da-olimpiada-de-matematica\/\",\"name\":\"630 mil participam da 2\\u00aa fase da Olimp\\u00edada de Matem\\u00e1tica\"}}]},{\"@type\":\"Person\",\"@id\":\"https:\/\/abrelivros.org.br\/site\/#\/schema\/person\/2b867f13a717bb230f1a3555505f5593\",\"name\":\"\\u00a0\",\"image\":{\"@type\":\"ImageObject\",\"@id\":\"https:\/\/abrelivros.org.br\/site\/#personlogo\",\"inLanguage\":\"pt-BR\",\"url\":\"https:\/\/secure.gravatar.com\/avatar\/e80b7f5231be2fff5040a8023da424898002831c5439420df182ae62676d2a6f?s=96&d=mm&r=g\",\"caption\":\"\\u00a0\"}}]}<\/script>\n<!-- \/ Yoast SEO plugin. -->","_links":{"self":[{"href":"https:\/\/abrelivros.org.br\/site\/wp-json\/wp\/v2\/posts\/1555","targetHints":{"allow":["GET"]}}],"collection":[{"href":"https:\/\/abrelivros.org.br\/site\/wp-json\/wp\/v2\/posts"}],"about":[{"href":"https:\/\/abrelivros.org.br\/site\/wp-json\/wp\/v2\/types\/post"}],"author":[{"embeddable":true,"href":"https:\/\/abrelivros.org.br\/site\/wp-json\/wp\/v2\/users\/1"}],"replies":[{"embeddable":true,"href":"https:\/\/abrelivros.org.br\/site\/wp-json\/wp\/v2\/comments?post=1555"}],"version-history":[{"count":0,"href":"https:\/\/abrelivros.org.br\/site\/wp-json\/wp\/v2\/posts\/1555\/revisions"}],"wp:attachment":[{"href":"https:\/\/abrelivros.org.br\/site\/wp-json\/wp\/v2\/media?parent=1555"}],"wp:term":[{"taxonomy":"category","embeddable":true,"href":"https:\/\/abrelivros.org.br\/site\/wp-json\/wp\/v2\/categories?post=1555"},{"taxonomy":"post_tag","embeddable":true,"href":"https:\/\/abrelivros.org.br\/site\/wp-json\/wp\/v2\/tags?post=1555"}],"curies":[{"name":"wp","href":"https:\/\/api.w.org\/{rel}","templated":true}]}}