{"id":14952,"date":"2021-09-20T15:05:14","date_gmt":"2021-09-20T18:05:14","guid":{"rendered":"https:\/\/abrelivros.org.br\/site\/?p=14952"},"modified":"2021-09-20T15:05:14","modified_gmt":"2021-09-20T18:05:14","slug":"usp-analisa-67-educacao-hibrida-complementa-e-nao-substitui-aulas-presenciais","status":"publish","type":"post","link":"https:\/\/abrelivros.org.br\/site\/usp-analisa-67-educacao-hibrida-complementa-e-nao-substitui-aulas-presenciais\/","title":{"rendered":"USP Analisa #67: Educa\u00e7\u00e3o h\u00edbrida complementa e n\u00e3o substitui aulas presenciais"},"content":{"rendered":"<p>A necessidade de suspens\u00e3o das aulas presenciais imposta pela pandemia trouxe a discuss\u00e3o sobre formas de educa\u00e7\u00e3o h\u00edbrida. Mas ser\u00e1 que essa modalidade envolve apenas professores e estudantes interagindo a dist\u00e2ncia pelo computador? Para explicar melhor o que \u00e9 a educa\u00e7\u00e3o h\u00edbrida e entender como ela pode ser uma ferramenta na recupera\u00e7\u00e3o do aprendizado.<!--more--> o <a href=\"https:\/\/jornal.usp.br\/series\/usp-analisa\/\" target=\"_blank\" rel=\"noopener noreferrer\">USP Analisa<\/a> desta semana conversa com a pedagoga, ex-presidente do Inep e atual presidente da Associa\u00e7\u00e3o Nacional de Educa\u00e7\u00e3o B\u00e1sica H\u00edbrida (ANEBHI), Maria In\u00eas Fini.<\/p>\n<p>A pedagoga destaca que existe uma diferen\u00e7a muito grande entre o que as pessoas chamam de ensino h\u00edbrido, termo que ficou bastante em evid\u00eancia com as aulas remotas, e a educa\u00e7\u00e3o h\u00edbrida em si. \u201cSe n\u00f3s falarmos s\u00f3 de ensino h\u00edbrido, n\u00f3s exclu\u00edmos aprendizagem h\u00edbrida. Ent\u00e3o temos usado o conceito de educa\u00e7\u00e3o h\u00edbrida, que combina ensino e aprendizagens presenciais com ensino e aprendizagens remotas. E \u00e9 muito diferente de educa\u00e7\u00e3o a dist\u00e2ncia, porque isso n\u00e3o \u00e9 permitido na educa\u00e7\u00e3o b\u00e1sica do Brasil. Al\u00e9m disso, a escola presencial \u00e9 a etapa obrigat\u00f3ria pela qual vamos lutar sempre, porque a escola presencial faz falta na vida de todas as crian\u00e7as. A educa\u00e7\u00e3o h\u00edbrida complementa o ensino e aprendizagens presenciais, mas n\u00e3o substitui\u201d, explica ela.<\/p>\n<p>Segundo Maria In\u00eas, a educa\u00e7\u00e3o h\u00edbrida n\u00e3o \u00e9 uma novidade, j\u00e1 que os professores sempre passam alguma tarefa para ser feita fora do ambiente escolar, a famosa li\u00e7\u00e3o de casa. A diferen\u00e7a, segundo ela, \u00e9 que agora a tecnologia traz a possibilidade de tornar essa modalidade muito mais atrativa.<\/p>\n<p>\u201cO remoto n\u00e3o necessariamente precisa ser na casa do aluno. Pode ser em uma outra sala da pr\u00f3pria escola. Se a escola tem um bom laborat\u00f3rio, hoje voc\u00ea tem plataformas gratuitas, como a Khan Academy, por exemplo, que permite organizar uma s\u00e9rie de sequ\u00eancias did\u00e1ticas e de aprendizagem para que os alunos possam repor aquilo que faltou\u201d, afirma.<\/p>\n<p>A presidente da ANEBHI vai falar sobre a educa\u00e7\u00e3o h\u00edbrida nesta semana no curso Pol\u00edticas P\u00fablicas e a Qualidade da Educa\u00e7\u00e3o, que \u00e9 organizado pela C\u00e1tedra S\u00e9rgio Henrique Ferreira. Embora o curso seja fechado, os v\u00eddeos das aulas est\u00e3o sendo disponibilizados no <a href=\"https:\/\/www.youtube.com\/playlist?list=PLpEIC3ZIVnRzLGvnhagCTFVfqpYkKxkbr\" target=\"_blank\" rel=\"noopener noreferrer\">canal do IEA-RP no YouTube<\/a>.<\/p>\n<p>Para saber mais novidades sobre o USP Analisa e outras atividades do IEA-RP, inscreva-se em <a href=\"https:\/\/t.me\/iearp\" target=\"_blank\" rel=\"noopener noreferrer\">nosso canal no Telegram<\/a>.<\/p>\n","protected":false},"excerpt":{"rendered":"<p>A necessidade de suspens\u00e3o das aulas presenciais imposta pela pandemia trouxe a discuss\u00e3o sobre formas de educa\u00e7\u00e3o h\u00edbrida. Mas ser\u00e1 que essa modalidade envolve apenas professores e estudantes interagindo a dist\u00e2ncia pelo computador? Para explicar melhor o que \u00e9 a educa\u00e7\u00e3o h\u00edbrida e entender como ela pode ser uma ferramenta na recupera\u00e7\u00e3o do aprendizado.<\/p>\n","protected":false},"author":4,"featured_media":0,"comment_status":"closed","ping_status":"closed","sticky":false,"template":"","format":"standard","meta":{"footnotes":"","_links_to":"","_links_to_target":""},"categories":[9],"tags":[],"class_list":["post-14952","post","type-post","status-publish","format-standard","hentry","category-noticias-da-imprensa"],"yoast_head":"<!-- This site is optimized with the Yoast SEO plugin v15.1 - https:\/\/yoast.com\/wordpress\/plugins\/seo\/ -->\n<title>USP Analisa #67: Educa\u00e7\u00e3o h\u00edbrida complementa e n\u00e3o substitui aulas presenciais &raquo; Abrelivros<\/title>\n<meta name=\"robots\" content=\"index, follow, max-snippet:-1, max-image-preview:large, max-video-preview:-1\" \/>\n<link rel=\"canonical\" href=\"https:\/\/abrelivros.org.br\/site\/usp-analisa-67-educacao-hibrida-complementa-e-nao-substitui-aulas-presenciais\/\" \/>\n<meta property=\"og:locale\" content=\"pt_BR\" \/>\n<meta property=\"og:type\" content=\"article\" \/>\n<meta property=\"og:title\" content=\"USP Analisa #67: Educa\u00e7\u00e3o h\u00edbrida complementa e n\u00e3o substitui aulas presenciais &raquo; Abrelivros\" \/>\n<meta property=\"og:description\" content=\"A necessidade de suspens\u00e3o das aulas presenciais imposta pela pandemia trouxe a discuss\u00e3o sobre formas de educa\u00e7\u00e3o h\u00edbrida. Mas ser\u00e1 que essa modalidade envolve apenas professores e estudantes interagindo a dist\u00e2ncia pelo computador? Para explicar melhor o que \u00e9 a educa\u00e7\u00e3o h\u00edbrida e entender como ela pode ser uma ferramenta na recupera\u00e7\u00e3o do aprendizado.\" \/>\n<meta property=\"og:url\" content=\"https:\/\/abrelivros.org.br\/site\/usp-analisa-67-educacao-hibrida-complementa-e-nao-substitui-aulas-presenciais\/\" \/>\n<meta property=\"og:site_name\" content=\"Abrelivros\" \/>\n<meta property=\"article:published_time\" content=\"2021-09-20T18:05:14+00:00\" \/>\n<meta name=\"twitter:card\" content=\"summary_large_image\" \/>\n<script type=\"application\/ld+json\" class=\"yoast-schema-graph\">{\"@context\":\"https:\/\/schema.org\",\"@graph\":[{\"@type\":\"WebSite\",\"@id\":\"https:\/\/abrelivros.org.br\/site\/#website\",\"url\":\"https:\/\/abrelivros.org.br\/site\/\",\"name\":\"Abrelivros\",\"description\":\"\",\"potentialAction\":[{\"@type\":\"SearchAction\",\"target\":\"https:\/\/abrelivros.org.br\/site\/?s={search_term_string}\",\"query-input\":\"required name=search_term_string\"}],\"inLanguage\":\"pt-BR\"},{\"@type\":\"WebPage\",\"@id\":\"https:\/\/abrelivros.org.br\/site\/usp-analisa-67-educacao-hibrida-complementa-e-nao-substitui-aulas-presenciais\/#webpage\",\"url\":\"https:\/\/abrelivros.org.br\/site\/usp-analisa-67-educacao-hibrida-complementa-e-nao-substitui-aulas-presenciais\/\",\"name\":\"USP Analisa #67: Educa\\u00e7\\u00e3o h\\u00edbrida complementa e n\\u00e3o substitui aulas presenciais &raquo; Abrelivros\",\"isPartOf\":{\"@id\":\"https:\/\/abrelivros.org.br\/site\/#website\"},\"datePublished\":\"2021-09-20T18:05:14+00:00\",\"dateModified\":\"2021-09-20T18:05:14+00:00\",\"author\":{\"@id\":\"https:\/\/abrelivros.org.br\/site\/#\/schema\/person\/65db80e26409802ce15ac5feec6a15fd\"},\"breadcrumb\":{\"@id\":\"https:\/\/abrelivros.org.br\/site\/usp-analisa-67-educacao-hibrida-complementa-e-nao-substitui-aulas-presenciais\/#breadcrumb\"},\"inLanguage\":\"pt-BR\",\"potentialAction\":[{\"@type\":\"ReadAction\",\"target\":[\"https:\/\/abrelivros.org.br\/site\/usp-analisa-67-educacao-hibrida-complementa-e-nao-substitui-aulas-presenciais\/\"]}]},{\"@type\":\"BreadcrumbList\",\"@id\":\"https:\/\/abrelivros.org.br\/site\/usp-analisa-67-educacao-hibrida-complementa-e-nao-substitui-aulas-presenciais\/#breadcrumb\",\"itemListElement\":[{\"@type\":\"ListItem\",\"position\":1,\"item\":{\"@type\":\"WebPage\",\"@id\":\"https:\/\/abrelivros.org.br\/site\/\",\"url\":\"https:\/\/abrelivros.org.br\/site\/\",\"name\":\"In\\u00edcio\"}},{\"@type\":\"ListItem\",\"position\":2,\"item\":{\"@type\":\"WebPage\",\"@id\":\"https:\/\/abrelivros.org.br\/site\/category\/noticias\/\",\"url\":\"https:\/\/abrelivros.org.br\/site\/category\/noticias\/\",\"name\":\"Not\\u00edcias\"}},{\"@type\":\"ListItem\",\"position\":3,\"item\":{\"@type\":\"WebPage\",\"@id\":\"https:\/\/abrelivros.org.br\/site\/category\/noticias\/noticias-da-imprensa\/\",\"url\":\"https:\/\/abrelivros.org.br\/site\/category\/noticias\/noticias-da-imprensa\/\",\"name\":\"Not\\u00edcias da imprensa\"}},{\"@type\":\"ListItem\",\"position\":4,\"item\":{\"@type\":\"WebPage\",\"@id\":\"https:\/\/abrelivros.org.br\/site\/usp-analisa-67-educacao-hibrida-complementa-e-nao-substitui-aulas-presenciais\/\",\"url\":\"https:\/\/abrelivros.org.br\/site\/usp-analisa-67-educacao-hibrida-complementa-e-nao-substitui-aulas-presenciais\/\",\"name\":\"USP Analisa #67: Educa\\u00e7\\u00e3o h\\u00edbrida complementa e n\\u00e3o substitui aulas presenciais\"}}]},{\"@type\":\"Person\",\"@id\":\"https:\/\/abrelivros.org.br\/site\/#\/schema\/person\/65db80e26409802ce15ac5feec6a15fd\",\"name\":\"Reda\\u00e7\\u00e3o Abrelivros\",\"image\":{\"@type\":\"ImageObject\",\"@id\":\"https:\/\/abrelivros.org.br\/site\/#personlogo\",\"inLanguage\":\"pt-BR\",\"url\":\"https:\/\/secure.gravatar.com\/avatar\/c4e57f9c7e3482965bd428192061218520756c39080b1d1820b679fa5e9af192?s=96&d=mm&r=g\",\"caption\":\"Reda\\u00e7\\u00e3o Abrelivros\"}}]}<\/script>\n<!-- \/ Yoast SEO plugin. -->","_links":{"self":[{"href":"https:\/\/abrelivros.org.br\/site\/wp-json\/wp\/v2\/posts\/14952","targetHints":{"allow":["GET"]}}],"collection":[{"href":"https:\/\/abrelivros.org.br\/site\/wp-json\/wp\/v2\/posts"}],"about":[{"href":"https:\/\/abrelivros.org.br\/site\/wp-json\/wp\/v2\/types\/post"}],"author":[{"embeddable":true,"href":"https:\/\/abrelivros.org.br\/site\/wp-json\/wp\/v2\/users\/4"}],"replies":[{"embeddable":true,"href":"https:\/\/abrelivros.org.br\/site\/wp-json\/wp\/v2\/comments?post=14952"}],"version-history":[{"count":1,"href":"https:\/\/abrelivros.org.br\/site\/wp-json\/wp\/v2\/posts\/14952\/revisions"}],"predecessor-version":[{"id":14953,"href":"https:\/\/abrelivros.org.br\/site\/wp-json\/wp\/v2\/posts\/14952\/revisions\/14953"}],"wp:attachment":[{"href":"https:\/\/abrelivros.org.br\/site\/wp-json\/wp\/v2\/media?parent=14952"}],"wp:term":[{"taxonomy":"category","embeddable":true,"href":"https:\/\/abrelivros.org.br\/site\/wp-json\/wp\/v2\/categories?post=14952"},{"taxonomy":"post_tag","embeddable":true,"href":"https:\/\/abrelivros.org.br\/site\/wp-json\/wp\/v2\/tags?post=14952"}],"curies":[{"name":"wp","href":"https:\/\/api.w.org\/{rel}","templated":true}]}}