{"id":14861,"date":"2021-09-08T15:21:09","date_gmt":"2021-09-08T18:21:09","guid":{"rendered":"https:\/\/abrelivros.org.br\/site\/?p=14861"},"modified":"2021-09-08T15:21:09","modified_gmt":"2021-09-08T18:21:09","slug":"bienal-do-livro-rio-o-futuro-que-a-gente-espera","status":"publish","type":"post","link":"https:\/\/abrelivros.org.br\/site\/bienal-do-livro-rio-o-futuro-que-a-gente-espera\/","title":{"rendered":"Bienal do Livro Rio: o futuro que a gente espera"},"content":{"rendered":"<p>Em artigo para o PublishNews, o presidente do SNEL defende a retomada da Bienal do Livro Rio em 2021: \u2018N\u00e3o \u00e9 s\u00f3 pela Bienal. \u00c9 pela causa. Pela cultura, pelo conhecimento, por tudo que a Bienal representa.\u2019; leia a \u00edntegra.<!--more--><\/p>\n<p>Abra\u00e7ar o planejamento de um evento com o porte e a hist\u00f3ria da Bienal do Livro Rio \u2013 que este ano chega \u00e0 sua 20\u00aa edi\u00e7\u00e3o \u2013 \u00e9 necessariamente uma decis\u00e3o tomada a partir de uma proje\u00e7\u00e3o de futuro, quaisquer que sejam as circunst\u00e2ncias. Neste momento global em que as incertezas s\u00e3o imperativas, o an\u00fancio de um festival presencial s\u00f3 pode partir da premissa de que as coisas v\u00e3o melhorar at\u00e9 l\u00e1. E foi o que levamos em considera\u00e7\u00e3o na escolha da data de 03 a 12 de dezembro de 2021: n\u00e3o uma expectativa excessivamente otimista, mas o avan\u00e7o da imuniza\u00e7\u00e3o que est\u00e1 em curso na cidade-sede.<\/p>\n<p>As pistas relevantes que temos: uma campanha de vacina\u00e7\u00e3o que caminha acelerada no Rio de Janeiro, com estimativa de que ampla maioria das pessoas de at\u00e9 12 anos tenha recebido pelo menos a primeira dose da vacina em meados de setembro e a segunda at\u00e9 a \u00e9poca da Bienal. O recorte local num primeiro momento nos parece satisfat\u00f3rio, uma vez que cariocas s\u00e3o o p\u00fablico frequentador majorit\u00e1rio do evento, sobretudo numa edi\u00e7\u00e3o que ser\u00e1 h\u00edbrida, com transmiss\u00e3o online das mesas e atra\u00e7\u00f5es em tempo real.<\/p>\n<p>Da parte da organiza\u00e7\u00e3o, um cen\u00e1rio favor\u00e1vel com riscos minimizados \u00e9 condi\u00e7\u00e3o imprescind\u00edvel para que a Bienal aconte\u00e7a. Somado a isso, medidas priorit\u00e1rias que est\u00e3o no campo do nosso dever e compromisso \u2013 adotadas em grandes eventos no Brasil e no mundo \u2013, como a exig\u00eancia do comprovante de vacina\u00e7\u00e3o completa do visitante, o acompanhamento de consultoria especializada em sa\u00fade, diretrizes de distanciamento e controle de fluxo de circula\u00e7\u00e3o, al\u00e9m de uma equipe de fiscaliza\u00e7\u00e3o espec\u00edfica para os protocolos de seguran\u00e7a, como o uso obrigat\u00f3rio da m\u00e1scara (o que \u00e9 rotina em shoppings e no com\u00e9rcio em geral, que j\u00e1 normalizaram o seu funcionamento).<\/p>\n<p>Estamos estipulando uma visita\u00e7\u00e3o de 300 mil pessoas, metade do p\u00fablico convencional da Bienal, e uma dura\u00e7\u00e3o de dez dias de evento, que ser\u00e3o divididos entre manh\u00e3 e tarde, para que o total de visitantes em qualquer turno n\u00e3o ultrapasse os 25 mil. O mesmo cuidado haver\u00e1 com a presen\u00e7a dos autores nacionais e internacionais, que participar\u00e3o da programa\u00e7\u00e3o local e remotamente.<\/p>\n<p>H\u00e1 um ano e meio, n\u00e3o s\u00f3 o setor de eventos como o mercado editorial e livreiro prepara e aguarda uma retomada. Quando ela deve acontecer? Resolvemos acreditar que ser\u00e1 poss\u00edvel dar o primeiro passo, desempenhando escuta ativa, e atentos a impress\u00f5es e cr\u00edticas. Uma tomada de decis\u00e3o delicada, mas n\u00e3o irrespons\u00e1vel e audaciosa, que consultou editores, livreiros, secretarias de educa\u00e7\u00e3o e \u00f3rg\u00e3os competentes da prefeitura.<\/p>\n<p>E por que n\u00e3o simplesmente adiar? Pela import\u00e2ncia que o evento tem n\u00e3o s\u00f3 para a cidade, mas tamb\u00e9m para a literatura e a cultura no pa\u00eds, especialmente nestes tempos. A Bienal \u00e9 a grande festa do livro. Passamos os \u00faltimos seis anos atravessando uma sequ\u00eancia de not\u00edcias negativas para o setor. Mas, nos \u00faltimos seis meses, e os n\u00fameros confirmam, temos presenciado a reconex\u00e3o das pessoas com os livros \u2013 o que s\u00f3 refor\u00e7a a miss\u00e3o e a raz\u00e3o de ser do evento: o incentivo \u00e0 leitura no Brasil. Por isso, \u00e9 muito marcante que esse seja um dos primeiros eventos culturais naquilo que esperamos ser uma fase de transi\u00e7\u00e3o gradativa para dias melhores. N\u00e3o \u00e9 s\u00f3 pela Bienal. \u00c9 pela causa. Pela cultura, pelo conhecimento, por tudo que a Bienal representa.<\/p>\n<p>\u00c9 importante notar que h\u00e1 uma grande dificuldade de encontrar um par\u00e2metro ou modelo, na busca por refer\u00eancias sobre o que acontece em outros lugares do mundo, a fim de estudar novos formatos para o evento, entender a mistura ideal entre o f\u00edsico e o digital, verificar a aplicabilidade e efic\u00e1cia dos protocolos de seguran\u00e7a. Fato que s\u00f3 refor\u00e7a a import\u00e2ncia e a pot\u00eancia da Bienal no seu papel inspiracional, desbravador e gerador de tend\u00eancias. A Bienal de 2021, com o marco das 20 edi\u00e7\u00f5es, acontecer\u00e1 sob estado de aten\u00e7\u00e3o ainda causado pela pandemia, mas abre perspectivas para a gesta\u00e7\u00e3o de avan\u00e7os significativos e de muitas novas hist\u00f3rias rumo ao futuro e a uma sempre renovada paix\u00e3o pelo livro.<\/p>\n<p>Desejamos que a Bienal continue representando a materializa\u00e7\u00e3o dos bons encontros que as hist\u00f3rias proporcionam. Neste caso, um (re)encontro muito sonhado: com os livros, com autores, com outros leitores, com personalidades todos os que tornam esse universo uma das partes mais auspiciosas da realidade atual. Para as editoras, o evento sempre trouxe uma exposi\u00e7\u00e3o extraordin\u00e1ria para as obras e uma troca direta com o p\u00fablico, que \u00e9 um dos grandes diferenciais para quem trabalha com livros e por eles. A nossa expectativa \u00e9 de que o retorno dessa visibilidade e do aquecimento das vendas que acontece de forma singular durante a Bienal possa marcar um novo cap\u00edtulo para o mercado editorial e o reconhecimento dos nossos esfor\u00e7os pessoais e profissionais para atravessarmos esse per\u00edodo.<\/p>\n<p>Marcos da Veiga Pereira<br \/>\nPresidente do Sindicato Nacional dos Editores de Livros (SNEL)<\/p>\n","protected":false},"excerpt":{"rendered":"<p>Em artigo para o PublishNews, o presidente do SNEL defende a retomada da Bienal do Livro Rio em 2021: \u2018N\u00e3o \u00e9 s\u00f3 pela Bienal. \u00c9 pela causa. Pela cultura, pelo conhecimento, por tudo que a Bienal representa.\u2019; leia a \u00edntegra.<\/p>\n","protected":false},"author":4,"featured_media":0,"comment_status":"closed","ping_status":"closed","sticky":false,"template":"","format":"standard","meta":{"footnotes":"","_links_to":"","_links_to_target":""},"categories":[9],"tags":[],"class_list":["post-14861","post","type-post","status-publish","format-standard","hentry","category-noticias-da-imprensa"],"yoast_head":"<!-- This site is optimized with the Yoast SEO plugin v15.1 - https:\/\/yoast.com\/wordpress\/plugins\/seo\/ -->\n<title>Bienal do Livro Rio: o futuro que a gente espera &raquo; Abrelivros<\/title>\n<meta name=\"robots\" content=\"index, follow, max-snippet:-1, max-image-preview:large, max-video-preview:-1\" \/>\n<link rel=\"canonical\" href=\"https:\/\/abrelivros.org.br\/site\/bienal-do-livro-rio-o-futuro-que-a-gente-espera\/\" \/>\n<meta property=\"og:locale\" content=\"pt_BR\" \/>\n<meta property=\"og:type\" content=\"article\" \/>\n<meta property=\"og:title\" content=\"Bienal do Livro Rio: o futuro que a gente espera &raquo; Abrelivros\" \/>\n<meta property=\"og:description\" content=\"Em artigo para o PublishNews, o presidente do SNEL defende a retomada da Bienal do Livro Rio em 2021: \u2018N\u00e3o \u00e9 s\u00f3 pela Bienal. \u00c9 pela causa. Pela cultura, pelo conhecimento, por tudo que a Bienal representa.\u2019; leia a \u00edntegra.\" \/>\n<meta property=\"og:url\" content=\"https:\/\/abrelivros.org.br\/site\/bienal-do-livro-rio-o-futuro-que-a-gente-espera\/\" \/>\n<meta property=\"og:site_name\" content=\"Abrelivros\" \/>\n<meta property=\"article:published_time\" content=\"2021-09-08T18:21:09+00:00\" \/>\n<meta name=\"twitter:card\" content=\"summary_large_image\" \/>\n<script type=\"application\/ld+json\" class=\"yoast-schema-graph\">{\"@context\":\"https:\/\/schema.org\",\"@graph\":[{\"@type\":\"WebSite\",\"@id\":\"https:\/\/abrelivros.org.br\/site\/#website\",\"url\":\"https:\/\/abrelivros.org.br\/site\/\",\"name\":\"Abrelivros\",\"description\":\"\",\"potentialAction\":[{\"@type\":\"SearchAction\",\"target\":\"https:\/\/abrelivros.org.br\/site\/?s={search_term_string}\",\"query-input\":\"required name=search_term_string\"}],\"inLanguage\":\"pt-BR\"},{\"@type\":\"WebPage\",\"@id\":\"https:\/\/abrelivros.org.br\/site\/bienal-do-livro-rio-o-futuro-que-a-gente-espera\/#webpage\",\"url\":\"https:\/\/abrelivros.org.br\/site\/bienal-do-livro-rio-o-futuro-que-a-gente-espera\/\",\"name\":\"Bienal do Livro Rio: o futuro que a gente espera &raquo; Abrelivros\",\"isPartOf\":{\"@id\":\"https:\/\/abrelivros.org.br\/site\/#website\"},\"datePublished\":\"2021-09-08T18:21:09+00:00\",\"dateModified\":\"2021-09-08T18:21:09+00:00\",\"author\":{\"@id\":\"https:\/\/abrelivros.org.br\/site\/#\/schema\/person\/65db80e26409802ce15ac5feec6a15fd\"},\"breadcrumb\":{\"@id\":\"https:\/\/abrelivros.org.br\/site\/bienal-do-livro-rio-o-futuro-que-a-gente-espera\/#breadcrumb\"},\"inLanguage\":\"pt-BR\",\"potentialAction\":[{\"@type\":\"ReadAction\",\"target\":[\"https:\/\/abrelivros.org.br\/site\/bienal-do-livro-rio-o-futuro-que-a-gente-espera\/\"]}]},{\"@type\":\"BreadcrumbList\",\"@id\":\"https:\/\/abrelivros.org.br\/site\/bienal-do-livro-rio-o-futuro-que-a-gente-espera\/#breadcrumb\",\"itemListElement\":[{\"@type\":\"ListItem\",\"position\":1,\"item\":{\"@type\":\"WebPage\",\"@id\":\"https:\/\/abrelivros.org.br\/site\/\",\"url\":\"https:\/\/abrelivros.org.br\/site\/\",\"name\":\"In\\u00edcio\"}},{\"@type\":\"ListItem\",\"position\":2,\"item\":{\"@type\":\"WebPage\",\"@id\":\"https:\/\/abrelivros.org.br\/site\/category\/noticias\/\",\"url\":\"https:\/\/abrelivros.org.br\/site\/category\/noticias\/\",\"name\":\"Not\\u00edcias\"}},{\"@type\":\"ListItem\",\"position\":3,\"item\":{\"@type\":\"WebPage\",\"@id\":\"https:\/\/abrelivros.org.br\/site\/category\/noticias\/noticias-da-imprensa\/\",\"url\":\"https:\/\/abrelivros.org.br\/site\/category\/noticias\/noticias-da-imprensa\/\",\"name\":\"Not\\u00edcias da imprensa\"}},{\"@type\":\"ListItem\",\"position\":4,\"item\":{\"@type\":\"WebPage\",\"@id\":\"https:\/\/abrelivros.org.br\/site\/bienal-do-livro-rio-o-futuro-que-a-gente-espera\/\",\"url\":\"https:\/\/abrelivros.org.br\/site\/bienal-do-livro-rio-o-futuro-que-a-gente-espera\/\",\"name\":\"Bienal do Livro Rio: o futuro que a gente espera\"}}]},{\"@type\":\"Person\",\"@id\":\"https:\/\/abrelivros.org.br\/site\/#\/schema\/person\/65db80e26409802ce15ac5feec6a15fd\",\"name\":\"Reda\\u00e7\\u00e3o Abrelivros\",\"image\":{\"@type\":\"ImageObject\",\"@id\":\"https:\/\/abrelivros.org.br\/site\/#personlogo\",\"inLanguage\":\"pt-BR\",\"url\":\"https:\/\/secure.gravatar.com\/avatar\/c4e57f9c7e3482965bd428192061218520756c39080b1d1820b679fa5e9af192?s=96&d=mm&r=g\",\"caption\":\"Reda\\u00e7\\u00e3o Abrelivros\"}}]}<\/script>\n<!-- \/ Yoast SEO plugin. -->","_links":{"self":[{"href":"https:\/\/abrelivros.org.br\/site\/wp-json\/wp\/v2\/posts\/14861","targetHints":{"allow":["GET"]}}],"collection":[{"href":"https:\/\/abrelivros.org.br\/site\/wp-json\/wp\/v2\/posts"}],"about":[{"href":"https:\/\/abrelivros.org.br\/site\/wp-json\/wp\/v2\/types\/post"}],"author":[{"embeddable":true,"href":"https:\/\/abrelivros.org.br\/site\/wp-json\/wp\/v2\/users\/4"}],"replies":[{"embeddable":true,"href":"https:\/\/abrelivros.org.br\/site\/wp-json\/wp\/v2\/comments?post=14861"}],"version-history":[{"count":1,"href":"https:\/\/abrelivros.org.br\/site\/wp-json\/wp\/v2\/posts\/14861\/revisions"}],"predecessor-version":[{"id":14862,"href":"https:\/\/abrelivros.org.br\/site\/wp-json\/wp\/v2\/posts\/14861\/revisions\/14862"}],"wp:attachment":[{"href":"https:\/\/abrelivros.org.br\/site\/wp-json\/wp\/v2\/media?parent=14861"}],"wp:term":[{"taxonomy":"category","embeddable":true,"href":"https:\/\/abrelivros.org.br\/site\/wp-json\/wp\/v2\/categories?post=14861"},{"taxonomy":"post_tag","embeddable":true,"href":"https:\/\/abrelivros.org.br\/site\/wp-json\/wp\/v2\/tags?post=14861"}],"curies":[{"name":"wp","href":"https:\/\/api.w.org\/{rel}","templated":true}]}}