{"id":14859,"date":"2021-09-08T15:16:45","date_gmt":"2021-09-08T18:16:45","guid":{"rendered":"https:\/\/abrelivros.org.br\/site\/?p=14859"},"modified":"2021-09-08T15:16:45","modified_gmt":"2021-09-08T18:16:45","slug":"mec-promoveu-o-primeiro-diagnostico-sobre-a-implementacao-da-bncc","status":"publish","type":"post","link":"https:\/\/abrelivros.org.br\/site\/mec-promoveu-o-primeiro-diagnostico-sobre-a-implementacao-da-bncc\/","title":{"rendered":"MEC promoveu o primeiro diagn\u00f3stico sobre a implementa\u00e7\u00e3o da BNCC"},"content":{"rendered":"<p>O Governo Federal est\u00e1 realizando, por meio da Secretaria de Educa\u00e7\u00e3o B\u00e1sica (SEB) do Minist\u00e9rio da Educa\u00e7\u00e3o (MEC) e do Centro de Pol\u00edticas P\u00fablicas e Avalia\u00e7\u00e3o da Educa\u00e7\u00e3o (CAEd) da Universidade Federal de Juiz de Fora (UFJF), a primeira Pesquisa de Avalia\u00e7\u00e3o e Monitoramento da Implementa\u00e7\u00e3o da Base Nacional Comum Curricular (BNCC).<!--more--><\/p>\n<p>Por meio de um Termo de Execu\u00e7\u00e3o Descentralizada (TED) com a UFJF, a SEB tem viabilizado a constru\u00e7\u00e3o colaborativa desse diagn\u00f3stico, com a aplica\u00e7\u00e3o de question\u00e1rios e entrevistas a dirigentes, gestores, coordenadores pedag\u00f3gicos, professores, estudantes e t\u00e9cnicos das redes de educa\u00e7\u00e3o de todo o pa\u00eds. A primeira etapa contou com a participa\u00e7\u00e3o de 24.262 entrevistados, que est\u00e3o distribu\u00eddos entre 2 mil escolas de 250 cidades do Brasil.<\/p>\n<p>O coordenador da pesquisa do CAEd, Marcelo Baumann, afirma que o objetivo principal \u00e9 avaliar a intensidade e o alcance do processo de mobiliza\u00e7\u00e3o em torno da implementa\u00e7\u00e3o da BNCC na educa\u00e7\u00e3o infantil e no ensino fundamental. &#8220;As informa\u00e7\u00f5es levantadas a partir de entrevistas com dirigentes estaduais e municipais de educa\u00e7\u00e3o, e as medidas produzidas a partir de question\u00e1rios aplicados junto aos profissionais das redes e das escolas estaduais e municipais, convergem no sentido de indicar que a BNCC j\u00e1 \u00e9 uma realidade no pa\u00eds, incidindo diretamente na forma pela qual os profissionais das redes p\u00fablicas de educa\u00e7\u00e3o infantil e do ensino fundamental organizam e pensam sua atividade (&#8230;)&#8221;, afirmou Baumann.<\/p>\n<p>Luiz Miguel Garcia, presidente da Uni\u00e3o Nacional dos Dirigentes Municipais de Educa\u00e7\u00e3o (Undime), contou que o material evidenciou que os educadores reconhecem na BNCC o instrumento para a organiza\u00e7\u00e3o da pr\u00e1tica docente e para a garantia dos direitos de aprendizagem dos estudantes. E completou que &#8220;isso garante a identidade e a liberdade do estudante brasileiro em todo o territ\u00f3rio nacional e permite o replanejamento de forma a minimizar e, em m\u00e9dio prazo, sanar as perdas decorrentes deste pedido de pandemia (&#8230;)&#8221;, afirmou Luiz Miguel.<\/p>\n<p>Nesse sentido, Alice Ribeiro, representante do Movimento pela Base, tamb\u00e9m afirmou que &#8220;o monitoramento oficial da implementa\u00e7\u00e3o da BNCC realizado pelo MEC, com apoio do CAEd\/UFJF, reconhece todo o trabalho que as redes municipais e estaduais t\u00eam feito para que essa pol\u00edtica estruturante vire realidade na ponta, desde 2018. A pesquisa \u00e9 inequ\u00edvoca em apontar que a BNCC-EI|EF de fato chegou \u00e0s escolas; que \u00e9 realidade n\u00e3o s\u00f3 do ponto de vista institucional e normativo, mas tamb\u00e9m do ponto de vista de mudan\u00e7a na pr\u00e1tica e cultura educacionais de dirigentes, t\u00e9cnicos, gestores escolares e, sobretudo, de professores de todo o pa\u00eds (&#8230;)&#8221;, finalizou Alice.<\/p>\n<p>A pesquisa est\u00e1 dispon\u00edvel na plataforma on-line de Monitoramento da BNCC. Al\u00e9m da pesquisa, a plataforma \u00e9 uma importante ferramenta de transpar\u00eancia para toda a sociedade e em breve contar\u00e1 com outros documentos e informa\u00e7\u00f5es sobre o monitoramento da BNCC, uma vez que a parceria prev\u00ea ainda outras etapas e relat\u00f3rios. <a href=\"https:\/\/plataformabncc.caeddigital.net\/\" target=\"_blank\" rel=\"noopener noreferrer\">Acesse<\/a>.<\/p>\n","protected":false},"excerpt":{"rendered":"<p>O Governo Federal est\u00e1 realizando, por meio da Secretaria de Educa\u00e7\u00e3o B\u00e1sica (SEB) do Minist\u00e9rio da Educa\u00e7\u00e3o (MEC) e do Centro de Pol\u00edticas P\u00fablicas e Avalia\u00e7\u00e3o da Educa\u00e7\u00e3o (CAEd) da Universidade Federal de Juiz de Fora (UFJF), a primeira Pesquisa de Avalia\u00e7\u00e3o e Monitoramento da Implementa\u00e7\u00e3o da Base Nacional Comum Curricular (BNCC).<\/p>\n","protected":false},"author":4,"featured_media":0,"comment_status":"closed","ping_status":"closed","sticky":false,"template":"","format":"standard","meta":{"footnotes":"","_links_to":"","_links_to_target":""},"categories":[9],"tags":[],"class_list":["post-14859","post","type-post","status-publish","format-standard","hentry","category-noticias-da-imprensa"],"yoast_head":"<!-- This site is optimized with the Yoast SEO plugin v15.1 - https:\/\/yoast.com\/wordpress\/plugins\/seo\/ -->\n<title>MEC promoveu o primeiro diagn\u00f3stico sobre a implementa\u00e7\u00e3o da BNCC &raquo; Abrelivros<\/title>\n<meta name=\"robots\" content=\"index, follow, max-snippet:-1, max-image-preview:large, max-video-preview:-1\" \/>\n<link rel=\"canonical\" href=\"https:\/\/abrelivros.org.br\/site\/mec-promoveu-o-primeiro-diagnostico-sobre-a-implementacao-da-bncc\/\" \/>\n<meta property=\"og:locale\" content=\"pt_BR\" \/>\n<meta property=\"og:type\" content=\"article\" \/>\n<meta property=\"og:title\" content=\"MEC promoveu o primeiro diagn\u00f3stico sobre a implementa\u00e7\u00e3o da BNCC &raquo; Abrelivros\" \/>\n<meta property=\"og:description\" content=\"O Governo Federal est\u00e1 realizando, por meio da Secretaria de Educa\u00e7\u00e3o B\u00e1sica (SEB) do Minist\u00e9rio da Educa\u00e7\u00e3o (MEC) e do Centro de Pol\u00edticas P\u00fablicas e Avalia\u00e7\u00e3o da Educa\u00e7\u00e3o (CAEd) da Universidade Federal de Juiz de Fora (UFJF), a primeira Pesquisa de Avalia\u00e7\u00e3o e Monitoramento da Implementa\u00e7\u00e3o da Base Nacional Comum Curricular (BNCC).\" \/>\n<meta property=\"og:url\" content=\"https:\/\/abrelivros.org.br\/site\/mec-promoveu-o-primeiro-diagnostico-sobre-a-implementacao-da-bncc\/\" \/>\n<meta property=\"og:site_name\" content=\"Abrelivros\" \/>\n<meta property=\"article:published_time\" content=\"2021-09-08T18:16:45+00:00\" \/>\n<meta name=\"twitter:card\" content=\"summary_large_image\" \/>\n<script type=\"application\/ld+json\" class=\"yoast-schema-graph\">{\"@context\":\"https:\/\/schema.org\",\"@graph\":[{\"@type\":\"WebSite\",\"@id\":\"https:\/\/abrelivros.org.br\/site\/#website\",\"url\":\"https:\/\/abrelivros.org.br\/site\/\",\"name\":\"Abrelivros\",\"description\":\"\",\"potentialAction\":[{\"@type\":\"SearchAction\",\"target\":\"https:\/\/abrelivros.org.br\/site\/?s={search_term_string}\",\"query-input\":\"required name=search_term_string\"}],\"inLanguage\":\"pt-BR\"},{\"@type\":\"WebPage\",\"@id\":\"https:\/\/abrelivros.org.br\/site\/mec-promoveu-o-primeiro-diagnostico-sobre-a-implementacao-da-bncc\/#webpage\",\"url\":\"https:\/\/abrelivros.org.br\/site\/mec-promoveu-o-primeiro-diagnostico-sobre-a-implementacao-da-bncc\/\",\"name\":\"MEC promoveu o primeiro diagn\\u00f3stico sobre a implementa\\u00e7\\u00e3o da BNCC &raquo; Abrelivros\",\"isPartOf\":{\"@id\":\"https:\/\/abrelivros.org.br\/site\/#website\"},\"datePublished\":\"2021-09-08T18:16:45+00:00\",\"dateModified\":\"2021-09-08T18:16:45+00:00\",\"author\":{\"@id\":\"https:\/\/abrelivros.org.br\/site\/#\/schema\/person\/65db80e26409802ce15ac5feec6a15fd\"},\"breadcrumb\":{\"@id\":\"https:\/\/abrelivros.org.br\/site\/mec-promoveu-o-primeiro-diagnostico-sobre-a-implementacao-da-bncc\/#breadcrumb\"},\"inLanguage\":\"pt-BR\",\"potentialAction\":[{\"@type\":\"ReadAction\",\"target\":[\"https:\/\/abrelivros.org.br\/site\/mec-promoveu-o-primeiro-diagnostico-sobre-a-implementacao-da-bncc\/\"]}]},{\"@type\":\"BreadcrumbList\",\"@id\":\"https:\/\/abrelivros.org.br\/site\/mec-promoveu-o-primeiro-diagnostico-sobre-a-implementacao-da-bncc\/#breadcrumb\",\"itemListElement\":[{\"@type\":\"ListItem\",\"position\":1,\"item\":{\"@type\":\"WebPage\",\"@id\":\"https:\/\/abrelivros.org.br\/site\/\",\"url\":\"https:\/\/abrelivros.org.br\/site\/\",\"name\":\"In\\u00edcio\"}},{\"@type\":\"ListItem\",\"position\":2,\"item\":{\"@type\":\"WebPage\",\"@id\":\"https:\/\/abrelivros.org.br\/site\/category\/noticias\/\",\"url\":\"https:\/\/abrelivros.org.br\/site\/category\/noticias\/\",\"name\":\"Not\\u00edcias\"}},{\"@type\":\"ListItem\",\"position\":3,\"item\":{\"@type\":\"WebPage\",\"@id\":\"https:\/\/abrelivros.org.br\/site\/category\/noticias\/noticias-da-imprensa\/\",\"url\":\"https:\/\/abrelivros.org.br\/site\/category\/noticias\/noticias-da-imprensa\/\",\"name\":\"Not\\u00edcias da imprensa\"}},{\"@type\":\"ListItem\",\"position\":4,\"item\":{\"@type\":\"WebPage\",\"@id\":\"https:\/\/abrelivros.org.br\/site\/mec-promoveu-o-primeiro-diagnostico-sobre-a-implementacao-da-bncc\/\",\"url\":\"https:\/\/abrelivros.org.br\/site\/mec-promoveu-o-primeiro-diagnostico-sobre-a-implementacao-da-bncc\/\",\"name\":\"MEC promoveu o primeiro diagn\\u00f3stico sobre a implementa\\u00e7\\u00e3o da BNCC\"}}]},{\"@type\":\"Person\",\"@id\":\"https:\/\/abrelivros.org.br\/site\/#\/schema\/person\/65db80e26409802ce15ac5feec6a15fd\",\"name\":\"Reda\\u00e7\\u00e3o Abrelivros\",\"image\":{\"@type\":\"ImageObject\",\"@id\":\"https:\/\/abrelivros.org.br\/site\/#personlogo\",\"inLanguage\":\"pt-BR\",\"url\":\"https:\/\/secure.gravatar.com\/avatar\/c4e57f9c7e3482965bd428192061218520756c39080b1d1820b679fa5e9af192?s=96&d=mm&r=g\",\"caption\":\"Reda\\u00e7\\u00e3o Abrelivros\"}}]}<\/script>\n<!-- \/ Yoast SEO plugin. -->","_links":{"self":[{"href":"https:\/\/abrelivros.org.br\/site\/wp-json\/wp\/v2\/posts\/14859","targetHints":{"allow":["GET"]}}],"collection":[{"href":"https:\/\/abrelivros.org.br\/site\/wp-json\/wp\/v2\/posts"}],"about":[{"href":"https:\/\/abrelivros.org.br\/site\/wp-json\/wp\/v2\/types\/post"}],"author":[{"embeddable":true,"href":"https:\/\/abrelivros.org.br\/site\/wp-json\/wp\/v2\/users\/4"}],"replies":[{"embeddable":true,"href":"https:\/\/abrelivros.org.br\/site\/wp-json\/wp\/v2\/comments?post=14859"}],"version-history":[{"count":1,"href":"https:\/\/abrelivros.org.br\/site\/wp-json\/wp\/v2\/posts\/14859\/revisions"}],"predecessor-version":[{"id":14860,"href":"https:\/\/abrelivros.org.br\/site\/wp-json\/wp\/v2\/posts\/14859\/revisions\/14860"}],"wp:attachment":[{"href":"https:\/\/abrelivros.org.br\/site\/wp-json\/wp\/v2\/media?parent=14859"}],"wp:term":[{"taxonomy":"category","embeddable":true,"href":"https:\/\/abrelivros.org.br\/site\/wp-json\/wp\/v2\/categories?post=14859"},{"taxonomy":"post_tag","embeddable":true,"href":"https:\/\/abrelivros.org.br\/site\/wp-json\/wp\/v2\/tags?post=14859"}],"curies":[{"name":"wp","href":"https:\/\/api.w.org\/{rel}","templated":true}]}}