{"id":14857,"date":"2021-09-03T13:13:38","date_gmt":"2021-09-03T16:13:38","guid":{"rendered":"https:\/\/abrelivros.org.br\/site\/?p=14857"},"modified":"2021-09-03T13:13:38","modified_gmt":"2021-09-03T16:13:38","slug":"pesquisa-producao-e-vendas-do-setor-editorial-brasileiro-ano-base-2020-ganha-estudo-detalhado","status":"publish","type":"post","link":"https:\/\/abrelivros.org.br\/site\/pesquisa-producao-e-vendas-do-setor-editorial-brasileiro-ano-base-2020-ganha-estudo-detalhado\/","title":{"rendered":"Pesquisa Produ\u00e7\u00e3o e Vendas do Setor Editorial Brasileiro ano-base 2020 ganha estudo detalhado"},"content":{"rendered":"<p>Por encomenda do Sindicato Nacional dos Editores de Livros (SNEL) e da C\u00e2mara Brasileira do Livro (CBL), a Nielsen Book preparou um estudo que detalha os n\u00fameros da pesquisa <a href=\"https:\/\/snel.org.br\/em-ano-marcado-pela-pandemia-subsetor-de-obras-gerais-registra-aumento-de-38-nas-vendas-ao-mercado\/\" target=\"_blank\" rel=\"noopener noreferrer\">Produ\u00e7\u00e3o e Vendas do Setor Editorial Brasileiro ano-base 2020, apresentada em maio deste ano<\/a>.<!--more--><\/p>\n<p>A edi\u00e7\u00e3o traz an\u00e1lises diretas e comparativas, sendo uma novidade o paralelo feito entre os resultados da pesquisa Produ\u00e7\u00e3o e Vendas e o <a href=\"https:\/\/snel.org.br\/pesquisas\/#1528207355291-9b386479-b54d\" target=\"_blank\" rel=\"noopener noreferrer\">Painel do Varejo da BookScan<\/a>, servi\u00e7o da Nielsen que monitora a venda de livros no Brasil, divulgado mensalmente pelo SNEL.<\/p>\n<p>Entre outras informa\u00e7\u00f5es, o documento analisa o crescimento de 84% da participa\u00e7\u00e3o de livrarias exclusivamente virtuais no faturamento das editoras e como esse desempenho afeta cada um dos quatro subsetores estudados (CTP, Did\u00e1ticos, Obras Gerais e Religiosos).<\/p>\n<p><a href=\"https:\/\/snel.org.br\/wp\/wp-content\/uploads\/2021\/09\/Paper_Producaoe-Vendas_anobase2020.pdf\" target=\"_blank\" rel=\"noopener noreferrer\">Clique aqui para acessar o estudo<\/a><\/p>\n<p>&nbsp;<\/p>\n","protected":false},"excerpt":{"rendered":"<p>Por encomenda do Sindicato Nacional dos Editores de Livros (SNEL) e da C\u00e2mara Brasileira do Livro (CBL), a Nielsen Book preparou um estudo que detalha os n\u00fameros da pesquisa Produ\u00e7\u00e3o e Vendas do Setor Editorial Brasileiro ano-base 2020, apresentada em maio deste ano.<\/p>\n","protected":false},"author":4,"featured_media":0,"comment_status":"closed","ping_status":"closed","sticky":false,"template":"","format":"standard","meta":{"footnotes":"","_links_to":"","_links_to_target":""},"categories":[9],"tags":[],"class_list":["post-14857","post","type-post","status-publish","format-standard","hentry","category-noticias-da-imprensa"],"yoast_head":"<!-- This site is optimized with the Yoast SEO plugin v15.1 - https:\/\/yoast.com\/wordpress\/plugins\/seo\/ -->\n<title>Pesquisa Produ\u00e7\u00e3o e Vendas do Setor Editorial Brasileiro ano-base 2020 ganha estudo detalhado &raquo; Abrelivros<\/title>\n<meta name=\"robots\" content=\"index, follow, max-snippet:-1, max-image-preview:large, max-video-preview:-1\" \/>\n<link rel=\"canonical\" href=\"https:\/\/abrelivros.org.br\/site\/pesquisa-producao-e-vendas-do-setor-editorial-brasileiro-ano-base-2020-ganha-estudo-detalhado\/\" \/>\n<meta property=\"og:locale\" content=\"pt_BR\" \/>\n<meta property=\"og:type\" content=\"article\" \/>\n<meta property=\"og:title\" content=\"Pesquisa Produ\u00e7\u00e3o e Vendas do Setor Editorial Brasileiro ano-base 2020 ganha estudo detalhado &raquo; Abrelivros\" \/>\n<meta property=\"og:description\" content=\"Por encomenda do Sindicato Nacional dos Editores de Livros (SNEL) e da C\u00e2mara Brasileira do Livro (CBL), a Nielsen Book preparou um estudo que detalha os n\u00fameros da pesquisa Produ\u00e7\u00e3o e Vendas do Setor Editorial Brasileiro ano-base 2020, apresentada em maio deste ano.\" \/>\n<meta property=\"og:url\" content=\"https:\/\/abrelivros.org.br\/site\/pesquisa-producao-e-vendas-do-setor-editorial-brasileiro-ano-base-2020-ganha-estudo-detalhado\/\" \/>\n<meta property=\"og:site_name\" content=\"Abrelivros\" \/>\n<meta property=\"article:published_time\" content=\"2021-09-03T16:13:38+00:00\" \/>\n<meta name=\"twitter:card\" content=\"summary_large_image\" \/>\n<script type=\"application\/ld+json\" class=\"yoast-schema-graph\">{\"@context\":\"https:\/\/schema.org\",\"@graph\":[{\"@type\":\"WebSite\",\"@id\":\"https:\/\/abrelivros.org.br\/site\/#website\",\"url\":\"https:\/\/abrelivros.org.br\/site\/\",\"name\":\"Abrelivros\",\"description\":\"\",\"potentialAction\":[{\"@type\":\"SearchAction\",\"target\":\"https:\/\/abrelivros.org.br\/site\/?s={search_term_string}\",\"query-input\":\"required name=search_term_string\"}],\"inLanguage\":\"pt-BR\"},{\"@type\":\"WebPage\",\"@id\":\"https:\/\/abrelivros.org.br\/site\/pesquisa-producao-e-vendas-do-setor-editorial-brasileiro-ano-base-2020-ganha-estudo-detalhado\/#webpage\",\"url\":\"https:\/\/abrelivros.org.br\/site\/pesquisa-producao-e-vendas-do-setor-editorial-brasileiro-ano-base-2020-ganha-estudo-detalhado\/\",\"name\":\"Pesquisa Produ\\u00e7\\u00e3o e Vendas do Setor Editorial Brasileiro ano-base 2020 ganha estudo detalhado &raquo; Abrelivros\",\"isPartOf\":{\"@id\":\"https:\/\/abrelivros.org.br\/site\/#website\"},\"datePublished\":\"2021-09-03T16:13:38+00:00\",\"dateModified\":\"2021-09-03T16:13:38+00:00\",\"author\":{\"@id\":\"https:\/\/abrelivros.org.br\/site\/#\/schema\/person\/65db80e26409802ce15ac5feec6a15fd\"},\"breadcrumb\":{\"@id\":\"https:\/\/abrelivros.org.br\/site\/pesquisa-producao-e-vendas-do-setor-editorial-brasileiro-ano-base-2020-ganha-estudo-detalhado\/#breadcrumb\"},\"inLanguage\":\"pt-BR\",\"potentialAction\":[{\"@type\":\"ReadAction\",\"target\":[\"https:\/\/abrelivros.org.br\/site\/pesquisa-producao-e-vendas-do-setor-editorial-brasileiro-ano-base-2020-ganha-estudo-detalhado\/\"]}]},{\"@type\":\"BreadcrumbList\",\"@id\":\"https:\/\/abrelivros.org.br\/site\/pesquisa-producao-e-vendas-do-setor-editorial-brasileiro-ano-base-2020-ganha-estudo-detalhado\/#breadcrumb\",\"itemListElement\":[{\"@type\":\"ListItem\",\"position\":1,\"item\":{\"@type\":\"WebPage\",\"@id\":\"https:\/\/abrelivros.org.br\/site\/\",\"url\":\"https:\/\/abrelivros.org.br\/site\/\",\"name\":\"In\\u00edcio\"}},{\"@type\":\"ListItem\",\"position\":2,\"item\":{\"@type\":\"WebPage\",\"@id\":\"https:\/\/abrelivros.org.br\/site\/category\/noticias\/\",\"url\":\"https:\/\/abrelivros.org.br\/site\/category\/noticias\/\",\"name\":\"Not\\u00edcias\"}},{\"@type\":\"ListItem\",\"position\":3,\"item\":{\"@type\":\"WebPage\",\"@id\":\"https:\/\/abrelivros.org.br\/site\/category\/noticias\/noticias-da-imprensa\/\",\"url\":\"https:\/\/abrelivros.org.br\/site\/category\/noticias\/noticias-da-imprensa\/\",\"name\":\"Not\\u00edcias da imprensa\"}},{\"@type\":\"ListItem\",\"position\":4,\"item\":{\"@type\":\"WebPage\",\"@id\":\"https:\/\/abrelivros.org.br\/site\/pesquisa-producao-e-vendas-do-setor-editorial-brasileiro-ano-base-2020-ganha-estudo-detalhado\/\",\"url\":\"https:\/\/abrelivros.org.br\/site\/pesquisa-producao-e-vendas-do-setor-editorial-brasileiro-ano-base-2020-ganha-estudo-detalhado\/\",\"name\":\"Pesquisa Produ\\u00e7\\u00e3o e Vendas do Setor Editorial Brasileiro ano-base 2020 ganha estudo detalhado\"}}]},{\"@type\":\"Person\",\"@id\":\"https:\/\/abrelivros.org.br\/site\/#\/schema\/person\/65db80e26409802ce15ac5feec6a15fd\",\"name\":\"Reda\\u00e7\\u00e3o Abrelivros\",\"image\":{\"@type\":\"ImageObject\",\"@id\":\"https:\/\/abrelivros.org.br\/site\/#personlogo\",\"inLanguage\":\"pt-BR\",\"url\":\"https:\/\/secure.gravatar.com\/avatar\/c4e57f9c7e3482965bd428192061218520756c39080b1d1820b679fa5e9af192?s=96&d=mm&r=g\",\"caption\":\"Reda\\u00e7\\u00e3o Abrelivros\"}}]}<\/script>\n<!-- \/ Yoast SEO plugin. -->","_links":{"self":[{"href":"https:\/\/abrelivros.org.br\/site\/wp-json\/wp\/v2\/posts\/14857","targetHints":{"allow":["GET"]}}],"collection":[{"href":"https:\/\/abrelivros.org.br\/site\/wp-json\/wp\/v2\/posts"}],"about":[{"href":"https:\/\/abrelivros.org.br\/site\/wp-json\/wp\/v2\/types\/post"}],"author":[{"embeddable":true,"href":"https:\/\/abrelivros.org.br\/site\/wp-json\/wp\/v2\/users\/4"}],"replies":[{"embeddable":true,"href":"https:\/\/abrelivros.org.br\/site\/wp-json\/wp\/v2\/comments?post=14857"}],"version-history":[{"count":1,"href":"https:\/\/abrelivros.org.br\/site\/wp-json\/wp\/v2\/posts\/14857\/revisions"}],"predecessor-version":[{"id":14858,"href":"https:\/\/abrelivros.org.br\/site\/wp-json\/wp\/v2\/posts\/14857\/revisions\/14858"}],"wp:attachment":[{"href":"https:\/\/abrelivros.org.br\/site\/wp-json\/wp\/v2\/media?parent=14857"}],"wp:term":[{"taxonomy":"category","embeddable":true,"href":"https:\/\/abrelivros.org.br\/site\/wp-json\/wp\/v2\/categories?post=14857"},{"taxonomy":"post_tag","embeddable":true,"href":"https:\/\/abrelivros.org.br\/site\/wp-json\/wp\/v2\/tags?post=14857"}],"curies":[{"name":"wp","href":"https:\/\/api.w.org\/{rel}","templated":true}]}}