{"id":14855,"date":"2021-09-03T13:09:35","date_gmt":"2021-09-03T16:09:35","guid":{"rendered":"https:\/\/abrelivros.org.br\/site\/?p=14855"},"modified":"2021-09-03T13:09:35","modified_gmt":"2021-09-03T16:09:35","slug":"comissao-debate-indicadores-para-a-educacao-infantil","status":"publish","type":"post","link":"https:\/\/abrelivros.org.br\/site\/comissao-debate-indicadores-para-a-educacao-infantil\/","title":{"rendered":"Comiss\u00e3o debate indicadores para a educa\u00e7\u00e3o infantil"},"content":{"rendered":"<p>A Comiss\u00e3o de Educa\u00e7\u00e3o da C\u00e2mara dos Deputados promove nesta sexta-feira (3) audi\u00eancia p\u00fablica sobre o tema &#8220;Fundeb: Indicador para a Educa\u00e7\u00e3o Infantil&#8221;. O debate atende a requerimento da deputada <a href=\"https:\/\/www.camara.leg.br\/deputados\/204467\" target=\"_blank\" rel=\"noopener noreferrer\">Rosa Neide (PT-MT)<\/a>.<!--more--><\/p>\n<p>A deputada destaca que \u00e9 necess\u00e1rio prosseguir com o debate acerca do desenho operacional do Fundo de Manuten\u00e7\u00e3o e Desenvolvimento da Educa\u00e7\u00e3o B\u00e1sica e de Valoriza\u00e7\u00e3o dos Profissionais da Educa\u00e7\u00e3o (Fundeb), especialmente no que se refere aos indicadores para a educa\u00e7\u00e3o infantil. Ela entende que esses indicadores assumem \u201co lugar de prioridade no novo fundo e das novas pondera\u00e7\u00f5es que visam torn\u00e1-lo mais equitativo\u201d.<\/p>\n<p>Foram convidados:<br \/>\n&#8211; o especialista em Pol\u00edticas P\u00fablicas e Gest\u00e3o Governamental da Diretoria de Estudos Educacionais do Instituto Nacional de Estudos e Pesquisas Educacionais An\u00edsio Teixeira (Inep), Armando Amorim Sim\u00f5es;<br \/>\n&#8211; o presidente da Uni\u00e3o Nacional dos Dirigentes Municipais de Educa\u00e7\u00e3o (Undime) Regi\u00e3o Nordeste, Alessio Costa Lima;<br \/>\n&#8211; a coordenadora-Geral da Campanha Nacional pelo Direito \u00e0 Educa\u00e7\u00e3o, Andressa Pellanda;<br \/>\n&#8211; o presidente da Confedera\u00e7\u00e3o Nacional dos Munic\u00edpios (CNM), Paulo Ziulkoski.<br \/>\nTransmiss\u00e3o pelo YouTube da C\u00e2mara<\/p>\n<p>A reuni\u00e3o ser\u00e1 realizada \u00e0s 9 horas, no plen\u00e1rio 14. <a href=\"https:\/\/edemocracia.camara.leg.br\/audiencias\/sala\/2199\" target=\"_blank\" rel=\"noopener noreferrer\">O p\u00fablico pode acompanhar o debate e participar da discuss\u00e3o pela internet<\/a>.<\/p>\n","protected":false},"excerpt":{"rendered":"<p>A Comiss\u00e3o de Educa\u00e7\u00e3o da C\u00e2mara dos Deputados promove nesta sexta-feira (3) audi\u00eancia p\u00fablica sobre o tema &#8220;Fundeb: Indicador para a Educa\u00e7\u00e3o Infantil&#8221;. O debate atende a requerimento da deputada Rosa Neide (PT-MT).<\/p>\n","protected":false},"author":4,"featured_media":0,"comment_status":"closed","ping_status":"closed","sticky":false,"template":"","format":"standard","meta":{"footnotes":"","_links_to":"","_links_to_target":""},"categories":[9],"tags":[],"class_list":["post-14855","post","type-post","status-publish","format-standard","hentry","category-noticias-da-imprensa"],"yoast_head":"<!-- This site is optimized with the Yoast SEO plugin v15.1 - https:\/\/yoast.com\/wordpress\/plugins\/seo\/ -->\n<title>Comiss\u00e3o debate indicadores para a educa\u00e7\u00e3o infantil &raquo; Abrelivros<\/title>\n<meta name=\"robots\" content=\"index, follow, max-snippet:-1, max-image-preview:large, max-video-preview:-1\" \/>\n<link rel=\"canonical\" href=\"https:\/\/abrelivros.org.br\/site\/comissao-debate-indicadores-para-a-educacao-infantil\/\" \/>\n<meta property=\"og:locale\" content=\"pt_BR\" \/>\n<meta property=\"og:type\" content=\"article\" \/>\n<meta property=\"og:title\" content=\"Comiss\u00e3o debate indicadores para a educa\u00e7\u00e3o infantil &raquo; Abrelivros\" \/>\n<meta property=\"og:description\" content=\"A Comiss\u00e3o de Educa\u00e7\u00e3o da C\u00e2mara dos Deputados promove nesta sexta-feira (3) audi\u00eancia p\u00fablica sobre o tema &#8220;Fundeb: Indicador para a Educa\u00e7\u00e3o Infantil&#8221;. O debate atende a requerimento da deputada Rosa Neide (PT-MT).\" \/>\n<meta property=\"og:url\" content=\"https:\/\/abrelivros.org.br\/site\/comissao-debate-indicadores-para-a-educacao-infantil\/\" \/>\n<meta property=\"og:site_name\" content=\"Abrelivros\" \/>\n<meta property=\"article:published_time\" content=\"2021-09-03T16:09:35+00:00\" \/>\n<meta name=\"twitter:card\" content=\"summary_large_image\" \/>\n<script type=\"application\/ld+json\" class=\"yoast-schema-graph\">{\"@context\":\"https:\/\/schema.org\",\"@graph\":[{\"@type\":\"WebSite\",\"@id\":\"https:\/\/abrelivros.org.br\/site\/#website\",\"url\":\"https:\/\/abrelivros.org.br\/site\/\",\"name\":\"Abrelivros\",\"description\":\"\",\"potentialAction\":[{\"@type\":\"SearchAction\",\"target\":\"https:\/\/abrelivros.org.br\/site\/?s={search_term_string}\",\"query-input\":\"required name=search_term_string\"}],\"inLanguage\":\"pt-BR\"},{\"@type\":\"WebPage\",\"@id\":\"https:\/\/abrelivros.org.br\/site\/comissao-debate-indicadores-para-a-educacao-infantil\/#webpage\",\"url\":\"https:\/\/abrelivros.org.br\/site\/comissao-debate-indicadores-para-a-educacao-infantil\/\",\"name\":\"Comiss\\u00e3o debate indicadores para a educa\\u00e7\\u00e3o infantil &raquo; Abrelivros\",\"isPartOf\":{\"@id\":\"https:\/\/abrelivros.org.br\/site\/#website\"},\"datePublished\":\"2021-09-03T16:09:35+00:00\",\"dateModified\":\"2021-09-03T16:09:35+00:00\",\"author\":{\"@id\":\"https:\/\/abrelivros.org.br\/site\/#\/schema\/person\/65db80e26409802ce15ac5feec6a15fd\"},\"breadcrumb\":{\"@id\":\"https:\/\/abrelivros.org.br\/site\/comissao-debate-indicadores-para-a-educacao-infantil\/#breadcrumb\"},\"inLanguage\":\"pt-BR\",\"potentialAction\":[{\"@type\":\"ReadAction\",\"target\":[\"https:\/\/abrelivros.org.br\/site\/comissao-debate-indicadores-para-a-educacao-infantil\/\"]}]},{\"@type\":\"BreadcrumbList\",\"@id\":\"https:\/\/abrelivros.org.br\/site\/comissao-debate-indicadores-para-a-educacao-infantil\/#breadcrumb\",\"itemListElement\":[{\"@type\":\"ListItem\",\"position\":1,\"item\":{\"@type\":\"WebPage\",\"@id\":\"https:\/\/abrelivros.org.br\/site\/\",\"url\":\"https:\/\/abrelivros.org.br\/site\/\",\"name\":\"In\\u00edcio\"}},{\"@type\":\"ListItem\",\"position\":2,\"item\":{\"@type\":\"WebPage\",\"@id\":\"https:\/\/abrelivros.org.br\/site\/category\/noticias\/\",\"url\":\"https:\/\/abrelivros.org.br\/site\/category\/noticias\/\",\"name\":\"Not\\u00edcias\"}},{\"@type\":\"ListItem\",\"position\":3,\"item\":{\"@type\":\"WebPage\",\"@id\":\"https:\/\/abrelivros.org.br\/site\/category\/noticias\/noticias-da-imprensa\/\",\"url\":\"https:\/\/abrelivros.org.br\/site\/category\/noticias\/noticias-da-imprensa\/\",\"name\":\"Not\\u00edcias da imprensa\"}},{\"@type\":\"ListItem\",\"position\":4,\"item\":{\"@type\":\"WebPage\",\"@id\":\"https:\/\/abrelivros.org.br\/site\/comissao-debate-indicadores-para-a-educacao-infantil\/\",\"url\":\"https:\/\/abrelivros.org.br\/site\/comissao-debate-indicadores-para-a-educacao-infantil\/\",\"name\":\"Comiss\\u00e3o debate indicadores para a educa\\u00e7\\u00e3o infantil\"}}]},{\"@type\":\"Person\",\"@id\":\"https:\/\/abrelivros.org.br\/site\/#\/schema\/person\/65db80e26409802ce15ac5feec6a15fd\",\"name\":\"Reda\\u00e7\\u00e3o Abrelivros\",\"image\":{\"@type\":\"ImageObject\",\"@id\":\"https:\/\/abrelivros.org.br\/site\/#personlogo\",\"inLanguage\":\"pt-BR\",\"url\":\"https:\/\/secure.gravatar.com\/avatar\/c4e57f9c7e3482965bd428192061218520756c39080b1d1820b679fa5e9af192?s=96&d=mm&r=g\",\"caption\":\"Reda\\u00e7\\u00e3o Abrelivros\"}}]}<\/script>\n<!-- \/ Yoast SEO plugin. -->","_links":{"self":[{"href":"https:\/\/abrelivros.org.br\/site\/wp-json\/wp\/v2\/posts\/14855","targetHints":{"allow":["GET"]}}],"collection":[{"href":"https:\/\/abrelivros.org.br\/site\/wp-json\/wp\/v2\/posts"}],"about":[{"href":"https:\/\/abrelivros.org.br\/site\/wp-json\/wp\/v2\/types\/post"}],"author":[{"embeddable":true,"href":"https:\/\/abrelivros.org.br\/site\/wp-json\/wp\/v2\/users\/4"}],"replies":[{"embeddable":true,"href":"https:\/\/abrelivros.org.br\/site\/wp-json\/wp\/v2\/comments?post=14855"}],"version-history":[{"count":1,"href":"https:\/\/abrelivros.org.br\/site\/wp-json\/wp\/v2\/posts\/14855\/revisions"}],"predecessor-version":[{"id":14856,"href":"https:\/\/abrelivros.org.br\/site\/wp-json\/wp\/v2\/posts\/14855\/revisions\/14856"}],"wp:attachment":[{"href":"https:\/\/abrelivros.org.br\/site\/wp-json\/wp\/v2\/media?parent=14855"}],"wp:term":[{"taxonomy":"category","embeddable":true,"href":"https:\/\/abrelivros.org.br\/site\/wp-json\/wp\/v2\/categories?post=14855"},{"taxonomy":"post_tag","embeddable":true,"href":"https:\/\/abrelivros.org.br\/site\/wp-json\/wp\/v2\/tags?post=14855"}],"curies":[{"name":"wp","href":"https:\/\/api.w.org\/{rel}","templated":true}]}}