{"id":14853,"date":"2021-09-03T13:04:48","date_gmt":"2021-09-03T16:04:48","guid":{"rendered":"https:\/\/abrelivros.org.br\/site\/?p=14853"},"modified":"2021-09-03T13:04:48","modified_gmt":"2021-09-03T16:04:48","slug":"debatedores-elogiam-senado-por-fazer-avancar-sistema-nacional-de-educacao","status":"publish","type":"post","link":"https:\/\/abrelivros.org.br\/site\/debatedores-elogiam-senado-por-fazer-avancar-sistema-nacional-de-educacao\/","title":{"rendered":"Debatedores elogiam Senado por fazer avan\u00e7ar Sistema Nacional de Educa\u00e7\u00e3o"},"content":{"rendered":"<p>A necessidade ainda maior de instituir o Sistema Nacional de Educa\u00e7\u00e3o (SNE), em raz\u00e3o do impacto da covid-19 sobre o ensino, foi unanimidade em sess\u00e3o tem\u00e1tica remota nesta sexta-feira (3). Os debatedores elogiaram o Senado pelo esfor\u00e7o para fazer avan\u00e7ar o SNE.<!--more--><\/p>\n<p>O SNE deveria ter sido criado at\u00e9 junho de 2016, como previsto no Plano Nacional de Educa\u00e7\u00e3o (<a href=\"http:\/\/www.planalto.gov.br\/ccivil_03\/_ato2011-2014\/2014\/lei\/l13005.htm\" target=\"_blank\" rel=\"noopener noreferrer\">Lei 13.005, de 2014<\/a>). O <a href=\"https:\/\/www25.senado.leg.br\/web\/atividade\/materias\/-\/materia\/139285\" target=\"_blank\" rel=\"noopener noreferrer\">Projeto de Lei Complementar 235\/2019<\/a>, do senador Fl\u00e1vio Arns (Rede-PR), busca corrigir essa omiss\u00e3o. O relator \u00e9 do senador D\u00e1rio Berger (MDB-SC), um dos participantes da sess\u00e3o.<\/p>\n<p>O sistema visa criar padr\u00f5es para as institui\u00e7\u00f5es de ensino em todos os n\u00edveis, aumentando a coopera\u00e7\u00e3o entre Uni\u00e3o, estados e munic\u00edpios e ajudando a cumprir o previsto no artigo 206 da Constitui\u00e7\u00e3o. Esse artigo inclui, entre os princ\u00edpios segundo os quais o ensino ser\u00e1 ministrado, a igualdade de condi\u00e7\u00f5es para acesso e perman\u00eancia na escola e a garantia de um padr\u00e3o de qualidade.<\/p>\n<p>Presidindo a sess\u00e3o, o senador Marcelo Castro (MDB-PI), que tamb\u00e9m preside a Comiss\u00e3o de Educa\u00e7\u00e3o (CE), defendeu o projeto como uma &#8220;importante pol\u00edtica p\u00fablica&#8221;:<\/p>\n<p>\u2014 A proposta que avaliamos neste momento \u00e9 abrangente, plural e justa. E \u00e9, para al\u00e9m de um aprimoramento legal, uma exorta\u00e7\u00e3o ao di\u00e1logo, \u00e0 concerta\u00e7\u00e3o de esfor\u00e7os e \u00e0 pr\u00f3pria forma federativa de organiza\u00e7\u00e3o do Estado \u2014 disse o senador piauiense.<\/p>\n<p>Participaram do debate representantes do governo, de entidades representantes de professores, de estudantes e de servidores do ensino, al\u00e9m de organiza\u00e7\u00f5es n\u00e3o governamentais. Todos apoiaram a cria\u00e7\u00e3o do Sistema Nacional de Educa\u00e7\u00e3o como forma de combater a desigualdade no ensino, agravada pela pandemia.<\/p>\n<p>Foram feitas diversas sugest\u00f5es ao relat\u00f3rio, acolhidas por D\u00e1rio Berger:<\/p>\n<p>\u2014 Na minha vida, sempre prezei pelo di\u00e1logo. Sendo assim, estamos na terceira vers\u00e3o do nosso relat\u00f3rio, construindo ap\u00f3s mais de 50 reuni\u00f5es com as mais diversas entidades, associa\u00e7\u00f5es e especialistas em educa\u00e7\u00e3o. Passaremos a uma nova fase, que \u00e9 a de pautar o projeto no Plen\u00e1rio, cientes de que estaremos dando uma grande contribui\u00e7\u00e3o rumo \u00e0 educa\u00e7\u00e3o organizada e de qualidade \u2014 ressaltou o senador.<\/p>\n<p>Berger e outros debatedores lembraram que as primeiras tentativas de criar um sistema nacional de educa\u00e7\u00e3o datam de quase cem anos atr\u00e1s, com a publica\u00e7\u00e3o, em 1932, do Manifesto dos Pioneiros da Educa\u00e7\u00e3o Nova.<\/p>\n","protected":false},"excerpt":{"rendered":"<p>A necessidade ainda maior de instituir o Sistema Nacional de Educa\u00e7\u00e3o (SNE), em raz\u00e3o do impacto da covid-19 sobre o ensino, foi unanimidade em sess\u00e3o tem\u00e1tica remota nesta sexta-feira (3). Os debatedores elogiaram o Senado pelo esfor\u00e7o para fazer avan\u00e7ar o SNE.<\/p>\n","protected":false},"author":4,"featured_media":0,"comment_status":"closed","ping_status":"closed","sticky":false,"template":"","format":"standard","meta":{"footnotes":"","_links_to":"","_links_to_target":""},"categories":[9],"tags":[],"class_list":["post-14853","post","type-post","status-publish","format-standard","hentry","category-noticias-da-imprensa"],"yoast_head":"<!-- This site is optimized with the Yoast SEO plugin v15.1 - https:\/\/yoast.com\/wordpress\/plugins\/seo\/ -->\n<title>Debatedores elogiam Senado por fazer avan\u00e7ar Sistema Nacional de Educa\u00e7\u00e3o &raquo; Abrelivros<\/title>\n<meta name=\"robots\" content=\"index, follow, max-snippet:-1, max-image-preview:large, max-video-preview:-1\" \/>\n<link rel=\"canonical\" href=\"https:\/\/abrelivros.org.br\/site\/debatedores-elogiam-senado-por-fazer-avancar-sistema-nacional-de-educacao\/\" \/>\n<meta property=\"og:locale\" content=\"pt_BR\" \/>\n<meta property=\"og:type\" content=\"article\" \/>\n<meta property=\"og:title\" content=\"Debatedores elogiam Senado por fazer avan\u00e7ar Sistema Nacional de Educa\u00e7\u00e3o &raquo; Abrelivros\" \/>\n<meta property=\"og:description\" content=\"A necessidade ainda maior de instituir o Sistema Nacional de Educa\u00e7\u00e3o (SNE), em raz\u00e3o do impacto da covid-19 sobre o ensino, foi unanimidade em sess\u00e3o tem\u00e1tica remota nesta sexta-feira (3). Os debatedores elogiaram o Senado pelo esfor\u00e7o para fazer avan\u00e7ar o SNE.\" \/>\n<meta property=\"og:url\" content=\"https:\/\/abrelivros.org.br\/site\/debatedores-elogiam-senado-por-fazer-avancar-sistema-nacional-de-educacao\/\" \/>\n<meta property=\"og:site_name\" content=\"Abrelivros\" \/>\n<meta property=\"article:published_time\" content=\"2021-09-03T16:04:48+00:00\" \/>\n<meta name=\"twitter:card\" content=\"summary_large_image\" \/>\n<script type=\"application\/ld+json\" class=\"yoast-schema-graph\">{\"@context\":\"https:\/\/schema.org\",\"@graph\":[{\"@type\":\"WebSite\",\"@id\":\"https:\/\/abrelivros.org.br\/site\/#website\",\"url\":\"https:\/\/abrelivros.org.br\/site\/\",\"name\":\"Abrelivros\",\"description\":\"\",\"potentialAction\":[{\"@type\":\"SearchAction\",\"target\":\"https:\/\/abrelivros.org.br\/site\/?s={search_term_string}\",\"query-input\":\"required name=search_term_string\"}],\"inLanguage\":\"pt-BR\"},{\"@type\":\"WebPage\",\"@id\":\"https:\/\/abrelivros.org.br\/site\/debatedores-elogiam-senado-por-fazer-avancar-sistema-nacional-de-educacao\/#webpage\",\"url\":\"https:\/\/abrelivros.org.br\/site\/debatedores-elogiam-senado-por-fazer-avancar-sistema-nacional-de-educacao\/\",\"name\":\"Debatedores elogiam Senado por fazer avan\\u00e7ar Sistema Nacional de Educa\\u00e7\\u00e3o &raquo; Abrelivros\",\"isPartOf\":{\"@id\":\"https:\/\/abrelivros.org.br\/site\/#website\"},\"datePublished\":\"2021-09-03T16:04:48+00:00\",\"dateModified\":\"2021-09-03T16:04:48+00:00\",\"author\":{\"@id\":\"https:\/\/abrelivros.org.br\/site\/#\/schema\/person\/65db80e26409802ce15ac5feec6a15fd\"},\"breadcrumb\":{\"@id\":\"https:\/\/abrelivros.org.br\/site\/debatedores-elogiam-senado-por-fazer-avancar-sistema-nacional-de-educacao\/#breadcrumb\"},\"inLanguage\":\"pt-BR\",\"potentialAction\":[{\"@type\":\"ReadAction\",\"target\":[\"https:\/\/abrelivros.org.br\/site\/debatedores-elogiam-senado-por-fazer-avancar-sistema-nacional-de-educacao\/\"]}]},{\"@type\":\"BreadcrumbList\",\"@id\":\"https:\/\/abrelivros.org.br\/site\/debatedores-elogiam-senado-por-fazer-avancar-sistema-nacional-de-educacao\/#breadcrumb\",\"itemListElement\":[{\"@type\":\"ListItem\",\"position\":1,\"item\":{\"@type\":\"WebPage\",\"@id\":\"https:\/\/abrelivros.org.br\/site\/\",\"url\":\"https:\/\/abrelivros.org.br\/site\/\",\"name\":\"In\\u00edcio\"}},{\"@type\":\"ListItem\",\"position\":2,\"item\":{\"@type\":\"WebPage\",\"@id\":\"https:\/\/abrelivros.org.br\/site\/category\/noticias\/\",\"url\":\"https:\/\/abrelivros.org.br\/site\/category\/noticias\/\",\"name\":\"Not\\u00edcias\"}},{\"@type\":\"ListItem\",\"position\":3,\"item\":{\"@type\":\"WebPage\",\"@id\":\"https:\/\/abrelivros.org.br\/site\/category\/noticias\/noticias-da-imprensa\/\",\"url\":\"https:\/\/abrelivros.org.br\/site\/category\/noticias\/noticias-da-imprensa\/\",\"name\":\"Not\\u00edcias da imprensa\"}},{\"@type\":\"ListItem\",\"position\":4,\"item\":{\"@type\":\"WebPage\",\"@id\":\"https:\/\/abrelivros.org.br\/site\/debatedores-elogiam-senado-por-fazer-avancar-sistema-nacional-de-educacao\/\",\"url\":\"https:\/\/abrelivros.org.br\/site\/debatedores-elogiam-senado-por-fazer-avancar-sistema-nacional-de-educacao\/\",\"name\":\"Debatedores elogiam Senado por fazer avan\\u00e7ar Sistema Nacional de Educa\\u00e7\\u00e3o\"}}]},{\"@type\":\"Person\",\"@id\":\"https:\/\/abrelivros.org.br\/site\/#\/schema\/person\/65db80e26409802ce15ac5feec6a15fd\",\"name\":\"Reda\\u00e7\\u00e3o Abrelivros\",\"image\":{\"@type\":\"ImageObject\",\"@id\":\"https:\/\/abrelivros.org.br\/site\/#personlogo\",\"inLanguage\":\"pt-BR\",\"url\":\"https:\/\/secure.gravatar.com\/avatar\/c4e57f9c7e3482965bd428192061218520756c39080b1d1820b679fa5e9af192?s=96&d=mm&r=g\",\"caption\":\"Reda\\u00e7\\u00e3o Abrelivros\"}}]}<\/script>\n<!-- \/ Yoast SEO plugin. -->","_links":{"self":[{"href":"https:\/\/abrelivros.org.br\/site\/wp-json\/wp\/v2\/posts\/14853","targetHints":{"allow":["GET"]}}],"collection":[{"href":"https:\/\/abrelivros.org.br\/site\/wp-json\/wp\/v2\/posts"}],"about":[{"href":"https:\/\/abrelivros.org.br\/site\/wp-json\/wp\/v2\/types\/post"}],"author":[{"embeddable":true,"href":"https:\/\/abrelivros.org.br\/site\/wp-json\/wp\/v2\/users\/4"}],"replies":[{"embeddable":true,"href":"https:\/\/abrelivros.org.br\/site\/wp-json\/wp\/v2\/comments?post=14853"}],"version-history":[{"count":1,"href":"https:\/\/abrelivros.org.br\/site\/wp-json\/wp\/v2\/posts\/14853\/revisions"}],"predecessor-version":[{"id":14854,"href":"https:\/\/abrelivros.org.br\/site\/wp-json\/wp\/v2\/posts\/14853\/revisions\/14854"}],"wp:attachment":[{"href":"https:\/\/abrelivros.org.br\/site\/wp-json\/wp\/v2\/media?parent=14853"}],"wp:term":[{"taxonomy":"category","embeddable":true,"href":"https:\/\/abrelivros.org.br\/site\/wp-json\/wp\/v2\/categories?post=14853"},{"taxonomy":"post_tag","embeddable":true,"href":"https:\/\/abrelivros.org.br\/site\/wp-json\/wp\/v2\/tags?post=14853"}],"curies":[{"name":"wp","href":"https:\/\/api.w.org\/{rel}","templated":true}]}}