{"id":14851,"date":"2021-09-03T13:01:02","date_gmt":"2021-09-03T16:01:02","guid":{"rendered":"https:\/\/abrelivros.org.br\/site\/?p=14851"},"modified":"2021-09-03T13:01:03","modified_gmt":"2021-09-03T16:01:03","slug":"olimpiada-de-matematica-abre-inscricoes-para-alunos-de-3o-e-4o-anos","status":"publish","type":"post","link":"https:\/\/abrelivros.org.br\/site\/olimpiada-de-matematica-abre-inscricoes-para-alunos-de-3o-e-4o-anos\/","title":{"rendered":"Olimp\u00edada de Matem\u00e1tica abre inscri\u00e7\u00f5es para alunos de 3\u00ba e 4\u00ba anos"},"content":{"rendered":"<p>Alunos do quarto e do quinto anos do ensino fundamental, que estejam regularmente matriculados em escolas p\u00fablicas municipais, estaduais e federais do pa\u00eds, podem se inscrever para a terceira edi\u00e7\u00e3o da Olimp\u00edada Brasileira de Matem\u00e1tica das Escolas P\u00fablicas N\u00edvel A (OBMEP N\u00edvel A).<!--more--> Estudantes de outras modalidades, como Educa\u00e7\u00e3o de Jovens e Adultos (EJA), conhecida popularmente como ensino supletivo, est\u00e3o aptos a participar, desde que sua s\u00e9rie escolar corresponda ao quarto ou quinto ano do ensino fundamental.<\/p>\n<p>As inscri\u00e7\u00f5es s\u00e3o gratuitas e se estender\u00e3o at\u00e9 o dia 29 deste m\u00eas, na <a href=\"http:\/\/www.obmep.org.br\/\" target=\"_blank\" rel=\"noopener noreferrer\">p\u00e1gina da OBMEP<\/a>. Elas devem ser feitas em nome das escolas, exclusivamente, pelas secretarias de Educa\u00e7\u00e3o municipais e estaduais e pelos representantes das escolas federais. O link foi enviado ontem (1\u00ba) por e-mail para todas as secretarias e representantes. D\u00favidas podem ser esclarecidas no e-mail nivela@obmep.org.br ou pelo telefone (21) 2529-5084.<\/p>\n<p><strong>Fase \u00fanica<\/strong><\/p>\n<p>A OBMEP N\u00edvel A \u00e9 uma prova de fase \u00fanica. Elaborado pelo Instituto de Matem\u00e1tica Pura e Aplicada (IMPA), o material de prova ser\u00e1 disponibilizado no site da Olimp\u00edada em 30 de setembro. Com 15 quest\u00f5es objetivas, a prova ser\u00e1 aplicada em 26 de outubro nas escolas inscritas de todo o Brasil. As quest\u00f5es envolvem caracter\u00edsticas de racioc\u00ednio l\u00f3gico e criatividade, j\u00e1 conhecidas da OBMEP, que \u00e9 uma competi\u00e7\u00e3o realizada desde 2005 pelo IMPA e destinada para alunos do sexto ano do ensino fundamental at\u00e9 o terceiro ano do ensino m\u00e9dio.<\/p>\n<p>Na OBMEP N\u00edvel A, as secretarias de Educa\u00e7\u00e3o e os representantes das escolas federais s\u00e3o os respons\u00e1veis pela impress\u00e3o do material de prova, pela log\u00edstica de aplica\u00e7\u00e3o e corre\u00e7\u00e3o das provas e, tamb\u00e9m, por qualquer eventual premia\u00e7\u00e3o que venham a definir. A divulga\u00e7\u00e3o do gabarito da prova no site da OBMEP est\u00e1 prevista para o dia 26 de novembro.<\/p>\n<p>Lan\u00e7ada em 2018, a OBMEP N\u00edvel A visa estimular o estudo da matem\u00e1tica e melhorar a qualidade da educa\u00e7\u00e3o b\u00e1sica. Organizada pelo IMPA, com apoio da Sociedade Brasileira de Matem\u00e1tica (SBM), do Minist\u00e9rio da Ci\u00eancia, Tecnologia e Inova\u00e7\u00f5es (MCTI) e do Minist\u00e9rio da Educa\u00e7\u00e3o (MEC), a competi\u00e7\u00e3o objetiva tamb\u00e9m difundir a cultura matem\u00e1tica, assim como identificar novos talentos e promover a inclus\u00e3o social a partir do conhecimento.<\/p>\n","protected":false},"excerpt":{"rendered":"<p>Alunos do quarto e do quinto anos do ensino fundamental, que estejam regularmente matriculados em escolas p\u00fablicas municipais, estaduais e federais do pa\u00eds, podem se inscrever para a terceira edi\u00e7\u00e3o da Olimp\u00edada Brasileira de Matem\u00e1tica das Escolas P\u00fablicas N\u00edvel A (OBMEP N\u00edvel A).<\/p>\n","protected":false},"author":4,"featured_media":0,"comment_status":"closed","ping_status":"closed","sticky":false,"template":"","format":"standard","meta":{"footnotes":"","_links_to":"","_links_to_target":""},"categories":[9],"tags":[],"class_list":["post-14851","post","type-post","status-publish","format-standard","hentry","category-noticias-da-imprensa"],"yoast_head":"<!-- This site is optimized with the Yoast SEO plugin v15.1 - https:\/\/yoast.com\/wordpress\/plugins\/seo\/ -->\n<title>Olimp\u00edada de Matem\u00e1tica abre inscri\u00e7\u00f5es para alunos de 3\u00ba e 4\u00ba anos &raquo; Abrelivros<\/title>\n<meta name=\"robots\" content=\"index, follow, max-snippet:-1, max-image-preview:large, max-video-preview:-1\" \/>\n<link rel=\"canonical\" href=\"https:\/\/abrelivros.org.br\/site\/olimpiada-de-matematica-abre-inscricoes-para-alunos-de-3o-e-4o-anos\/\" \/>\n<meta property=\"og:locale\" content=\"pt_BR\" \/>\n<meta property=\"og:type\" content=\"article\" \/>\n<meta property=\"og:title\" content=\"Olimp\u00edada de Matem\u00e1tica abre inscri\u00e7\u00f5es para alunos de 3\u00ba e 4\u00ba anos &raquo; Abrelivros\" \/>\n<meta property=\"og:description\" content=\"Alunos do quarto e do quinto anos do ensino fundamental, que estejam regularmente matriculados em escolas p\u00fablicas municipais, estaduais e federais do pa\u00eds, podem se inscrever para a terceira edi\u00e7\u00e3o da Olimp\u00edada Brasileira de Matem\u00e1tica das Escolas P\u00fablicas N\u00edvel A (OBMEP N\u00edvel A).\" \/>\n<meta property=\"og:url\" content=\"https:\/\/abrelivros.org.br\/site\/olimpiada-de-matematica-abre-inscricoes-para-alunos-de-3o-e-4o-anos\/\" \/>\n<meta property=\"og:site_name\" content=\"Abrelivros\" \/>\n<meta property=\"article:published_time\" content=\"2021-09-03T16:01:02+00:00\" \/>\n<meta property=\"article:modified_time\" content=\"2021-09-03T16:01:03+00:00\" \/>\n<meta name=\"twitter:card\" content=\"summary_large_image\" \/>\n<script type=\"application\/ld+json\" class=\"yoast-schema-graph\">{\"@context\":\"https:\/\/schema.org\",\"@graph\":[{\"@type\":\"WebSite\",\"@id\":\"https:\/\/abrelivros.org.br\/site\/#website\",\"url\":\"https:\/\/abrelivros.org.br\/site\/\",\"name\":\"Abrelivros\",\"description\":\"\",\"potentialAction\":[{\"@type\":\"SearchAction\",\"target\":\"https:\/\/abrelivros.org.br\/site\/?s={search_term_string}\",\"query-input\":\"required name=search_term_string\"}],\"inLanguage\":\"pt-BR\"},{\"@type\":\"WebPage\",\"@id\":\"https:\/\/abrelivros.org.br\/site\/olimpiada-de-matematica-abre-inscricoes-para-alunos-de-3o-e-4o-anos\/#webpage\",\"url\":\"https:\/\/abrelivros.org.br\/site\/olimpiada-de-matematica-abre-inscricoes-para-alunos-de-3o-e-4o-anos\/\",\"name\":\"Olimp\\u00edada de Matem\\u00e1tica abre inscri\\u00e7\\u00f5es para alunos de 3\\u00ba e 4\\u00ba anos &raquo; Abrelivros\",\"isPartOf\":{\"@id\":\"https:\/\/abrelivros.org.br\/site\/#website\"},\"datePublished\":\"2021-09-03T16:01:02+00:00\",\"dateModified\":\"2021-09-03T16:01:03+00:00\",\"author\":{\"@id\":\"https:\/\/abrelivros.org.br\/site\/#\/schema\/person\/65db80e26409802ce15ac5feec6a15fd\"},\"breadcrumb\":{\"@id\":\"https:\/\/abrelivros.org.br\/site\/olimpiada-de-matematica-abre-inscricoes-para-alunos-de-3o-e-4o-anos\/#breadcrumb\"},\"inLanguage\":\"pt-BR\",\"potentialAction\":[{\"@type\":\"ReadAction\",\"target\":[\"https:\/\/abrelivros.org.br\/site\/olimpiada-de-matematica-abre-inscricoes-para-alunos-de-3o-e-4o-anos\/\"]}]},{\"@type\":\"BreadcrumbList\",\"@id\":\"https:\/\/abrelivros.org.br\/site\/olimpiada-de-matematica-abre-inscricoes-para-alunos-de-3o-e-4o-anos\/#breadcrumb\",\"itemListElement\":[{\"@type\":\"ListItem\",\"position\":1,\"item\":{\"@type\":\"WebPage\",\"@id\":\"https:\/\/abrelivros.org.br\/site\/\",\"url\":\"https:\/\/abrelivros.org.br\/site\/\",\"name\":\"In\\u00edcio\"}},{\"@type\":\"ListItem\",\"position\":2,\"item\":{\"@type\":\"WebPage\",\"@id\":\"https:\/\/abrelivros.org.br\/site\/category\/noticias\/\",\"url\":\"https:\/\/abrelivros.org.br\/site\/category\/noticias\/\",\"name\":\"Not\\u00edcias\"}},{\"@type\":\"ListItem\",\"position\":3,\"item\":{\"@type\":\"WebPage\",\"@id\":\"https:\/\/abrelivros.org.br\/site\/category\/noticias\/noticias-da-imprensa\/\",\"url\":\"https:\/\/abrelivros.org.br\/site\/category\/noticias\/noticias-da-imprensa\/\",\"name\":\"Not\\u00edcias da imprensa\"}},{\"@type\":\"ListItem\",\"position\":4,\"item\":{\"@type\":\"WebPage\",\"@id\":\"https:\/\/abrelivros.org.br\/site\/olimpiada-de-matematica-abre-inscricoes-para-alunos-de-3o-e-4o-anos\/\",\"url\":\"https:\/\/abrelivros.org.br\/site\/olimpiada-de-matematica-abre-inscricoes-para-alunos-de-3o-e-4o-anos\/\",\"name\":\"Olimp\\u00edada de Matem\\u00e1tica abre inscri\\u00e7\\u00f5es para alunos de 3\\u00ba e 4\\u00ba anos\"}}]},{\"@type\":\"Person\",\"@id\":\"https:\/\/abrelivros.org.br\/site\/#\/schema\/person\/65db80e26409802ce15ac5feec6a15fd\",\"name\":\"Reda\\u00e7\\u00e3o Abrelivros\",\"image\":{\"@type\":\"ImageObject\",\"@id\":\"https:\/\/abrelivros.org.br\/site\/#personlogo\",\"inLanguage\":\"pt-BR\",\"url\":\"https:\/\/secure.gravatar.com\/avatar\/c4e57f9c7e3482965bd428192061218520756c39080b1d1820b679fa5e9af192?s=96&d=mm&r=g\",\"caption\":\"Reda\\u00e7\\u00e3o Abrelivros\"}}]}<\/script>\n<!-- \/ Yoast SEO plugin. -->","_links":{"self":[{"href":"https:\/\/abrelivros.org.br\/site\/wp-json\/wp\/v2\/posts\/14851","targetHints":{"allow":["GET"]}}],"collection":[{"href":"https:\/\/abrelivros.org.br\/site\/wp-json\/wp\/v2\/posts"}],"about":[{"href":"https:\/\/abrelivros.org.br\/site\/wp-json\/wp\/v2\/types\/post"}],"author":[{"embeddable":true,"href":"https:\/\/abrelivros.org.br\/site\/wp-json\/wp\/v2\/users\/4"}],"replies":[{"embeddable":true,"href":"https:\/\/abrelivros.org.br\/site\/wp-json\/wp\/v2\/comments?post=14851"}],"version-history":[{"count":1,"href":"https:\/\/abrelivros.org.br\/site\/wp-json\/wp\/v2\/posts\/14851\/revisions"}],"predecessor-version":[{"id":14852,"href":"https:\/\/abrelivros.org.br\/site\/wp-json\/wp\/v2\/posts\/14851\/revisions\/14852"}],"wp:attachment":[{"href":"https:\/\/abrelivros.org.br\/site\/wp-json\/wp\/v2\/media?parent=14851"}],"wp:term":[{"taxonomy":"category","embeddable":true,"href":"https:\/\/abrelivros.org.br\/site\/wp-json\/wp\/v2\/categories?post=14851"},{"taxonomy":"post_tag","embeddable":true,"href":"https:\/\/abrelivros.org.br\/site\/wp-json\/wp\/v2\/tags?post=14851"}],"curies":[{"name":"wp","href":"https:\/\/api.w.org\/{rel}","templated":true}]}}